{"id":132830,"date":"2013-03-26T11:05:58","date_gmt":"2013-03-26T09:05:58","guid":{"rendered":"http:\/\/www.nationalturk.com\/?p=132830"},"modified":"2013-03-26T11:05:58","modified_gmt":"2013-03-26T09:05:58","slug":"irandaki-secime-abdden-aday-cikti-132830","status":"publish","type":"post","link":"https:\/\/www.nationalturk.com\/tr\/irandaki-secime-abdden-aday-cikti-132830\/","title":{"rendered":"\u0130ran&#8217;daki se\u00e7ime ABD&#8217;den aday \u00e7\u0131kt\u0131!"},"content":{"rendered":"<h1><img loading=\"lazy\" decoding=\"async\" class=\"alignleft size-medium wp-image-132831\" alt=\"\" src=\"http:\/\/www.nationalturk.com\/tr\/wp-content\/uploads\/2013\/03\/amir_ahmedi-e1364288694927-280x213.jpg\" width=\"280\" height=\"213\" title=\"\" srcset=\"https:\/\/www.nationalturk.com\/tr\/wp-content\/uploads\/2013\/03\/amir_ahmedi-e1364288694927-280x213.jpg 280w, https:\/\/www.nationalturk.com\/tr\/wp-content\/uploads\/2013\/03\/amir_ahmedi-e1364288694927.jpg 465w\" sizes=\"auto, (max-width: 280px) 100vw, 280px\" \/>\u0130ran&#8217;da 14 Haziran 2013&#8217;te yap\u0131lacak cumhurba\u015fkanl\u0131\u011f\u0131 se\u00e7imine ABD&#8217;den de aday \u00e7\u0131kt\u0131. 40 y\u0131ld\u0131r ABD&#8217;de ya\u015fayan Prof. Hi\u015fam Amr Ahmed cumhurba\u015fkanl\u0131\u011f\u0131na adayl\u0131\u011f\u0131n\u0131 koydu\u011funu a\u00e7\u0131klad\u0131.<\/h1>\n<p>Temel amac\u0131n\u0131n ABD ile \u0130ran aras\u0131ndaki ili\u015fkileri normale d\u00f6nd\u00fcrmek oldu\u011funa i\u015faret eden Ahmed, \u0130ran ile Bat\u0131 d\u00fcnyas\u0131 aras\u0131ndaki sorunlar\u0131n diplomasi ve g\u00fcven tesisi ile a\u015f\u0131labilece\u011fine inand\u0131\u011f\u0131n\u0131 s\u00f6yledi.<\/p>\n<p>Kampanyas\u0131n\u0131 &#8220;http:\/\/www.amirahmadi.com\/&#8221; sitesinden tan\u0131tan Ahmed, cumhurba\u015fkan\u0131 se\u00e7ilmesi durumunda \u0130ran&#8217;da insan haklar\u0131 ve vatanda\u015fl\u0131k haklar\u0131n\u0131n tan\u0131nmas\u0131 i\u00e7in b\u00fcy\u00fck m\u00fccadele veren kad\u0131nlar\u0131n sorunlar\u0131 ile u\u011fra\u015fmak \u00fczere bir bakanl\u0131k kuraca\u011f\u0131n\u0131 s\u00f6zlerine ekledi.<\/p>\n<p>Rutgers \u00dcniversitesi&#8217;nde 30 y\u0131ld\u0131r \u00f6\u011fretim \u00fcyesi olarak g\u00f6rev yapan ve ABD-\u0130ran ili\u015fkileriyle ilgili ders veren Ahmed, ayn\u0131 zamanda Amerikan-\u0130ran Konseyi&#8217;nin ba\u015fkanl\u0131\u011f\u0131n\u0131 y\u00fcr\u00fct\u00fcyor.<\/p>\n<!-- Error, Advert is not available at this time due to schedule\/geolocation restrictions! -->\n","protected":false},"excerpt":{"rendered":"<p>\u0130ran&#8217;da 14 Haziran 2013&#8217;te yap\u0131lacak cumhurba\u015fkanl\u0131\u011f\u0131 se\u00e7imine ABD&#8217;den de aday \u00e7\u0131kt\u0131. 40 y\u0131ld\u0131r ABD&#8217;de ya\u015fayan Prof. Hi\u015fam Amr Ahmed cumhurba\u015fkanl\u0131\u011f\u0131na adayl\u0131\u011f\u0131n\u0131 koydu\u011funu a\u00e7\u0131klad\u0131.<\/p>\n","protected":false},"author":4,"featured_media":179825,"comment_status":"open","ping_status":"open","sticky":false,"template":"","format":"standard","meta":{"_acf_changed":false,"footnotes":""},"categories":[6768,6769,6665,6155,6772,6202],"tags":[1887,1981,126237,126239],"class_list":["post-132830","post","type-post","status-publish","format-standard","has-post-thumbnail","hentry","category-amerika","category-asya","category-dunya","category-gundem","category-ortadogu","category-politika","tag-abd","tag-iran","tag-iran-secim","tag-iran-secimleri"],"acf":[],"_links":{"self":[{"href":"https:\/\/www.nationalturk.com\/tr\/wp-json\/wp\/v2\/posts\/132830","targetHints":{"allow":["GET"]}}],"collection":[{"href":"https:\/\/www.nationalturk.com\/tr\/wp-json\/wp\/v2\/posts"}],"about":[{"href":"https:\/\/www.nationalturk.com\/tr\/wp-json\/wp\/v2\/types\/post"}],"author":[{"embeddable":true,"href":"https:\/\/www.nationalturk.com\/tr\/wp-json\/wp\/v2\/users\/4"}],"replies":[{"embeddable":true,"href":"https:\/\/www.nationalturk.com\/tr\/wp-json\/wp\/v2\/comments?post=132830"}],"version-history":[{"count":0,"href":"https:\/\/www.nationalturk.com\/tr\/wp-json\/wp\/v2\/posts\/132830\/revisions"}],"wp:featuredmedia":[{"embeddable":true,"href":"https:\/\/www.nationalturk.com\/tr\/wp-json\/wp\/v2\/media\/179825"}],"wp:attachment":[{"href":"https:\/\/www.nationalturk.com\/tr\/wp-json\/wp\/v2\/media?parent=132830"}],"wp:term":[{"taxonomy":"category","embeddable":true,"href":"https:\/\/www.nationalturk.com\/tr\/wp-json\/wp\/v2\/categories?post=132830"},{"taxonomy":"post_tag","embeddable":true,"href":"https:\/\/www.nationalturk.com\/tr\/wp-json\/wp\/v2\/tags?post=132830"}],"curies":[{"name":"wp","href":"https:\/\/api.w.org\/{rel}","templated":true}]}}