{"id":132883,"date":"2013-03-26T17:30:22","date_gmt":"2013-03-26T15:30:22","guid":{"rendered":"http:\/\/www.nationalturk.com\/?p=132883"},"modified":"2013-03-26T17:32:07","modified_gmt":"2013-03-26T15:32:07","slug":"er-sevag-davasinda-karar-belli-oldu-son-dakika-132883","status":"publish","type":"post","link":"https:\/\/www.nationalturk.com\/tr\/er-sevag-davasinda-karar-belli-oldu-son-dakika-132883\/","title":{"rendered":"Er Sevag davas\u0131nda karar belli oldu \/ Son Dakika"},"content":{"rendered":"<h1><img loading=\"lazy\" decoding=\"async\" class=\"alignleft size-medium wp-image-132884\" alt=\"Sevag\" src=\"http:\/\/www.nationalturk.com\/tr\/wp-content\/uploads\/2013\/03\/sevag_olumu-280x160.jpg\" width=\"280\" height=\"160\" title=\"\" srcset=\"https:\/\/www.nationalturk.com\/tr\/wp-content\/uploads\/2013\/03\/sevag_olumu-280x160.jpg 280w, https:\/\/www.nationalturk.com\/tr\/wp-content\/uploads\/2013\/03\/sevag_olumu.jpg 475w\" sizes=\"auto, (max-width: 280px) 100vw, 280px\" \/>Batman&#8217;da askerlik g\u00f6revini yaparken arkada\u015f\u0131n\u0131n kur\u015funuyla hayat\u0131n\u0131 kaybeden er Sevag \u015eahin Bal\u0131k\u00e7\u0131 davas\u0131nda karar \u00e7\u0131kt\u0131. Sevag&#8217;\u0131n silah arkada\u015f\u0131 K\u0131van\u00e7 A\u011fao\u011flu 4.5 y\u0131l hapse mahkum oldu. \/ Son Dakika&#8230;<\/h1>\n<p>Batman&#8217;da vatani g\u00f6revini yaparken arkada\u015f\u0131n\u0131n silah\u0131ndan \u00e7\u0131kan kur\u015funla hayat\u0131n\u0131 kaybeden er Sevag \u015eahin Bal\u0131k\u00e7\u0131 ile ilgili davada karar a\u00e7\u0131kland\u0131. K\u0131van\u00e7 A\u011fao\u011flu, 4.5 y\u0131l hapis cezas\u0131na \u00e7arpt\u0131r\u0131ld\u0131.<\/p>\n<p>Savc\u0131, asker arkada\u015f\u0131n\u0131 \u00f6ld\u00fcrmekle su\u00e7lanan K\u0131van\u00e7 A\u011fao\u011flu i\u00e7in &#8220;taksirle adam \u00f6ld\u00fcrmek&#8221; su\u00e7undan 2 ila 6 y\u0131l, Karakol Komutan\u0131 Sadrettin Ers\u00f6z i\u00e7in de &#8220;g\u00f6revi k\u00f6t\u00fcye kullanmaktan&#8221; 6 ay ila 2 y\u0131l hapis cezas\u0131 istemi\u015fti.<\/p>\n<p>Astsubay Sadrettin Ers\u00f6z\u2019e g\u00f6revi ihmalden verilen 5 ay hapis cezas\u0131 ertelendi.<\/p>\n<!-- Error, Advert is not available at this time due to schedule\/geolocation restrictions! -->\n","protected":false},"excerpt":{"rendered":"<p>Batman&#8217;da askerlik g\u00f6revini yaparken arkada\u015f\u0131n\u0131n kur\u015funuyla hayat\u0131n\u0131 kaybeden er Sevag \u015eahin Bal\u0131k\u00e7\u0131 davas\u0131nda karar \u00e7\u0131kt\u0131. Sevag&#8217;\u0131n silah arkada\u015f\u0131 K\u0131van\u00e7 A\u011fao\u011flu 4.5 y\u0131l hapse mahkum oldu. \/ Son Dakika&#8230;<\/p>\n","protected":false},"author":4,"featured_media":179814,"comment_status":"open","ping_status":"open","sticky":false,"template":"","format":"standard","meta":{"_acf_changed":false,"footnotes":""},"categories":[6155,5005,349,6805],"tags":[882,1470],"class_list":["post-132883","post","type-post","status-publish","format-standard","has-post-thumbnail","hentry","category-gundem","category-manset","category-son-dakika","category-turkiye","tag-batman","tag-diyarbakir"],"acf":[],"_links":{"self":[{"href":"https:\/\/www.nationalturk.com\/tr\/wp-json\/wp\/v2\/posts\/132883","targetHints":{"allow":["GET"]}}],"collection":[{"href":"https:\/\/www.nationalturk.com\/tr\/wp-json\/wp\/v2\/posts"}],"about":[{"href":"https:\/\/www.nationalturk.com\/tr\/wp-json\/wp\/v2\/types\/post"}],"author":[{"embeddable":true,"href":"https:\/\/www.nationalturk.com\/tr\/wp-json\/wp\/v2\/users\/4"}],"replies":[{"embeddable":true,"href":"https:\/\/www.nationalturk.com\/tr\/wp-json\/wp\/v2\/comments?post=132883"}],"version-history":[{"count":0,"href":"https:\/\/www.nationalturk.com\/tr\/wp-json\/wp\/v2\/posts\/132883\/revisions"}],"wp:featuredmedia":[{"embeddable":true,"href":"https:\/\/www.nationalturk.com\/tr\/wp-json\/wp\/v2\/media\/179814"}],"wp:attachment":[{"href":"https:\/\/www.nationalturk.com\/tr\/wp-json\/wp\/v2\/media?parent=132883"}],"wp:term":[{"taxonomy":"category","embeddable":true,"href":"https:\/\/www.nationalturk.com\/tr\/wp-json\/wp\/v2\/categories?post=132883"},{"taxonomy":"post_tag","embeddable":true,"href":"https:\/\/www.nationalturk.com\/tr\/wp-json\/wp\/v2\/tags?post=132883"}],"curies":[{"name":"wp","href":"https:\/\/api.w.org\/{rel}","templated":true}]}}