{"id":133363,"date":"2013-04-02T16:03:06","date_gmt":"2013-04-02T13:03:06","guid":{"rendered":"http:\/\/www.nationalturk.com\/?p=133363"},"modified":"2013-04-02T16:16:07","modified_gmt":"2013-04-02T13:16:07","slug":"kilicdaroglu-imar-degisiklikleriyle-yandaslara-100-milyar-dolar-kazandirildi-133363","status":"publish","type":"post","link":"https:\/\/www.nationalturk.com\/tr\/kilicdaroglu-imar-degisiklikleriyle-yandaslara-100-milyar-dolar-kazandirildi-133363\/","title":{"rendered":"K\u0131l\u0131\u00e7daro\u011flu: \u0130mar de\u011fi\u015fiklikleriyle yanda\u015flara 100 milyar dolar kazand\u0131r\u0131ld\u0131"},"content":{"rendered":"<h1><img loading=\"lazy\" decoding=\"async\" class=\"alignnone size-full wp-image-133364\" alt=\"Kemal K\u0131l\u0131\u00e7daro\u011flu\" src=\"http:\/\/www.nationalturk.com\/tr\/wp-content\/uploads\/2013\/04\/kilicdaroglu_grup_konusmasi_3832222.jpg\" width=\"610\" height=\"375\" title=\"\"><\/h1>\n<h1>CHP Genel Ba\u015fkan\u0131 Kemal K\u0131l\u0131\u00e7daro\u011flu imar rant\u0131 nedeniyle \u0130stanbul&#8217;un ya\u011fmaland\u0131\u011f\u0131n\u0131, imar de\u011fi\u015fiklikleriyle AKP&#8217;nin yanda\u015flar\u0131na 100 milyar dolarl\u0131k kazan\u00e7 sa\u011flad\u0131\u011f\u0131n\u0131 iddia etti.<\/h1>\n<p>Partisinin TBMM&#8217;deki grup toplant\u0131s\u0131nda konu\u015fan CHP lideri Kemal K\u0131l\u0131\u00e7daro\u011flu, filmlerde, romanlarda bazen \u00e7ift ki\u015filikli insanlar\u0131n konu al\u0131nd\u0131\u011f\u0131n\u0131, bu insanlar\u0131n bedenlerinde iki farkl\u0131 ruh oldu\u011funu belirterek, &#8221;(Bizde \u00e7ift ki\u015filikli siyaset\u00e7i var m\u0131-) diye sorarsan\u0131z, ben &#8216;vard\u0131r&#8217; derim&#8221; dedi.<\/p>\n<p><a href=\"http:\/\/www.nationalturk.com\/besiktas-belediyesi-rant-iddiasiyla-calkalaniyor-chp-genel-merkezine-rapor-sunuldu-127180\" target=\"_blank\"><strong>BU \u0130MAR RANTI \u0130DD\u0130ASI DA CHP&#8217;L\u0130 BELED\u0130YEDE \/ HABER \u0130\u00c7\u0130N TIKLAYIN<\/strong><\/a><\/p>\n<p>Ba\u015fbakan Recep Tayyip Erdro\u011fan&#8217;\u0131n, Yerel Y\u00f6netimler Sempozyumu&#8217;nda bir konu\u015fma yapt\u0131\u011f\u0131n\u0131 ifade eden K\u0131l\u0131\u00e7daro\u011flu, bu konu\u015fmadan baz\u0131 \u00f6rnekler verdi. Erdo\u011fan&#8217;\u0131n kentler i\u00e7in, &#8221;Bizim neslimiz maalesef ald\u0131\u011f\u0131 miras\u0131 ileriye ta\u015f\u0131yamad\u0131. Adata ihanet etti&#8221; dedi\u011fini, bu ifadeye kat\u0131ld\u0131klar\u0131n\u0131 belirten K\u0131l\u0131\u00e7daro\u011flu, \u015funlar\u0131 kaydetti:<\/p>\n<p>&#8221;Devam ediyor Say\u0131n Erdo\u011fan: &#8216;Bizim metropollerimiz vard\u0131 ama o metropoller, beceriksiz ve estetik d\u00fcnyas\u0131 olmayan ellerde adeta \u00f6l\u00fc \u015fehirlere d\u00f6n\u00fc\u015ft\u00fc. Eskiden ye\u015filin i\u00e7ine ye\u015file uyumlu yap\u0131lar in\u015fa edilirken \u015fimdi art\u0131k saks\u0131larda \u00e7i\u00e7ek yeti\u015ftiriliyor.&#8217; Do\u011fru diyor. Alt\u0131na imza atar\u0131z. Hangi ellerde oldu\u011funun da cevab\u0131n\u0131 veriyor: &#8216;Beceriksiz ve estetik ruhu olmayan ellerde&#8217; diyor. &#8216;Ben y\u00fcksek binalar in\u015fa etmeyi maharet kabul etmiyorum.&#8217; diyor.<\/p>\n<p><a href=\"http:\/\/www.nationalturk.com\/ismail-unali-zora-sokacak-belgeler-127444\" target=\"_blank\"><strong>L\u00dcKS S\u0130TEDE DA\u0130RES\u0130 OLAN BELED\u0130YE BA\u015eKANI! \/ HABER \u0130\u00c7\u0130N TIKLAYIN<\/strong><\/a><\/p>\n<p>\u015eunu s\u00f6ylemekten kendimi alam\u0131yorum. Say\u0131n Erdo\u011fan&#8217;\u0131 fena i\u015fletmi\u015fler. \u00c7\u00fcnk\u00fc bu metin onun konu\u015faca\u011f\u0131 metin de\u011fil, kendisini anlat\u0131yor asl\u0131nda. Kentleri bu hale getiren kim, biz miyiz- Hay\u0131r. O belediye ba\u015fkanlar\u0131, bizim belediye ba\u015fkanlar\u0131m\u0131z m\u0131- Hay\u0131r. G\u00fczel bir metin bulmu\u015flar, malum camdan okuyor, oradan okuyup kendisini anlat\u0131yor ama fark\u0131nda de\u011fil.&#8221;<\/p>\n<p>\u0130stanbul&#8217;da y\u0131k\u0131lan tarihi eserlerden, foto\u011fraflarla \u00f6rnek veren K\u0131l\u0131\u00e7daro\u011flu, tarihi Acemo\u011flu Hamam\u0131&#8217;n\u0131n yerine otel yap\u0131ld\u0131\u011f\u0131n\u0131 s\u00f6yledi. K\u0131l\u0131\u00e7daro\u011flu, Kaptan-\u0131 Derya Halil Pa\u015fa Camisi&#8217;nin de y\u0131k\u0131ld\u0131\u011f\u0131n\u0131 yerine muhallebici yap\u0131ld\u0131\u011f\u0131n\u0131 belirtti. Kemal K\u0131l\u0131\u00e7daro\u011flu, &#8221;Hani tarihe ihanet etmeyecektik, sayg\u0131 g\u00f6sterecektik- E\u011fer kenti seviyorsan\u0131z \u00f6nce kentli olacaks\u0131n ve kente sayg\u0131 g\u00f6stereceksiniz. Estetik kayg\u0131lardan s\u00f6z ediyorsan\u0131z gere\u011fini yerine getireceksiniz. Bunu yapmay\u0131p, laf olarak konu\u015fuyorsan\u0131z inand\u0131r\u0131c\u0131 olamazs\u0131n\u0131z. Ne demi\u015ftim: Yalanc\u0131dan Ba\u015fbakan olmaz&#8221; diye konu\u015ftu.<br \/>\nSultan Ahmet Camisi&#8217;nin foto\u011fraf\u0131n\u0131 da g\u00f6steren K\u0131l\u0131\u00e7daro\u011flu, siluetin bozuldu\u011funu, minarelerin arkas\u0131nda binalar\u0131n y\u00fckseldi\u011fini s\u00f6yledi.<\/p>\n<p>Kemal K\u0131l\u0131\u00e7daro\u011flu, \u0130stanbul&#8217;da ye\u015fil alanlar\u0131n b\u00fcy\u00fck k\u0131sm\u0131n\u0131n mezarl\u0131klarda oldu\u011funu belirterek, &#8216;\u00c7ok \u015f\u00fck\u00fcr oralarda bina yapm\u0131yorlar ama g\u00f6z dikmi\u015fler. Korkuyorlar, CHP gelip m\u00fcdahale eder diye&#8221; dedi.<\/p>\n<p>\u0130stanbul&#8217;un \u00c7aml\u0131ca Tepesi&#8217;nde \u00f6nce Ba\u015fbakan Erdo\u011fan&#8217;\u0131n kendisine villa yapt\u0131rd\u0131\u011f\u0131n\u0131 ve etraf\u0131n\u0131 duvarlarla \u00f6rd\u00fcrd\u00fc\u011f\u00fcn\u00fc belirten K\u0131l\u0131\u00e7daro\u011flu, &#8221;Sen Ba\u015fbakan olarak o ye\u015fil alan\u0131 korumazsan, senin s\u00f6yledi\u011fin s\u00f6zler neye yarar-&#8216; diye konu\u015ftu.<br \/>\nK\u0131l\u0131\u00e7daro\u011flu, \u015f\u00f6yle devam etti:<\/p>\n<p>&#8221;Belki Say\u0131n Ba\u015fbakan, &#8216;Ge\u00e7mi\u015fte hata yapt\u0131k, bundan sonra d\u00fczeltece\u011fiz&#8217; der. E\u011fer d\u00fczeltecekse CHP Genel Ba\u015fkan\u0131 olarak s\u00f6z veriyorum; \u0130stanbul&#8217;da tarihe, ye\u015file, do\u011faya sayg\u0131n\u0131n gere\u011fi olarak ataca\u011f\u0131n her ad\u0131m\u0131 hi\u00e7bir ko\u015ful aramadan destekleyece\u011fiz.<\/p>\n<p>\u0130stanbul nas\u0131l ya\u011fmaland\u0131- 2009-2013 y\u0131llar\u0131 aras\u0131nda B\u00fcy\u00fck\u015fehir Belediyesi \u0130mar Komisyonu&#8217;na gelen dosya say\u0131s\u0131 9 bin 957. G\u00fcndem say\u0131s\u0131 11 bin 229. Mevcut planlarda de\u011fi\u015fiklik yapmak \u00fczere geliyorlar. &#8216;Daha fazla kat nas\u0131l elde ederiz-&#8216; diye. Ba\u015fbakan&#8217;a \u00e7a\u011fr\u0131 yap\u0131yorum: Gel plan de\u011fi\u015fikli\u011fi i\u00e7eren bu dosyalar\u0131n tamam\u0131n\u0131 geri \u00e7ekelim.<\/p>\n<p>Sultan Ahmet Camisi&#8217;ne yap\u0131lan o olumsuz davran\u0131\u015f\u0131 d\u00fczeltelim ve caminin minareleri b\u00fct\u00fcn g\u00f6rkemiyle ortaya \u00e7\u0131ks\u0131n.<br \/>\n\u0130stanbul&#8217;da imar de\u011fi\u015fiklikleri dolay\u0131s\u0131yla yanda\u015flara sa\u011flanan imkan 100 milyar dolar. Ger\u00e7ek tabloyu ortaya \u00e7\u0131karmak, hangi yanda\u015flara bu avantaj\u0131n sa\u011fland\u0131\u011f\u0131n\u0131 ortaya \u00e7\u0131karmak i\u00e7in TBMM&#8217;ye ara\u015ft\u0131rma \u00f6nergesi verece\u011fiz. Siz de destekleyin, ara\u015ft\u0131ral\u0131m.<\/p>\n<p>Ayamama Deresi&#8230; 35 yurtta\u015f\u0131m\u0131z hayat\u0131n\u0131 yitirmi\u015fti. Say\u0131n Erdo\u011fan, &#8216;Derenin etraf\u0131ndaki binalar\u0131 y\u0131kt\u0131raca\u011f\u0131z&#8217; dedi. Say\u0131n Erdo\u011fan, Ayamama Deresi etraf\u0131ndan usuls\u00fcz dedi\u011fin binalardan birini y\u0131kt\u0131n m\u0131- Hi\u00e7birini y\u0131kmad\u0131, yeni binalar yapt\u0131. O 35 yurtta\u015f\u0131m\u0131z\u0131n g\u00fcnah\u0131 kimin boynuna-&#8221;<\/p>\n<p>K\u0131l\u0131\u00e7daro\u011flu, on binlerce ki\u015finin hayat\u0131n\u0131 kaybetti\u011fi Marmara Depremi&#8217;nin ard\u0131ndan d\u00f6nemin Ba\u015fbakan\u0131 B\u00fclent Ecevit&#8217;in, olas\u0131 bir depremde \u00e7ad\u0131r kentlerin kurulmas\u0131 i\u00e7in 400 b\u00fcy\u00fck arsa tahsis eti\u011fini an\u0131msatarak, &#8221;Say\u0131n Erdo\u011fan&#8217;a soruyorum: Bu arsalardan ka\u00e7\u0131 elimizde kald\u0131 acaba- Ne yapt\u0131n\u0131z bu arsalar\u0131- Yar\u0131n \u0130stanbul&#8217;da deprem olsa bu insanlar nerede toplanacak-&#8216; diye konu\u015ftu.<\/p>\n<p>\u0130stanbul&#8217;un nas\u0131l ya\u011fmaland\u0131\u011f\u0131n\u0131, \u00f6rneklerle anlatabilece\u011fini belirten K\u0131l\u0131\u00e7daro\u011flu, \u015f\u00f6yle devam etti:<\/p>\n<p>&#8221;Me\u015fhur bir m\u00fcteahhidimiz var. Gazetelerde boy boy foto\u011fraf\u0131n\u0131 g\u00f6r\u00fcrs\u00fcn\u00fcz. Bak\u0131rk\u00f6y&#8217;de bir arazi var, in\u015faat alan\u0131 64 bin metrekare. Ama &#8216;Bu bana yetmez&#8217; diyor ve 190 bin metrekareye \u00e7\u0131karmak istiyor. \u0130stanbul B\u00fcy\u00fck\u015fehir Belediyesi oy birli\u011fiyle bu iste\u011fi reddediyor. Ayn\u0131 vatanda\u015f \u00c7evre ve \u015eehircilik Bakanl\u0131\u011f\u0131&#8217;na gidiyor, buradan onay al\u0131yor. Say\u0131n Erdo\u011fan, &#8216;ye\u015fil&#8217; diyorsun, &#8216;y\u00fcksek binalar yapmay\u0131n&#8217; diyorsun. Bu izni veren senin bakan\u0131n. Sen bu bakan\u0131 \u0130stanbul&#8217;u sevdi\u011fin i\u00e7in g\u00f6revden alacak m\u0131s\u0131n-<\/p>\n<p>Esenyurt&#8217;ta, Belediye Ba\u015fkan\u0131 kendi kendine plan yap\u0131yor, B\u00fcy\u00fck\u015fehir&#8217;e g\u00f6nderiyor. B\u00fcy\u00fck\u015fehir &#8216;olmaz&#8217; diyor. O da &#8216;Arkamda kap\u0131 gibi Recep Tayyip Erdo\u011fan var&#8217; diyor. Yap\u0131yor plan\u0131n\u0131. Yasalara ayk\u0131r\u0131 in\u015faat ruhsat\u0131 veriyor.<br \/>\nBir firman\u0131n sahip oldu\u011fu arsan\u0131n in\u015faat alan\u0131 yasalara g\u00f6re 134 bin 327 metrekare. Belediye ise 366 bin metrekare ruhsat vermi\u015f. Emsal 9,32. \u0130nsan da insaf, ahlak, Allah korkusu olur.<\/p>\n<p>Ba\u015fka bir firma. \u0130n\u015faat alan\u0131 12 bin metrekare. Verdikleri ruhsat 39 bin metrekare. Emsal 10,63. Ba\u015fka firma, in\u015faat alan\u0131 10 bin metrekare. Kendisine verilen ruhsat, 49 bin metrekare. Emsal 11,41.<\/p>\n<p>Di\u011fer bir firma. Ruhsat\u0131 34 bin metrekare ama 141 bin metrekarelik in\u015faat ruhsat\u0131 verilmi\u015f. Emsal y\u00fczde 12,38. Samimi s\u00f6yl\u00fcyorum. Bunu yapanda Allah korkusu yok.&#8221;<\/p>\n<!-- Error, Advert is not available at this time due to schedule\/geolocation restrictions! -->\n","protected":false},"excerpt":{"rendered":"<p>CHP Genel Ba\u015fkan\u0131 Kemal K\u0131l\u0131\u00e7daro\u011flu imar rant\u0131 nedeniyle \u0130stanbul&#8217;un ya\u011fmaland\u0131\u011f\u0131n\u0131, imar de\u011fi\u015fiklikleriyle AKP&#8217;nin yanda\u015flar\u0131na 100 milyar dolarl\u0131k kazan\u00e7 sa\u011flad\u0131\u011f\u0131n\u0131 iddia etti.<\/p>\n","protected":false},"author":4,"featured_media":133364,"comment_status":"open","ping_status":"open","sticky":false,"template":"","format":"standard","meta":{"_acf_changed":false,"footnotes":""},"categories":[6155,5005,6202,349,6805],"tags":[3888,8723,10933,41520,5115,61539],"class_list":["post-133363","post","type-post","status-publish","format-standard","has-post-thumbnail","hentry","category-gundem","category-manset","category-politika","category-son-dakika","category-turkiye","tag-basbakan-erdogan","tag-chp","tag-chp-grup-toplantisi","tag-ibb","tag-kemal-kilicdaroglu","tag-kemal-kilicdaroglu-grup-konusmasi"],"acf":[],"_links":{"self":[{"href":"https:\/\/www.nationalturk.com\/tr\/wp-json\/wp\/v2\/posts\/133363","targetHints":{"allow":["GET"]}}],"collection":[{"href":"https:\/\/www.nationalturk.com\/tr\/wp-json\/wp\/v2\/posts"}],"about":[{"href":"https:\/\/www.nationalturk.com\/tr\/wp-json\/wp\/v2\/types\/post"}],"author":[{"embeddable":true,"href":"https:\/\/www.nationalturk.com\/tr\/wp-json\/wp\/v2\/users\/4"}],"replies":[{"embeddable":true,"href":"https:\/\/www.nationalturk.com\/tr\/wp-json\/wp\/v2\/comments?post=133363"}],"version-history":[{"count":0,"href":"https:\/\/www.nationalturk.com\/tr\/wp-json\/wp\/v2\/posts\/133363\/revisions"}],"wp:featuredmedia":[{"embeddable":true,"href":"https:\/\/www.nationalturk.com\/tr\/wp-json\/wp\/v2\/media\/133364"}],"wp:attachment":[{"href":"https:\/\/www.nationalturk.com\/tr\/wp-json\/wp\/v2\/media?parent=133363"}],"wp:term":[{"taxonomy":"category","embeddable":true,"href":"https:\/\/www.nationalturk.com\/tr\/wp-json\/wp\/v2\/categories?post=133363"},{"taxonomy":"post_tag","embeddable":true,"href":"https:\/\/www.nationalturk.com\/tr\/wp-json\/wp\/v2\/tags?post=133363"}],"curies":[{"name":"wp","href":"https:\/\/api.w.org\/{rel}","templated":true}]}}