{"id":133497,"date":"2013-04-03T15:55:39","date_gmt":"2013-04-03T12:55:39","guid":{"rendered":"http:\/\/www.nationalturk.com\/?p=133497"},"modified":"2013-04-03T15:55:39","modified_gmt":"2013-04-03T12:55:39","slug":"nigar-uluerer-cenaze-toreni-133497","status":"publish","type":"post","link":"https:\/\/www.nationalturk.com\/tr\/nigar-uluerer-cenaze-toreni-133497\/","title":{"rendered":"Nigar Uluerer Bodrum&#8217;da topra\u011fa verildi"},"content":{"rendered":"<h1><img loading=\"lazy\" decoding=\"async\" class=\"alignnone size-full wp-image-133508\" alt=\"Nigar Uluerer cenaze t\u00f6reni\" src=\"http:\/\/www.nationalturk.com\/tr\/wp-content\/uploads\/2013\/04\/nigar_uluerer_cenaze.jpg\" width=\"610\" height=\"372\" title=\"\"><\/h1>\n<h1>Bodrum&#8217;da ya\u015fam\u0131n\u0131 yitiren T\u00fcrk Sanat M\u00fczi\u011fi sanat\u00e7\u0131s\u0131 Nigar Uluerer d\u00fczenlenen cenaze t\u00f6reni sonras\u0131 topra\u011fa verildi.<\/h1>\n<p>87 ya\u015f\u0131nda hayat\u0131n\u0131 kaybeden Nigar\u00a0Uluerer i\u00e7in Bodrum Belediye Meydan\u0131&#8217;ndaki Adliye Camisi&#8217;nde cenaze t\u00f6reni d\u00fczenlendi. T\u00f6rene Nigar Uluerer&#8217;in ailesi ile Bodrum Belediye Ba\u015fkan\u0131 Mehmet Kocadon, sanat\u00e7\u0131 arkada\u015flar\u0131 ve vatanda\u015flar kat\u0131ld\u0131.<\/p>\n<p>Bodrum Belediye Ba\u015fkan\u0131 Mehmet Kocadon, &#8220;Nigar han\u0131m bende \u00e7ok farkl\u0131 yeri olan bir b\u00fcy\u00fc\u011f\u00fcmd\u00fc. Kendisini annem gibi seviyordum. Her zaman yan\u0131m\u0131zda olmu\u015ftu. Son zamanlarda hayvan severlere vermi\u015f oldu\u011fu g\u00f6n\u00fcll\u00fc destek, onlar\u0131 sahiplenmesi \u00e7ok g\u00fczeldi. Bir zamanlar T\u00fcrkiye&#8217;ye damgas\u0131n\u0131 vuran bir sanat\u00e7\u0131m\u0131zd\u0131. Sanat camias\u0131n\u0131n ve Bodrum&#8217;un ba\u015f\u0131 sa\u011f olsun&#8221; diye konu\u015ftu.<\/p>\n<p>Bodrum \u0130l\u00e7e M\u00fcft\u00fcs\u00fc Emin Ar\u0131k, \u00f6\u011fle namaz\u0131n\u0131 m\u00fcteakiben cenaze namaz\u0131n\u0131 k\u0131ld\u0131rd\u0131. Ar\u0131k, cenaze namaz\u0131ndan sonra cemaate hitaben yapt\u0131\u011f\u0131 konu\u015fmada, Uluerer&#8217;in \u00e7ok \u00f6nemli bir ki\u015fi oldu\u011funu, kendisini kaybetmenin \u00fcz\u00fcnt\u00fcs\u00fcn\u00fc ya\u015fad\u0131klar\u0131n\u0131 ifade ederek, yak\u0131nlar\u0131na ve sevenlerine ba\u015f sa\u011fl\u0131\u011f\u0131 diledi.<\/p>\n<p>Daha sonra vatanda\u015flar\u0131n omuzlar\u0131nda cenaze arac\u0131na konulan Uluerer&#8217;in cenazesi, Karaburgaz Mezarl\u0131\u011f\u0131nda topra\u011fa verildi.<\/p>\n<span style=\"font-weight: bold; color: #f00;\">Error, group does not exist! Check your syntax! (ID: 79)<\/span>\n","protected":false},"excerpt":{"rendered":"<p>Bodrum&#8217;da ya\u015fam\u0131n\u0131 yitiren T\u00fcrk Sanat M\u00fczi\u011fi sanat\u00e7\u0131s\u0131 Nigar Uluerer d\u00fczenlenen cenaze t\u00f6reni sonras\u0131 topra\u011fa verildi.<\/p>\n","protected":false},"author":4,"featured_media":133508,"comment_status":"open","ping_status":"open","sticky":false,"template":"","format":"standard","meta":{"_acf_changed":false,"footnotes":""},"categories":[6155,6221,6232,5005,6670,6805],"tags":[707,1498,125262],"class_list":["post-133497","post","type-post","status-publish","format-standard","has-post-thumbnail","hentry","category-gundem","category-kultur","category-magazin","category-manset","category-sanat","category-turkiye","tag-bodrum","tag-mehmet-kocadon","tag-nigar-uluerer"],"acf":[],"_links":{"self":[{"href":"https:\/\/www.nationalturk.com\/tr\/wp-json\/wp\/v2\/posts\/133497","targetHints":{"allow":["GET"]}}],"collection":[{"href":"https:\/\/www.nationalturk.com\/tr\/wp-json\/wp\/v2\/posts"}],"about":[{"href":"https:\/\/www.nationalturk.com\/tr\/wp-json\/wp\/v2\/types\/post"}],"author":[{"embeddable":true,"href":"https:\/\/www.nationalturk.com\/tr\/wp-json\/wp\/v2\/users\/4"}],"replies":[{"embeddable":true,"href":"https:\/\/www.nationalturk.com\/tr\/wp-json\/wp\/v2\/comments?post=133497"}],"version-history":[{"count":0,"href":"https:\/\/www.nationalturk.com\/tr\/wp-json\/wp\/v2\/posts\/133497\/revisions"}],"wp:featuredmedia":[{"embeddable":true,"href":"https:\/\/www.nationalturk.com\/tr\/wp-json\/wp\/v2\/media\/133508"}],"wp:attachment":[{"href":"https:\/\/www.nationalturk.com\/tr\/wp-json\/wp\/v2\/media?parent=133497"}],"wp:term":[{"taxonomy":"category","embeddable":true,"href":"https:\/\/www.nationalturk.com\/tr\/wp-json\/wp\/v2\/categories?post=133497"},{"taxonomy":"post_tag","embeddable":true,"href":"https:\/\/www.nationalturk.com\/tr\/wp-json\/wp\/v2\/tags?post=133497"}],"curies":[{"name":"wp","href":"https:\/\/api.w.org\/{rel}","templated":true}]}}