{"id":133670,"date":"2013-04-05T14:13:53","date_gmt":"2013-04-05T11:13:53","guid":{"rendered":"http:\/\/www.nationalturk.com\/?p=133670"},"modified":"2013-04-05T14:13:53","modified_gmt":"2013-04-05T11:13:53","slug":"moussa-sow-soku-fenerbahce-haberleri-133670","status":"publish","type":"post","link":"https:\/\/www.nationalturk.com\/tr\/moussa-sow-soku-fenerbahce-haberleri-133670\/","title":{"rendered":"Moussa Sow \u015foku! \/ Fenerbah\u00e7e Haberleri"},"content":{"rendered":"<h1><img loading=\"lazy\" decoding=\"async\" class=\"alignleft size-medium wp-image-133671\" alt=\"Moussa Sow sakatland\u0131\" src=\"http:\/\/www.nationalturk.com\/tr\/wp-content\/uploads\/2013\/04\/sow_lazio_maci-277x220.jpg\" width=\"277\" height=\"220\" title=\"\" srcset=\"https:\/\/www.nationalturk.com\/tr\/wp-content\/uploads\/2013\/04\/sow_lazio_maci-277x220.jpg 277w, https:\/\/www.nationalturk.com\/tr\/wp-content\/uploads\/2013\/04\/sow_lazio_maci-504x400.jpg 504w, https:\/\/www.nationalturk.com\/tr\/wp-content\/uploads\/2013\/04\/sow_lazio_maci.jpg 712w\" sizes=\"auto, (max-width: 277px) 100vw, 277px\" \/>Lazio&#8217;yu Kad\u0131k\u00f6y&#8217;de 2-0 devirerek yar\u0131 final i\u00e7in avantaj yakalayan Fenerbah\u00e7e&#8217;de Moussa Sow \u00fcz\u00fcnt\u00fcs\u00fc ya\u015fan\u0131yor. \/ Fenerbah\u00e7e Haberleri<\/h1>\n<p>D\u00fcn ak\u015fam \u015e\u00fckr\u00fc Sara\u00e7o\u011flu Stad\u0131&#8217;nda oynanan Fenerbah\u00e7e &#8211; Lazio ma\u00e7\u0131nda sakatlanan Moussa Sow&#8217;un durumu bu sabah \u00e7ekilen MR sonras\u0131nda belli oldu. Moussa Sow 10 g\u00fcn sahalardan uzak kalacak. Golc\u00fc futbolcu, Orduspor ve Lazio ma\u00e7lar\u0131nda forma giyemeyecek.<\/p>\n<!-- Error, Advert is not available at this time due to schedule\/geolocation restrictions! -->\n","protected":false},"excerpt":{"rendered":"<p>Lazio&#8217;yu Kad\u0131k\u00f6y&#8217;de 2-0 devirerek yar\u0131 final i\u00e7in avantaj yakalayan Fenerbah\u00e7e&#8217;de Moussa Sow \u00fcz\u00fcnt\u00fcs\u00fc ya\u015fan\u0131yor. \/ Fenerbah\u00e7e Haberleri<\/p>\n","protected":false},"author":4,"featured_media":179661,"comment_status":"open","ping_status":"open","sticky":false,"template":"","format":"standard","meta":{"_acf_changed":false,"footnotes":""},"categories":[6774,349,6194],"tags":[849,21635,89598,89601,89599,98645,7625],"class_list":["post-133670","post","type-post","status-publish","format-standard","has-post-thumbnail","hentry","category-futbol","category-son-dakika","category-spor","tag-fenerbahce","tag-lazio","tag-moussa-sow","tag-moussa-sow-arsenal","tag-moussa-sow-fenerbahce","tag-moussa-sow-sakatlik","tag-orduspor"],"acf":[],"_links":{"self":[{"href":"https:\/\/www.nationalturk.com\/tr\/wp-json\/wp\/v2\/posts\/133670","targetHints":{"allow":["GET"]}}],"collection":[{"href":"https:\/\/www.nationalturk.com\/tr\/wp-json\/wp\/v2\/posts"}],"about":[{"href":"https:\/\/www.nationalturk.com\/tr\/wp-json\/wp\/v2\/types\/post"}],"author":[{"embeddable":true,"href":"https:\/\/www.nationalturk.com\/tr\/wp-json\/wp\/v2\/users\/4"}],"replies":[{"embeddable":true,"href":"https:\/\/www.nationalturk.com\/tr\/wp-json\/wp\/v2\/comments?post=133670"}],"version-history":[{"count":0,"href":"https:\/\/www.nationalturk.com\/tr\/wp-json\/wp\/v2\/posts\/133670\/revisions"}],"wp:featuredmedia":[{"embeddable":true,"href":"https:\/\/www.nationalturk.com\/tr\/wp-json\/wp\/v2\/media\/179661"}],"wp:attachment":[{"href":"https:\/\/www.nationalturk.com\/tr\/wp-json\/wp\/v2\/media?parent=133670"}],"wp:term":[{"taxonomy":"category","embeddable":true,"href":"https:\/\/www.nationalturk.com\/tr\/wp-json\/wp\/v2\/categories?post=133670"},{"taxonomy":"post_tag","embeddable":true,"href":"https:\/\/www.nationalturk.com\/tr\/wp-json\/wp\/v2\/tags?post=133670"}],"curies":[{"name":"wp","href":"https:\/\/api.w.org\/{rel}","templated":true}]}}