{"id":133942,"date":"2013-04-09T13:15:47","date_gmt":"2013-04-09T10:15:47","guid":{"rendered":"http:\/\/www.nationalturk.com\/?p=133942"},"modified":"2024-08-21T16:40:30","modified_gmt":"2024-08-21T13:40:30","slug":"mehmet-simsek-ic-denetciler-maliye-ajani-degil-133942","status":"publish","type":"post","link":"https:\/\/www.nationalturk.com\/tr\/mehmet-simsek-ic-denetciler-maliye-ajani-degil-133942\/","title":{"rendered":"Mehmet \u015eim\u015fek: \u0130\u00e7 denet\u00e7iler Maliye ajan\u0131 de\u011fil!"},"content":{"rendered":"<h1><img loading=\"lazy\" decoding=\"async\" class=\"alignleft size-medium wp-image-133943\" alt=\"MALIYE BAKANI MEHMET SIMSEK\" src=\"http:\/\/www.nationalturk.com\/tr\/wp-content\/uploads\/2013\/04\/mehmet_simsek_ic_denetim-280x191.jpg\" width=\"280\" height=\"191\" title=\"\" srcset=\"https:\/\/www.nationalturk.com\/tr\/wp-content\/uploads\/2013\/04\/mehmet_simsek_ic_denetim-280x191.jpg 280w, https:\/\/www.nationalturk.com\/tr\/wp-content\/uploads\/2013\/04\/mehmet_simsek_ic_denetim-586x400.jpg 586w, https:\/\/www.nationalturk.com\/tr\/wp-content\/uploads\/2013\/04\/mehmet_simsek_ic_denetim.jpg 712w\" sizes=\"auto, (max-width: 280px) 100vw, 280px\" \/>Maliye Bakan\u0131 Mehmet \u015eim\u015fek, Baz\u0131 arkada\u015flar\u0131m\u0131z hala bu i\u00e7 denet\u00e7ileri Maliyenin ajanlar\u0131 olarak g\u00f6r\u00fcyorlar. Bu tabii ki ilgin\u00e7 bir durum. Bunlar\u0131n art\u0131k geride kalmas\u0131 laz\u0131m dedi.<\/h1>\n<p>Bakan \u015eim\u015fek, \u0130\u00e7 Denetim Koordinasyon Kurulunun, bakanl\u0131klar, belediyeler ve \u00fcniversitelerin i\u00e7 denetim faaliyetlerine ili\u015fkin raporunun a\u00e7\u0131kland\u0131\u011f\u0131, Rixos Otel&#8217;de d\u00fczenlenen konferansa kat\u0131ld\u0131.<\/p>\n<p>\u015eim\u015fek, burada yapt\u0131\u011f\u0131 konu\u015fmada, i\u00e7 denetim standartlar\u0131na uygunluk ve etkinli\u011fin de\u011ferlendirilmesinin kamu y\u00f6netimi a\u00e7\u0131s\u0131ndan kritik bir \u00f6neme sahip oldu\u011funu s\u00f6yledi.<\/p>\n<p>\u0130\u00e7 denetim birimlerinin d\u0131\u015far\u0131dan de\u011ferlendirilmesinin T\u00fcrkiye a\u00e7\u0131s\u0131ndan bir ilk oldu\u011funa dikkati \u00e7eken \u015eim\u015fek, s\u00fcreci ba\u015flatan \u0130\u00e7 Denetim Koordinasyon Kurulu ve \u00fcyelerine, program\u0131n uygulanmas\u0131nda hibe deste\u011fi sa\u011flayan D\u00fcnya Bankas\u0131na, d\u0131\u015f kalite de\u011ferlendirmesi \u00e7al\u0131\u015fmalar\u0131na dan\u0131\u015fmanl\u0131k veren Deloitte firmas\u0131na ve i\u00e7 denet\u00e7ilere te\u015fekk\u00fcr etti.<br \/>\n\u015eim\u015fek, i\u00e7 denetimin \u00e7ok \u00f6nemli, modern ve yeni bir fonksiyon oldu\u011funu kaydederek, &#8220;Bu fonksiyonun etkin ve uluslararas\u0131 standartlara uygun bir \u015fekilde yap\u0131l\u0131p yap\u0131lmad\u0131\u011f\u0131n\u0131n d\u0131\u015far\u0131dan de\u011ferlendirilmesi \u00e7ok kritik \u00f6neme sahip. Dolay\u0131s\u0131yla sadece birim y\u00f6neticilerini de\u011fil ayn\u0131 zamanda denetim birimlerini y\u00f6netenlerin de hesap verebilir olmas\u0131 \u00e7ok \u00f6nemli&#8221; diye konu\u015ftu.<\/p>\n<p>Uluslararas\u0131 standartlara bak\u0131ld\u0131\u011f\u0131nda en az 5 y\u0131lda bir i\u00e7 denetimin d\u0131\u015f de\u011ferlendirme ve denetime tabi olmas\u0131 gerekti\u011fini ifade eden \u015eim\u015fek, ABD&#8217;de her 3 y\u0131lda bir i\u00e7 denetimin d\u0131\u015f de\u011ferlendirmeye tabi tutuldu\u011funu, bu \u00fclkedeki sistemde idarelerin de birbirlerini de\u011ferlendirebildiklerini vurgulad\u0131.<\/p>\n<p>Bakan \u015eim\u015fek, sistemin gereklili\u011fi ve anlaml\u0131l\u0131\u011f\u0131n\u0131n son derece a\u00e7\u0131k oldu\u011funa i\u015faret ederek, &#8220;\u0130\u00e7 Denetim Koordinasyon Kurul Ba\u015fkan\u0131m\u0131zdan ald\u0131\u011f\u0131m bilgiye g\u00f6re, bug\u00fcne kadar 18 idaremizin i\u00e7 denetim faaliyetlerinin d\u0131\u015f kalite de\u011ferlendirmesine tabi tutuldu\u011funu \u00f6\u011frenmi\u015f bulunuyorum&#8221; ifadelerini kulland\u0131.<\/p>\n<p>\u0130\u00e7 denetim birimlerinin d\u0131\u015f de\u011ferlendirmeye tabi tutulmas\u0131n\u0131n bir\u00e7ok faydas\u0131 oldu\u011funu da belirten \u015eim\u015fek, konu\u015fmas\u0131n\u0131 \u015f\u00f6yle s\u00fcrd\u00fcrd\u00fc:<\/p>\n<p>&#8220;Bu sistemin bir\u00e7ok faydas\u0131 var, bunlardan bir tanesi i\u00e7 denetime olan g\u00fcveni art\u0131rmas\u0131. \u00c7\u00fcnk\u00fc hala ister istemez baz\u0131 idarelerimizde i\u00e7 denetime y\u00f6nelik baz\u0131 \u00f6n yarg\u0131lar var. Bizim b\u00fct\u00fcn \u00e7abalar\u0131m\u0131za ra\u011fmen bunun devam etti\u011fini zaman zaman g\u00f6r\u00fcyoruz ki ben \u0130\u00e7 Denetim Koordinasyon Kurulunun bug\u00fcne kadar yapt\u0131\u011f\u0131 bu t\u00fcrden etkinliklerin tamam\u0131na kat\u0131larak bu tavr\u0131m\u0131 a\u00e7\u0131k ve net olarak ortaya koydum.<\/p>\n<p>Az \u00f6nce sohbette \u0130\u00e7 Denetim Koordinasyon Kurulu \u00fcyelerinden bir tanesi, &#8216;Hala \u00f6n yarg\u0131lar devam ediyor&#8217; dedi. Baz\u0131 arkada\u015flar\u0131m\u0131z hala bu i\u00e7 denet\u00e7ileri Maliyenin ajanlar\u0131 olarak g\u00f6r\u00fcyorlar. Bu tabii ki ilgin\u00e7 bir durum. Bunlar\u0131n art\u0131k geride kalmas\u0131 laz\u0131m.&#8221;<\/p>\n<p>Bu denetim sisteminin yava\u015f yava\u015f oturmaya ba\u015flad\u0131\u011f\u0131na dikkati \u00e7eken \u015eim\u015fek, i\u00e7 denetim birimlerinin konumu ve kamu idarelerindeki rol\u00fcn\u00fcn art\u0131k herkes taraf\u0131ndan benimsenmesi gerekti\u011fini ifade etti.<\/p>\n<p>\u015eim\u015fek, i\u00e7 denetimin d\u0131\u015f de\u011ferlendirmeye tabi tutulmas\u0131n\u0131n sadece i\u00e7 denetime olan g\u00fcveni art\u0131rmayaca\u011f\u0131n\u0131n, ayn\u0131 zamanda vatanda\u015fa da g\u00fcven verece\u011finin alt\u0131n\u0131 \u00e7izen \u015eim\u015fek, &#8220;\u00c7\u00fcnk\u00fc sonu\u00e7ta burada kulland\u0131\u011f\u0131m\u0131z kamu kayna\u011f\u0131, milletin paras\u0131 g\u00f6kten zembille inmiyor. Milletten toplad\u0131\u011f\u0131m\u0131z\u0131 yine milletimiz i\u00e7in kullan\u0131rken bunun etkin ve verimli bir \u015fekilde kullan\u0131l\u0131p kullan\u0131lmad\u0131\u011f\u0131 hususunu tabii ki i\u00e7 denetim s\u00fcre\u00e7lerinde de\u011ferlendirece\u011fiz&#8221; diye konu\u015ftu.<br \/>\nBu sistemin, Say\u0131\u015ftay&#8217;\u0131n da &#8220;elini g\u00fc\u00e7lendirdi\u011fini&#8221; vurgulayan \u015eim\u015fek, sistemin, eldeki kaynaklar\u0131 etkin ve verimli kullan\u0131m\u0131n\u0131n da \u00f6n\u00fcn\u00fc a\u00e7t\u0131\u011f\u0131n\u0131 s\u00f6yledi.<\/p>\n<p>\u015eim\u015fek, \u015f\u00f6yle devam etti:<\/p>\n<p>&#8220;\u0130darelerimizde hem i\u00e7 kontrol\u00fcn olmas\u0131 hem de i\u00e7 denetim birimlerimizin bulunmas\u0131 bizim mali disiplin anlay\u0131\u015f\u0131m\u0131z\u0131n vazge\u00e7ilmez unsurudur. \u00c7\u00fcnk\u00fc bu israf\u0131n engellenmesi i\u00e7in son derece \u00f6nemlidir. Bu kay\u0131p ka\u00e7a\u011f\u0131n azalat\u0131lmas\u0131, kaynaklar\u0131n verimli bir \u015fekilde kullan\u0131lmas\u0131 a\u00e7\u0131s\u0131ndan son derece \u00f6nelidir. Dolay\u0131s\u0131yla \u00e7ok kritik bir role sahipsiniz. Bakanl\u0131k olarak 5018 say\u0131l\u0131 Kanunun getirdi\u011fi bu modern y\u00f6netimi ve denetim unsurlar\u0131n\u0131n idarelerimizde g\u00fc\u00e7l\u00fc bir \u015fekilde hayata ge\u00e7irilmesi noktas\u0131nda biz her t\u00fcrl\u00fc deste\u011fi verdik, bundan sonra da verece\u011fiz.&#8221;<\/p>\n<p>-&#8220;\u0130\u00e7 denetim birimleri kuruyoruz&#8221;-<\/p>\n<p>Sisteme ili\u015fkin yeni d\u00fczenleme \u00e7al\u0131\u015fmalar\u0131na da de\u011finen \u015eim\u015fek, kanunun i\u00e7 kontrol ve i\u00e7 denetimine ili\u015fkin maddelerini yeniden ele ald\u0131klar\u0131n\u0131, \u00f6zellikle i\u00e7 kontrol sistemine ili\u015fkin g\u00f6rev, yetki ve sorumluluklara y\u00f6nelik uygulamay\u0131 \u015fekillendirecek bir tak\u0131m d\u00fczenlemeler yapt\u0131klar\u0131n\u0131 vurgulad\u0131.<\/p>\n<p>\u015eim\u015fek, 3 ve \u00fczerinde i\u00e7 denet\u00e7i bulunan idarelerde i\u00e7 denetim birimleri kurduklar\u0131n\u0131, i\u00e7 denetim birimlerinin g\u00f6revlerini a\u00e7\u0131k bir \u015fekilde belirlediklerini ifade ederek, &#8221;B\u00f6ylece farkl\u0131 denetim birimlerinin ayn\u0131 ama\u00e7la denetim faaliyetini y\u00fcr\u00fctmemesini sa\u011flayaca\u011f\u0131z. \u0130dareler bu konuda gereken basireti g\u00f6sterirlerse bu zaten olmaz fakat hala bu konuda kafas\u0131 kar\u0131\u015f\u0131k olanlar var. O nedenle her \u015feyi kanunla d\u00fczenlemek zorunda kal\u0131yoruz. Tabi yine de bunu yapaca\u011f\u0131z&#8221; diye konu\u015ftu.<\/p>\n<p>\u0130\u00e7 denetimin insan kayna\u011f\u0131 sorunun \u00e7\u00f6z\u00fclmesine y\u00f6nelik olarak da i\u00e7 denetim yard\u0131mc\u0131l\u0131\u011f\u0131 gibi alternatif bir imkan getirildi\u011fine i\u015faret eden \u015eim\u015fek, insan kaynaklar\u0131 a\u00e7\u0131\u011f\u0131n\u0131 gidermek \u00fczere Bakanl\u0131k olarak 480 i\u00e7 denet\u00e7i kadrosunu ihdas etmek \u00fczere, konuyu Bakanlar Kuruluna g\u00f6nderdiklerini s\u00f6yledi.<\/p>\n<p>Bakan \u015eim\u015fek, yak\u0131nda s\u00f6z konusu kararnamenin \u00e7\u0131kmas\u0131yla idarelere 480 ilave kadro sa\u011flam\u0131\u015f olacaklar\u0131n\u0131 belirterek, \u015fu anda 750 olan i\u00e7 denet\u00e7i say\u0131s\u0131n\u0131n \u00f6nemli oranda artm\u0131\u015f olaca\u011f\u0131n\u0131 bildirdi.<\/p>\n<p>Bu konuda bir ad\u0131m daha \u00f6teye gitmeyi d\u00fc\u015f\u00fcnd\u00fcklerini vurgulayan \u015eim\u015fek, \u00f6zellikli alanlarla s\u0131n\u0131rl\u0131 olmak \u00fczere i\u00e7 denetim hizmetlerinin d\u0131\u015far\u0131dan hizmet al\u0131m\u0131 veya ba\u015fka idare i\u00e7 denet\u00e7ileri eliyle y\u00fcr\u00fct\u00fclmesini de \u00f6ng\u00f6ren bir d\u00fczenlemeyi yapmay\u0131 planlad\u0131klar\u0131n\u0131 kaydetti.<\/p>\n<p>S\u00f6z konusu denetimler hususunda kamudaki t\u00fcm idarecileri de uyaran \u015eim\u015fek, herkesten gereken hassasiyeti g\u00f6stermesini istedi.<\/p>\n<!-- Error, Advert is not available at this time due to schedule\/geolocation restrictions! -->\n","protected":false},"excerpt":{"rendered":"<p>Maliye Bakan\u0131 Mehmet \u015eim\u015fek, Baz\u0131 arkada\u015flar\u0131m\u0131z hala bu i\u00e7 denet\u00e7ileri Maliyenin ajanlar\u0131 olarak g\u00f6r\u00fcyorlar. Bu tabii ki ilgin\u00e7 bir durum. Bunlar\u0131n art\u0131k geride kalmas\u0131 laz\u0131m dedi.<\/p>\n","protected":false},"author":4,"featured_media":179615,"comment_status":"open","ping_status":"open","sticky":false,"template":"","format":"standard","meta":{"_acf_changed":false,"footnotes":""},"categories":[6199,6155,6202,6805],"tags":[46841,3667,4659],"class_list":["post-133942","post","type-post","status-publish","format-standard","has-post-thumbnail","hentry","category-ekonomi","category-gundem","category-politika","category-turkiye","tag-maliye-bakanligi","tag-mehmet-simsek","tag-rixos"],"acf":[],"_links":{"self":[{"href":"https:\/\/www.nationalturk.com\/tr\/wp-json\/wp\/v2\/posts\/133942","targetHints":{"allow":["GET"]}}],"collection":[{"href":"https:\/\/www.nationalturk.com\/tr\/wp-json\/wp\/v2\/posts"}],"about":[{"href":"https:\/\/www.nationalturk.com\/tr\/wp-json\/wp\/v2\/types\/post"}],"author":[{"embeddable":true,"href":"https:\/\/www.nationalturk.com\/tr\/wp-json\/wp\/v2\/users\/4"}],"replies":[{"embeddable":true,"href":"https:\/\/www.nationalturk.com\/tr\/wp-json\/wp\/v2\/comments?post=133942"}],"version-history":[{"count":0,"href":"https:\/\/www.nationalturk.com\/tr\/wp-json\/wp\/v2\/posts\/133942\/revisions"}],"wp:featuredmedia":[{"embeddable":true,"href":"https:\/\/www.nationalturk.com\/tr\/wp-json\/wp\/v2\/media\/179615"}],"wp:attachment":[{"href":"https:\/\/www.nationalturk.com\/tr\/wp-json\/wp\/v2\/media?parent=133942"}],"wp:term":[{"taxonomy":"category","embeddable":true,"href":"https:\/\/www.nationalturk.com\/tr\/wp-json\/wp\/v2\/categories?post=133942"},{"taxonomy":"post_tag","embeddable":true,"href":"https:\/\/www.nationalturk.com\/tr\/wp-json\/wp\/v2\/tags?post=133942"}],"curies":[{"name":"wp","href":"https:\/\/api.w.org\/{rel}","templated":true}]}}