{"id":134083,"date":"2013-04-10T15:36:37","date_gmt":"2013-04-10T12:36:37","guid":{"rendered":"http:\/\/www.nationalturk.com\/?p=134083"},"modified":"2013-04-10T15:37:28","modified_gmt":"2013-04-10T12:37:28","slug":"suriyeli-pkklilar-cekildi-mi-basbakan-erdogandan-onemli-aciklamalar-134083","status":"publish","type":"post","link":"https:\/\/www.nationalturk.com\/tr\/suriyeli-pkklilar-cekildi-mi-basbakan-erdogandan-onemli-aciklamalar-134083\/","title":{"rendered":"Suriyeli PKK&#8217;l\u0131lar \u00e7ekildi mi? Ba\u015fbakan Erdo\u011fan&#8217;dan \u00f6nemli a\u00e7\u0131klamalar"},"content":{"rendered":"<h1><img loading=\"lazy\" decoding=\"async\" class=\"alignleft size-medium wp-image-134084\" alt=\"Erdo\u011fan\" src=\"http:\/\/www.nationalturk.com\/tr\/wp-content\/uploads\/2013\/04\/erdogan_29mayis1-280x190.jpg\" width=\"280\" height=\"190\" title=\"\" srcset=\"https:\/\/www.nationalturk.com\/tr\/wp-content\/uploads\/2013\/04\/erdogan_29mayis1-280x190.jpg 280w, https:\/\/www.nationalturk.com\/tr\/wp-content\/uploads\/2013\/04\/erdogan_29mayis1-587x400.jpg 587w, https:\/\/www.nationalturk.com\/tr\/wp-content\/uploads\/2013\/04\/erdogan_29mayis1.jpg 712w\" sizes=\"auto, (max-width: 280px) 100vw, 280px\" \/>Ba\u015fbakan Recep Tayyip Erdo\u011fan, Suriyeli PKK&#8217;l\u0131lar\u0131n T\u00fcrkiye&#8217;den \u00e7ekildi\u011fi y\u00f6n\u00fcndeki haberler \u00fczerine a\u00e7\u0131klamalarda bulundu.<\/h1>\n<p>K\u0131rg\u0131zistan ziyaretinde konu\u015fan Erdo\u011fan,\u00a0Suriyeli PKK&#8217;l\u0131lar\u0131n \u00e7ekildi\u011fine ili\u015fkin soru \u00fczerine &#8220;T\u00fcrkiye&#8217;den Suriyeli olan PKK&#8217;lar\u0131n bir k\u0131sm\u0131, tamam\u0131 \u00e7ekildi diye bir ifademiz olmad\u0131, bir k\u0131sm\u0131 Suriye&#8217;deki geli\u015fmeler art\u0131k\u00e7a Suriye&#8217;ye o zaman bunlar ge\u00e7mi\u015flerdi. Ama bunun say\u0131s\u0131 \u015fu kadard\u0131r veya bu kadard\u0131r diye b\u00f6yle bir ifade kullanmam\u0131z zaten m\u00fcmk\u00fcn de\u011fil. Kald\u0131 ki bunlar Kandil&#8217;den mi ge\u00e7ti T\u00fcrkiye&#8217;den mi ge\u00e7ti o da gizli bir konu. Ama ge\u00e7ti\u011fi biliniyor, biliyoruz. Bunu zaten o zaman istihbari bilgiler olarak da alm\u0131\u015ft\u0131k. Bu s\u00fcre\u00e7 \u015fu anda gayet iyi bir \u015fekilde i\u015fliyor&#8221; diye konu\u015ftu.<\/p>\n<p>Ba\u015fbakan Erdo\u011fan ayr\u0131ca \u00a0&#8221;Silahl\u0131 Kuvvetler bizden ald\u0131\u011f\u0131 yetkiyi, verdi\u011fimiz yetki \u00e7er\u00e7evesinde kullan\u0131r ama \u015fimdi yeni s\u00fcre\u00e7te herhangi bir yetki gerekti\u011fi anda bizden yetkiyi alacakt\u0131r. Benden Ba\u015fbakan olarak, illerde valilerden vali olarak, yetkiyi al\u0131p atmas\u0131 gereken ad\u0131mlar\u0131 buna g\u00f6re atacakt\u0131r&#8221; dedi.<\/p>\n<p>TBMM Genel Kurulu&#8217;nda d\u00fcn ya\u015fanan \u00f6nerge tart\u0131\u015fmalar\u0131yla ilgili ise Ba\u015fbakan Erdo\u011fan \u015funlar\u0131 s\u00f6yledi:<\/p>\n<p>&#8220;Parlamento&#8217;da Ba\u015fkanl\u0131k Divan\u0131&#8217;na sald\u0131rmalar\u0131, k\u00fcrs\u00fc i\u015fgal etmeleri&#8230; B\u00f6yle bir yola tevess\u00fcl ettiler. Tabii bu CHP&#8217;nin asli kimli\u011fini ortaya koyuyor. Yani bunlar Parlamento&#8217;nun i\u00e7erisine \u015fiddeti sokma giri\u015fiminden ba\u015fka bir \u015fey de\u011fildir. Bu g\u00fc\u00e7l\u00fc olmay\u0131 g\u00f6stermez, bu asl\u0131nda aczi g\u00f6sterir. Aczin ifadesidir b\u00f6yle bir yola tevess\u00fcl etmek.&#8221;<\/p>\n<!-- Error, Advert is not available at this time due to schedule\/geolocation restrictions! -->\n","protected":false},"excerpt":{"rendered":"<p>Ba\u015fbakan Recep Tayyip Erdo\u011fan, Suriyeli PKK&#8217;l\u0131lar\u0131n T\u00fcrkiye&#8217;den \u00e7ekildi\u011fi y\u00f6n\u00fcndeki haberler \u00fczerine a\u00e7\u0131klamalarda bulundu.<\/p>\n","protected":false},"author":4,"featured_media":179593,"comment_status":"open","ping_status":"open","sticky":false,"template":"","format":"standard","meta":{"_acf_changed":false,"footnotes":""},"categories":[6155,5005,6202,349,6805],"tags":[3888,16036,5592,787,806],"class_list":["post-134083","post","type-post","status-publish","format-standard","has-post-thumbnail","hentry","category-gundem","category-manset","category-politika","category-son-dakika","category-turkiye","tag-basbakan-erdogan","tag-kirgizistan","tag-pkk","tag-recep-tayyip-erdogan","tag-suriye"],"acf":[],"_links":{"self":[{"href":"https:\/\/www.nationalturk.com\/tr\/wp-json\/wp\/v2\/posts\/134083","targetHints":{"allow":["GET"]}}],"collection":[{"href":"https:\/\/www.nationalturk.com\/tr\/wp-json\/wp\/v2\/posts"}],"about":[{"href":"https:\/\/www.nationalturk.com\/tr\/wp-json\/wp\/v2\/types\/post"}],"author":[{"embeddable":true,"href":"https:\/\/www.nationalturk.com\/tr\/wp-json\/wp\/v2\/users\/4"}],"replies":[{"embeddable":true,"href":"https:\/\/www.nationalturk.com\/tr\/wp-json\/wp\/v2\/comments?post=134083"}],"version-history":[{"count":0,"href":"https:\/\/www.nationalturk.com\/tr\/wp-json\/wp\/v2\/posts\/134083\/revisions"}],"wp:featuredmedia":[{"embeddable":true,"href":"https:\/\/www.nationalturk.com\/tr\/wp-json\/wp\/v2\/media\/179593"}],"wp:attachment":[{"href":"https:\/\/www.nationalturk.com\/tr\/wp-json\/wp\/v2\/media?parent=134083"}],"wp:term":[{"taxonomy":"category","embeddable":true,"href":"https:\/\/www.nationalturk.com\/tr\/wp-json\/wp\/v2\/categories?post=134083"},{"taxonomy":"post_tag","embeddable":true,"href":"https:\/\/www.nationalturk.com\/tr\/wp-json\/wp\/v2\/tags?post=134083"}],"curies":[{"name":"wp","href":"https:\/\/api.w.org\/{rel}","templated":true}]}}