{"id":134385,"date":"2013-04-15T11:27:33","date_gmt":"2013-04-15T08:27:33","guid":{"rendered":"http:\/\/www.nationalturk.com\/?p=134385"},"modified":"2013-04-15T11:27:33","modified_gmt":"2013-04-15T08:27:33","slug":"erdogan-bayraktarin-aglattigi-genc-kiz-tek-derdim-ilac-minnet-duymak-istemiyorum-134385","status":"publish","type":"post","link":"https:\/\/www.nationalturk.com\/tr\/erdogan-bayraktarin-aglattigi-genc-kiz-tek-derdim-ilac-minnet-duymak-istemiyorum-134385\/","title":{"rendered":"Erdo\u011fan Bayraktar&#8217;\u0131n a\u011flatt\u0131\u011f\u0131 gen\u00e7 k\u0131z: Tek derdim ila\u00e7! Minnet duymak istemiyorum"},"content":{"rendered":"<h1><img loading=\"lazy\" decoding=\"async\" class=\"alignleft size-full wp-image-134386\" alt=\"Dilek \u00d6z\u00e7elik\" src=\"http:\/\/www.nationalturk.com\/tr\/wp-content\/uploads\/2013\/04\/dilek_ozcelik.jpg\" width=\"320\" height=\"190\" title=\"\" srcset=\"https:\/\/www.nationalturk.com\/tr\/wp-content\/uploads\/2013\/04\/dilek_ozcelik.jpg 320w, https:\/\/www.nationalturk.com\/tr\/wp-content\/uploads\/2013\/04\/dilek_ozcelik-280x166.jpg 280w\" sizes=\"auto, (max-width: 320px) 100vw, 320px\" \/>\u00c7evre ve \u015eehircilik Bakan\u0131 Erdo\u011fan Bayraktar&#8217;\u0131n verdi\u011fi yard\u0131m paras\u0131n\u0131 a\u011flayarak ve &#8216;Ben dilenci de\u011filim&#8217; diyerek iade eden lenf kanseri \u00fcniversite \u00f6\u011frencisi Dilek \u00d6z\u00e7elik bug\u00fcn Edirne Valisi Hasan Duruer ile g\u00f6r\u00fc\u015ft\u00fc.<\/h1>\n<p>Vali Hasan Duruer, &#8220;\u0130la\u00e7la ilgili s\u0131k\u0131nt\u0131lar\u0131n\u0131 biliyorum. Yar\u0131n Sa\u011fl\u0131k Bakan\u0131m\u0131z buraya gelecek. Geldi\u011fi zaman sizin ve sizin gibi olanlar\u0131n durumunu ayr\u0131ca kendisine anlataca\u011f\u0131m. Ayr\u0131ca kendisi biliyor bu konular\u0131. Biz size yard\u0131mc\u0131 olaca\u011f\u0131z. Destek verece\u011fiz.&#8221; ifadelerini kulland\u0131.<\/p>\n<p>Ya\u015fad\u0131\u011f\u0131 s\u0131k\u0131nt\u0131lar\u0131 anlatan Dilek \u00d6z\u00e7elik ila\u00e7lar\u0131n neden serbest piyasada oldu\u011funu devletin bu konuda ni\u00e7in elini ete\u011fini \u00e7ekti\u011fini sordu.<\/p>\n<p>Kendisi gibi insanlar\u0131n makam, mevki sahibi olmad\u0131\u011f\u0131n\u0131 dile getiren \u00d6z\u00e7elik \u015funlar\u0131 s\u00f6yledi:<\/p>\n<p>&#8220;Sizler gibi \u00e7ok \u015feye kolayl\u0131kla ula\u015fam\u0131yoruz. Hastal\u0131\u011f\u0131m\u0131 \u00f6\u011frendikten sonra oturup ailecek \u00fcz\u00fclemedik dahi. Bize b\u00f6yle bir ger\u00e7eklikten s\u00f6z ettiklerinde ba\u015fta inanmak istemedik ama s\u00fcre\u00e7 ger\u00e7ekten \u00f6yle i\u015fliyordu. Her ba\u015fvurdu\u011fum yerde ila\u00e7 yok dendi. Lenf kanseriyim ve haliyle te\u015fhis yap\u0131ld\u0131ktan sonra doktorum, baz\u0131 ila\u00e7lar\u0131m\u0131n devlet taraf\u0131ndan kar\u015f\u0131lanmad\u0131\u011f\u0131n\u0131 s\u00f6yledi. Tamam dedik ama \u015f\u00f6yle bir durum s\u00f6z konusu. Bu ila\u00e7lar T\u00fcrkiye&#8217;de yok. \u0130thal ila\u00e7lar. Yurt d\u0131\u015f\u0131ndan getirilmesi gerekiyor. Bana zor bir s\u00fcre\u00e7 Allah kolayl\u0131k versin dediler.&#8221;<\/p>\n<p>Daha sonra kendisi gibi ayn\u0131 hastal\u0131\u011f\u0131 olan bir bayanla g\u00f6r\u00fc\u015ft\u00fcrd\u00fcklerini anlatan gen\u00e7 k\u0131z, &#8220;\u0130la\u00e7lara ula\u015fma konusunda rehberlik edece\u011fi s\u00f6ylendi. Bana anlatt\u0131\u011f\u0131 yol bana g\u00f6re de\u011fildi. \u00c7\u00fcnk\u00fc \u00e7ok \u00e7ok zor bir yoldu. Kendisi Amerika, Fransa ve Hollanda&#8217;dan bu ila\u00e7lar\u0131 getiriyordu. Ben hayat\u0131mda 3 y\u0131l \u00f6nce bir \u015fehir d\u0131\u015f\u0131 tecr\u00fcbem oldu. O da \u00fcniversiteden dolay\u0131 buras\u0131yd\u0131. Yurt d\u0131\u015f\u0131 kelimesi zaten uzak bir kelime. Zaten prosed\u00fcr gere\u011fi yurt d\u0131\u015f\u0131ndan ilac\u0131n T\u00fcrkiye&#8217;ye getirilmesi a\u015famas\u0131 \u00e7ok \u00e7ok zor. Benim zaman kayb\u0131 l\u00fcks\u00fcm yok. Haliyle ne yapaca\u011f\u0131m\u0131 bilemedim. \u0130lgili makamlarla g\u00f6r\u00fc\u015fme talebimiz oldu. Ama randevu kar\u015f\u0131m\u0131za \u00e7\u0131k\u0131yor. Evet \u00f6nemli insanlars\u0131n\u0131z, \u00f6nemli i\u015fleriniz var ama bir insan sa\u011fl\u0131k i\u00e7in yard\u0131m istiyorsa mutlaka aciliyeti vard\u0131r. Bunun di\u011fer randevular\u0131n \u00f6n\u00fcne al\u0131nmas\u0131 gerekiyor.&#8221; diye konu\u015ftu.<\/p>\n<p>Bakan Bayraktar&#8217;\u0131 \u015fans eseri g\u00f6rd\u00fc\u011f\u00fcn\u00fc anlatan Dilek \u00d6z\u00e7elik, &#8220;Devlet ba\u015f\u0131ndaki insanlar\u0131n orada olmalar\u0131n\u0131n sebebi t\u00fcm bireylerin ihtiya\u00e7lar\u0131n\u0131 kar\u015f\u0131lamas\u0131 i\u00e7in orada bulunduklar\u0131n\u0131 d\u00fc\u015f\u00fcn\u00fcyorum. \u00d6yle midir hala bilmiyorum ama \u00f6yle san\u0131yorum. Sadece bu d\u00fc\u015f\u00fcnce ile kendisinin bir iki dakika kendisini dinlemesini arzu ettim. Tabii ki, ben ila\u00e7 deyince o para dedi. Mutlu muyum? d\u00fcn sadece kendi ila\u00e7lar\u0131m i\u00e7in gittim. Ama anlad\u0131m ki, sadece benim ila\u00e7lar\u0131 de\u011fil benim gibi \u00e7ok insan\u0131n ilac\u0131. Ben sadece kendim i\u00e7in de\u011fil o insanlar i\u00e7in de yard\u0131m ula\u015fs\u0131n istiyorum. Siyasiler oturup ila\u00e7 hususunda bir \u015feyler yaps\u0131nlar. Art\u0131k inanc\u0131m kalmad\u0131. Belki bir \u015feyler yap\u0131l\u0131yordur ama art\u0131k tamamd\u0131r diyemiyorum. Mevki ve makam sahibi de\u011filim ama \u015funu s\u00f6yleyebilirim ki, insan\u0131m ben de de\u011fer yarg\u0131lar\u0131m var. Bu hayatta en de\u011fer verdi\u011fim \u015fey minnet duygusudur. Te\u015fekk\u00fcr ediyorum. Bakan\u0131m\u0131z d\u00fcn yapm\u0131\u015f oldu\u011fu davran\u0131\u015f\u0131n\u0131n hata oldu\u011funu bilincine varm\u0131\u015f olsa gerek ki, \u00fcz\u00fcnt\u00fcs\u00fcn\u00fc dile getirmi\u015f. Fakat Sa\u011fl\u0131k Bakan\u0131&#8217;n\u0131n gelece\u011fini s\u00f6ylediniz. Sa\u011fl\u0131k Bakan\u0131 yard\u0131m ederse kabul\u00fcmd\u00fcr. Ama Say\u0131n Bayraktar&#8217;\u0131n yard\u0131m\u0131n\u0131 istemiyorum. Abartma, sa\u00e7malama denilebilir ama insan\u0131m ve ben \u00f6m\u00fcr boyu o insana belki yanl\u0131\u015f ve belki de anlad\u0131\u011f\u0131m do\u011frudur. Kendilerine kar\u015f\u0131 ald\u0131\u011f\u0131m her nefeste minnet duygusu i\u00e7erisine girmek istemiyorum. Girmeyece\u011fim. S\u00f6z konusu \u00f6l\u00fcm dahi olsa o durumu kendimi sokmayaca\u011f\u0131m. Benim tek derdim ila\u00e7. D\u00fcn g\u00f6rmek istedi\u011fim insanl\u0131kt\u0131&#8221; a\u00e7\u0131klamas\u0131n\u0131 yapt\u0131.<\/p>\n<!-- Error, Advert is not available at this time due to schedule\/geolocation restrictions! -->\n","protected":false},"excerpt":{"rendered":"<p>\u00c7evre ve \u015eehircilik Bakan\u0131 Erdo\u011fan Bayraktar&#8217;\u0131n verdi\u011fi yard\u0131m paras\u0131n\u0131 a\u011flayarak ve &#8216;Ben dilenci de\u011filim&#8217; diyerek iade eden lenf kanseri \u00fcniversite \u00f6\u011frencisi Dilek \u00d6z\u00e7elik bug\u00fcn Edirne Valisi Hasan Duruer ile g\u00f6r\u00fc\u015ft\u00fc.<\/p>\n","protected":false},"author":4,"featured_media":134386,"comment_status":"open","ping_status":"open","sticky":false,"template":"","format":"standard","meta":{"_acf_changed":false,"footnotes":""},"categories":[6155,5005,6669,349,6805],"tags":[127865,127866,2812,127889,59771,127862,127860,127863,127861,2208,127864],"class_list":["post-134385","post","type-post","status-publish","format-standard","has-post-thumbnail","hentry","category-gundem","category-manset","category-saglik","category-son-dakika","category-turkiye","tag-bakan-genc-kiz-knser","tag-dilek-ozcelik-kanser","tag-edirne","tag-edirne-valisi","tag-erdogan-bayraktar","tag-erdogan-bayraktar-cebine-para-koydu","tag-erdogan-bayraktar-kanser","tag-erdogan-bayraktar-kanser-hastasi-kiz","tag-erdogan-bayraktar-para","tag-hasan-duruer","tag-kanserli-genc-kiz-para"],"acf":[],"_links":{"self":[{"href":"https:\/\/www.nationalturk.com\/tr\/wp-json\/wp\/v2\/posts\/134385","targetHints":{"allow":["GET"]}}],"collection":[{"href":"https:\/\/www.nationalturk.com\/tr\/wp-json\/wp\/v2\/posts"}],"about":[{"href":"https:\/\/www.nationalturk.com\/tr\/wp-json\/wp\/v2\/types\/post"}],"author":[{"embeddable":true,"href":"https:\/\/www.nationalturk.com\/tr\/wp-json\/wp\/v2\/users\/4"}],"replies":[{"embeddable":true,"href":"https:\/\/www.nationalturk.com\/tr\/wp-json\/wp\/v2\/comments?post=134385"}],"version-history":[{"count":0,"href":"https:\/\/www.nationalturk.com\/tr\/wp-json\/wp\/v2\/posts\/134385\/revisions"}],"wp:featuredmedia":[{"embeddable":true,"href":"https:\/\/www.nationalturk.com\/tr\/wp-json\/wp\/v2\/media\/134386"}],"wp:attachment":[{"href":"https:\/\/www.nationalturk.com\/tr\/wp-json\/wp\/v2\/media?parent=134385"}],"wp:term":[{"taxonomy":"category","embeddable":true,"href":"https:\/\/www.nationalturk.com\/tr\/wp-json\/wp\/v2\/categories?post=134385"},{"taxonomy":"post_tag","embeddable":true,"href":"https:\/\/www.nationalturk.com\/tr\/wp-json\/wp\/v2\/tags?post=134385"}],"curies":[{"name":"wp","href":"https:\/\/api.w.org\/{rel}","templated":true}]}}