{"id":134562,"date":"2013-04-16T22:18:36","date_gmt":"2013-04-16T19:18:36","guid":{"rendered":"http:\/\/www.nationalturk.com\/?p=134562"},"modified":"2013-04-16T22:18:36","modified_gmt":"2013-04-16T19:18:36","slug":"rusya-disisleri-bakani-lavrov-istanbul-134562","status":"publish","type":"post","link":"https:\/\/www.nationalturk.com\/tr\/rusya-disisleri-bakani-lavrov-istanbul-134562\/","title":{"rendered":"Rusya D\u0131\u015fi\u015fleri Bakan\u0131 Lavrov \u0130stanbul&#8217;da"},"content":{"rendered":"<h1><a href=\"http:\/\/www.nationalturk.com\/tr\/wp-content\/uploads\/2013\/04\/rusya-disisleri-bakani-istanbul.jpg\"><img loading=\"lazy\" decoding=\"async\" class=\"alignleft size-medium wp-image-134563\" alt=\"Rusya D\u0131\u015fi\u015fleri Bakan\u0131 Lavrov \u0130stanbul&#039;da\" src=\"http:\/\/www.nationalturk.com\/tr\/wp-content\/uploads\/2013\/04\/rusya-disisleri-bakani-istanbul-280x209.jpg\" width=\"280\" height=\"209\" title=\"\" srcset=\"https:\/\/www.nationalturk.com\/tr\/wp-content\/uploads\/2013\/04\/rusya-disisleri-bakani-istanbul-280x209.jpg 280w, https:\/\/www.nationalturk.com\/tr\/wp-content\/uploads\/2013\/04\/rusya-disisleri-bakani-istanbul.jpg 500w\" sizes=\"auto, (max-width: 280px) 100vw, 280px\" \/><\/a>Rusya D\u0131\u015fi\u015fleri Bakan\u0131 Sergey Lavrov \u00a0\u0130stanbul&#8217;a geldi.<\/h1>\n<p>Lavrov&#8217;u Atat\u00fcrk Havaliman\u0131&#8217;nda Rus yetkililer kar\u015f\u0131lad\u0131.<\/p>\n<p>Rusya D\u0131\u015fi\u015fleri Bakan\u0131 Sergey Lavrov&#8217;u ta\u015f\u0131yan \u00f6zel u\u00e7ak saat 20.00&#8217;de Atat\u00fcrk Havaliman\u0131 indi.<\/p>\n<p>V\u0130P salonundan \u00e7\u0131k\u0131\u015f yapan konuk Bakan Lavrov&#8217;u havaliman\u0131nda Rusya&#8217;n\u0131n Ankara B\u00fcy\u00fckel\u00e7i\u011fili ve \u0130stanbul Ba\u015fkonsoloslu\u011fu yetkilileri kar\u015f\u0131lad\u0131. Havaliman\u0131nda al\u0131nan geni\u015f g\u00fcvenlik \u00f6nlemi alt\u0131nda V\u0130P salonunda \u00e7\u0131k\u0131\u015f yapan Lavrov konvoy e\u015fli\u011finde kalaca\u011f\u0131 otele gitti.<\/p>\n<p>T\u00fcrkiye-Rusya \u00dcst D\u00fczey \u0130\u015fbirli\u011fi Konseyi&#8217;ne (\u00dcD\u0130K) ba\u011fl\u0131 Ortak Stratejik Planlama Grubu&#8217;nun (OSPG) \u00fc\u00e7\u00fcnc\u00fc toplant\u0131s\u0131na kat\u0131lmak \u00fczere \u0130stanbul&#8217;a gelen Lavrov, D\u0131\u015fi\u015fleri Bakan\u0131 Ahmet Davuto\u011flu ile birlikte T\u00fcrkiye-Rusya ikili ili\u015fkilerine dair g\u00f6r\u00fc\u015fmelerde de bulunmas\u0131 bekleniyor.<\/p>\n<!-- Error, Advert is not available at this time due to schedule\/geolocation restrictions! -->\n","protected":false},"excerpt":{"rendered":"<p>Rusya D\u0131\u015fi\u015fleri Bakan\u0131 Sergey Lavrov  \u0130stanbul&#8217;a geldi.<\/p>\n","protected":false},"author":3,"featured_media":179505,"comment_status":"open","ping_status":"open","sticky":false,"template":"","format":"standard","meta":{"_acf_changed":false,"footnotes":""},"categories":[6769,6770,6665,6155,5005],"tags":[1011,128057,721,92281,128055,27533,27534],"class_list":["post-134562","post","type-post","status-publish","format-standard","has-post-thumbnail","hentry","category-asya","category-avrupa","category-dunya","category-gundem","category-manset","tag-istanbul","tag-lavrov","tag-rusya","tag-rusya-disisleri-bakani","tag-rusya-disisleri-bakani-lavrov","tag-rusya-disisleri-bakani-sergey-lavrov","tag-sergey-lavrov"],"acf":[],"_links":{"self":[{"href":"https:\/\/www.nationalturk.com\/tr\/wp-json\/wp\/v2\/posts\/134562","targetHints":{"allow":["GET"]}}],"collection":[{"href":"https:\/\/www.nationalturk.com\/tr\/wp-json\/wp\/v2\/posts"}],"about":[{"href":"https:\/\/www.nationalturk.com\/tr\/wp-json\/wp\/v2\/types\/post"}],"author":[{"embeddable":true,"href":"https:\/\/www.nationalturk.com\/tr\/wp-json\/wp\/v2\/users\/3"}],"replies":[{"embeddable":true,"href":"https:\/\/www.nationalturk.com\/tr\/wp-json\/wp\/v2\/comments?post=134562"}],"version-history":[{"count":0,"href":"https:\/\/www.nationalturk.com\/tr\/wp-json\/wp\/v2\/posts\/134562\/revisions"}],"wp:featuredmedia":[{"embeddable":true,"href":"https:\/\/www.nationalturk.com\/tr\/wp-json\/wp\/v2\/media\/179505"}],"wp:attachment":[{"href":"https:\/\/www.nationalturk.com\/tr\/wp-json\/wp\/v2\/media?parent=134562"}],"wp:term":[{"taxonomy":"category","embeddable":true,"href":"https:\/\/www.nationalturk.com\/tr\/wp-json\/wp\/v2\/categories?post=134562"},{"taxonomy":"post_tag","embeddable":true,"href":"https:\/\/www.nationalturk.com\/tr\/wp-json\/wp\/v2\/tags?post=134562"}],"curies":[{"name":"wp","href":"https:\/\/api.w.org\/{rel}","templated":true}]}}