{"id":134866,"date":"2013-04-20T09:37:32","date_gmt":"2013-04-20T06:37:32","guid":{"rendered":"http:\/\/www.nationalturk.com\/?p=134866"},"modified":"2013-04-20T09:37:32","modified_gmt":"2013-04-20T06:37:32","slug":"kirsehir-kaza-2-olu-134866","status":"publish","type":"post","link":"https:\/\/www.nationalturk.com\/tr\/kirsehir-kaza-2-olu-134866\/","title":{"rendered":"K\u0131r\u015fehir\u2019de kaza: 2 \u00f6l\u00fc, 5 yaral\u0131"},"content":{"rendered":"<h1><a href=\"http:\/\/www.nationalturk.com\/tr\/wp-content\/uploads\/2013\/04\/kirsehir-kaza-2-olu.jpg\"><img loading=\"lazy\" decoding=\"async\" class=\"alignleft size-medium wp-image-134867\" alt=\"K\u0131r\u015fehir\u2019de kaza: 2 \u00f6l\u00fc, 5 yaral\u0131\" src=\"http:\/\/www.nationalturk.com\/tr\/wp-content\/uploads\/2013\/04\/kirsehir-kaza-2-olu-280x185.jpg\" width=\"280\" height=\"185\" title=\"\" srcset=\"https:\/\/www.nationalturk.com\/tr\/wp-content\/uploads\/2013\/04\/kirsehir-kaza-2-olu-280x185.jpg 280w, https:\/\/www.nationalturk.com\/tr\/wp-content\/uploads\/2013\/04\/kirsehir-kaza-2-olu.jpg 500w\" sizes=\"auto, (max-width: 280px) 100vw, 280px\" \/><\/a>K\u0131r\u015fehir\u2019de meydana gelen trafik kazas\u0131nda 2 ki\u015fi hayat\u0131n\u0131 kaybetti, 5 ki\u015fi yaraland\u0131.<\/h1>\n<p>Mucur il\u00e7esinin Derindere mevkisinde ger\u00e7ekle\u015fen kazada hayat\u0131n\u0131 kaybeden \u015fah\u0131slardan birisinin \u00dcrg\u00fcp \u0130l\u00e7e M\u00fcft\u00fcs\u00fc Murat \u00c7ak\u0131r oldu\u011fu \u00f6\u011frenildi.<\/p>\n<p>K\u0131r\u015fehir\u2019den Kayseri\u2019ye gitmekte olan \u00dcrg\u00fcp \u0130l\u00e7e M\u00fcft\u00fcs\u00fc Murat \u00c7ak\u0131r&#8217;\u0131n (40) y\u00f6netimindeki 50 UA 900 plakal\u0131 otomobil, direksiyon hakimiyetinin kaybedilmesi sonucu kar\u015f\u0131 \u015feride ge\u00e7erek Vedat Demirkan&#8217;\u0131n (31) kulland\u0131\u011f\u0131 06 RZ 284 plakal\u0131 kamyonetle \u00e7arp\u0131\u015ft\u0131.<\/p>\n<p>Kazada Murat \u00c7ak\u0131r ve ayn\u0131 ara\u00e7taki Yusuf \u00c7ak\u0131r (13) \u00f6ld\u00fc, Ay\u015feg\u00fcl \u00c7ak\u0131r (13), Zehra \u00c7ak\u0131r (10), Aynur \u00c7ak\u0131r (48), \u0130lker Din\u00e7er (30) ve Vedat Demirkan (31) yaraland\u0131.<\/p>\n<p>M\u00fcft\u00fc Murat \u00c7ak\u0131r&#8217;\u0131n cenazesi, s\u0131k\u0131\u015ft\u0131\u011f\u0131 ara\u00e7tan UMKE ve itfaiye ekiplerinin uzun u\u011fra\u015flar\u0131 sonucu \u00e7\u0131kar\u0131ld\u0131.<\/p>\n<p>Olay yerine \u00e7a\u011fr\u0131lan ambulansla Ahi Evran \u00dcniversitesi E\u011fitim ve Ara\u015ft\u0131rma Hastanesi&#8217;ne kald\u0131r\u0131lan yaral\u0131lar\u0131n hayati tehlikelerinin oldu\u011fu belirtildi.<\/p>\n<!-- Error, Advert is not available at this time due to schedule\/geolocation restrictions! -->\n","protected":false},"excerpt":{"rendered":"<p>K\u0131r\u015fehir\u2019de meydana gelen trafik kazas\u0131nda 2 ki\u015fi hayat\u0131n\u0131 kaybetti, 5 ki\u015fi yaraland\u0131.<\/p>\n","protected":false},"author":3,"featured_media":179440,"comment_status":"open","ping_status":"open","sticky":false,"template":"","format":"standard","meta":{"_acf_changed":false,"footnotes":""},"categories":[6155,5005,6805,6662],"tags":[44274,111721,82834,61437,53098,20401],"class_list":["post-134866","post","type-post","status-publish","format-standard","has-post-thumbnail","hentry","category-gundem","category-manset","category-turkiye","category-yasam","tag-kirsehir","tag-kirsehir-kaza","tag-kirsehir-mucur","tag-kirsehir-trafik-kazasi","tag-murat-cakir","tag-trafik-kazasi"],"acf":[],"_links":{"self":[{"href":"https:\/\/www.nationalturk.com\/tr\/wp-json\/wp\/v2\/posts\/134866","targetHints":{"allow":["GET"]}}],"collection":[{"href":"https:\/\/www.nationalturk.com\/tr\/wp-json\/wp\/v2\/posts"}],"about":[{"href":"https:\/\/www.nationalturk.com\/tr\/wp-json\/wp\/v2\/types\/post"}],"author":[{"embeddable":true,"href":"https:\/\/www.nationalturk.com\/tr\/wp-json\/wp\/v2\/users\/3"}],"replies":[{"embeddable":true,"href":"https:\/\/www.nationalturk.com\/tr\/wp-json\/wp\/v2\/comments?post=134866"}],"version-history":[{"count":0,"href":"https:\/\/www.nationalturk.com\/tr\/wp-json\/wp\/v2\/posts\/134866\/revisions"}],"wp:featuredmedia":[{"embeddable":true,"href":"https:\/\/www.nationalturk.com\/tr\/wp-json\/wp\/v2\/media\/179440"}],"wp:attachment":[{"href":"https:\/\/www.nationalturk.com\/tr\/wp-json\/wp\/v2\/media?parent=134866"}],"wp:term":[{"taxonomy":"category","embeddable":true,"href":"https:\/\/www.nationalturk.com\/tr\/wp-json\/wp\/v2\/categories?post=134866"},{"taxonomy":"post_tag","embeddable":true,"href":"https:\/\/www.nationalturk.com\/tr\/wp-json\/wp\/v2\/tags?post=134866"}],"curies":[{"name":"wp","href":"https:\/\/api.w.org\/{rel}","templated":true}]}}