{"id":135221,"date":"2013-04-26T11:23:35","date_gmt":"2013-04-26T08:23:35","guid":{"rendered":"http:\/\/www.nationalturk.com\/?p=135221"},"modified":"2013-04-26T11:23:35","modified_gmt":"2013-04-26T08:23:35","slug":"uefa-kongresi-londrada-duzenlenecek-135221","status":"publish","type":"post","link":"https:\/\/www.nationalturk.com\/tr\/uefa-kongresi-londrada-duzenlenecek-135221\/","title":{"rendered":"UEFA Kongresi Londra&#8217;da d\u00fczenlenecek"},"content":{"rendered":"<h1><img loading=\"lazy\" decoding=\"async\" class=\"alignleft size-medium wp-image-135222\" alt=\"\" src=\"http:\/\/www.nationalturk.com\/tr\/wp-content\/uploads\/2013\/04\/uefa-280x192.jpg\" width=\"280\" height=\"192\" title=\"\" srcset=\"https:\/\/www.nationalturk.com\/tr\/wp-content\/uploads\/2013\/04\/uefa-280x192.jpg 280w, https:\/\/www.nationalturk.com\/tr\/wp-content\/uploads\/2013\/04\/uefa.jpg 501w\" sizes=\"auto, (max-width: 280px) 100vw, 280px\" \/>37. Ola\u011fan UEFA Kongresi, 24 May\u0131s&#8217;ta \u0130ngiltere&#8217;nin ba\u015fkenti Londra&#8217;da d\u00fczenlenecek. Kongrede Cebelitar\u0131k Futbol Federasyonu&#8217;nun birli\u011fe \u00fcyelik ba\u015fvurusu da g\u00f6r\u00fc\u015f\u00fclecek&#8230;<\/h1>\n<p>Avrupa Futbol Federasyonlar\u0131 Birli\u011fi&#8217;nin (UEFA) internet sitesinde yer alan a\u00e7\u0131klamaya g\u00f6re, birli\u011fe \u00fcye 53 \u00fclkenin futbol y\u00f6neticileri, kongre i\u00e7in Londra&#8217;daki Grosvenor House Hotel&#8217;de bir araya gelecek.<\/p>\n<p>UEFA Ba\u015fkan\u0131 Michel Platini ve UEFA Genel Sekreteri Gianni Infantino&#8217;nun ev sahipli\u011finde d\u00fczenlenecek ola\u011fan kongrenin ard\u0131ndan, bas\u0131n toplant\u0131s\u0131 d\u00fczenlenecek. \u00a0Kongrenin ana g\u00fcndem maddelerini, UEFA Ba\u015fkan\u0131 ve \u0130cra Komitesi ile y\u00f6netimin 2011 ve 2012&#8217;ye ait y\u0131ll\u0131k raporlar\u0131, kurullar\u0131n faaliyet raporlar\u0131, 2011-2012 mali raporlar\u0131 ile 2013-2014 b\u00fct\u00e7eleri ve ye\u015fil sahalardaki \u0131rk\u00e7\u0131l\u0131\u011fa kar\u015f\u0131 \u00e7\u00f6z\u00fcm \u00f6nerileri olu\u015fturacak.<\/p>\n<p>\u0130cra Komitesi \u00fcyelerinin se\u00e7iminin de yap\u0131laca\u011f\u0131 kongrede, Cebelitar\u0131k Futbol Federasyonu&#8217;nun birli\u011fe \u00fcyelik ba\u015fvurusu g\u00f6r\u00fc\u015f\u00fclecek.<\/p>\n<!-- Error, Advert is not available at this time due to schedule\/geolocation restrictions! -->\n","protected":false},"excerpt":{"rendered":"<p>37. Ola\u011fan UEFA Kongresi, 24 May\u0131s&#8217;ta \u0130ngiltere&#8217;nin ba\u015fkenti Londra&#8217;da d\u00fczenlenecek. Kongrede Cebelitar\u0131k Futbol Federasyonu&#8217;nun birli\u011fe \u00fcyelik ba\u015fvurusu da g\u00f6r\u00fc\u015f\u00fclecek&#8230;<\/p>\n","protected":false},"author":4,"featured_media":179372,"comment_status":"open","ping_status":"open","sticky":false,"template":"","format":"standard","meta":{"_acf_changed":false,"footnotes":""},"categories":[6774,6194],"tags":[5691,847,95978],"class_list":["post-135221","post","type-post","status-publish","format-standard","has-post-thumbnail","hentry","category-futbol","category-spor","tag-londra","tag-uefa","tag-uefa-kongresi"],"acf":[],"_links":{"self":[{"href":"https:\/\/www.nationalturk.com\/tr\/wp-json\/wp\/v2\/posts\/135221","targetHints":{"allow":["GET"]}}],"collection":[{"href":"https:\/\/www.nationalturk.com\/tr\/wp-json\/wp\/v2\/posts"}],"about":[{"href":"https:\/\/www.nationalturk.com\/tr\/wp-json\/wp\/v2\/types\/post"}],"author":[{"embeddable":true,"href":"https:\/\/www.nationalturk.com\/tr\/wp-json\/wp\/v2\/users\/4"}],"replies":[{"embeddable":true,"href":"https:\/\/www.nationalturk.com\/tr\/wp-json\/wp\/v2\/comments?post=135221"}],"version-history":[{"count":0,"href":"https:\/\/www.nationalturk.com\/tr\/wp-json\/wp\/v2\/posts\/135221\/revisions"}],"wp:featuredmedia":[{"embeddable":true,"href":"https:\/\/www.nationalturk.com\/tr\/wp-json\/wp\/v2\/media\/179372"}],"wp:attachment":[{"href":"https:\/\/www.nationalturk.com\/tr\/wp-json\/wp\/v2\/media?parent=135221"}],"wp:term":[{"taxonomy":"category","embeddable":true,"href":"https:\/\/www.nationalturk.com\/tr\/wp-json\/wp\/v2\/categories?post=135221"},{"taxonomy":"post_tag","embeddable":true,"href":"https:\/\/www.nationalturk.com\/tr\/wp-json\/wp\/v2\/tags?post=135221"}],"curies":[{"name":"wp","href":"https:\/\/api.w.org\/{rel}","templated":true}]}}