{"id":135302,"date":"2013-04-27T12:41:45","date_gmt":"2013-04-27T09:41:45","guid":{"rendered":"http:\/\/www.nationalturk.com\/?p=135302"},"modified":"2013-04-27T12:41:45","modified_gmt":"2013-04-27T09:41:45","slug":"ermeni-asilli-yildizdan-soykirim-mesaji-135302","status":"publish","type":"post","link":"https:\/\/www.nationalturk.com\/tr\/ermeni-asilli-yildizdan-soykirim-mesaji-135302\/","title":{"rendered":"Ermeni as\u0131ll\u0131 y\u0131ld\u0131zdan \u201cSoyk\u0131r\u0131m\u201d mesaj\u0131"},"content":{"rendered":"<h1><a href=\"http:\/\/www.nationalturk.com\/tr\/wp-content\/uploads\/2013\/04\/kim-kardashian-soykirim.jpg\"><img loading=\"lazy\" decoding=\"async\" class=\"alignleft size-medium wp-image-135303\" alt=\"Ermeni as\u0131ll\u0131 y\u0131ld\u0131zdan \u201cSoyk\u0131r\u0131m\u201d mesaj\u0131\" src=\"http:\/\/www.nationalturk.com\/tr\/wp-content\/uploads\/2013\/04\/kim-kardashian-soykirim-280x186.jpg\" width=\"280\" height=\"186\" title=\"\" srcset=\"https:\/\/www.nationalturk.com\/tr\/wp-content\/uploads\/2013\/04\/kim-kardashian-soykirim-280x186.jpg 280w, https:\/\/www.nationalturk.com\/tr\/wp-content\/uploads\/2013\/04\/kim-kardashian-soykirim.jpg 300w\" sizes=\"auto, (max-width: 280px) 100vw, 280px\" \/><\/a>Ermeni as\u0131ll\u0131 Amerikal\u0131 \u015fov y\u0131ld\u0131z\u0131 Kim Kardashian Ermeni Soyk\u0131r\u0131m\u0131 hakk\u0131nda a\u00e7\u0131klamalar yapt\u0131.<\/h1>\n<p>Kim Kardashian Ermeni Soyk\u0131r\u0131m\u0131 iddialar\u0131n\u0131 anma faaliyetlerine olan deste\u011fini, &#8220;Celebuzz&#8221; adl\u0131 kendine ait internet sitesine &#8220;Ermeni soyk\u0131r\u0131m\u0131n\u0131 asla unutmayaca\u011f\u0131m&#8221; yazarak dile getirdi.<\/p>\n<p>\u00d6ld\u00fcr\u00fclen 1.5 milyon Ermeni&#8217;nin asla unutulmayaca\u011f\u0131n\u0131 ve unutulmamas\u0131 gerekti\u011fini belirten Kardashian, \u015funlar\u0131 s\u00f6yledi:<\/p>\n<p>&#8220;O y\u00fczden Ermeni Soyk\u0131r\u0131m\u0131&#8217;n\u0131 anlatmak benim i\u00e7in \u00e7ok \u00f6nemli. 1915 Ermeni Soyk\u0131r\u0131m\u0131&#8217;nda \u00f6ld\u00fcr\u00fclen 1.5 milyon Ermeni&#8217;nin an\u0131s\u0131n\u0131 ya\u015fatmak da benim i\u00e7in \u00e7ok \u00f6nemli. Dualar\u0131m ve d\u00fc\u015f\u00fcncelerim her zaman Ermeni dostlar\u0131mla birlikte olacak. Atalar\u0131m\u0131n ya\u015fad\u0131\u011f\u0131 korku ve ac\u0131y\u0131 asla unutmayaca\u011f\u0131m ve etraf\u0131mdakilerin ger\u00e7e\u011fi \u00f6\u011frenmesi i\u00e7in elimden geleni yapaca\u011f\u0131m.&#8221;<\/p>\n<!-- Error, Advert is not available at this time due to schedule\/geolocation restrictions! -->\n","protected":false},"excerpt":{"rendered":"<p>Ermeni as\u0131ll\u0131 Amerikal\u0131 \u015fov y\u0131ld\u0131z\u0131 Kim Kardashian Ermeni Soyk\u0131r\u0131m\u0131 hakk\u0131nda a\u00e7\u0131klamalar yapt\u0131.<\/p>\n","protected":false},"author":3,"featured_media":179360,"comment_status":"open","ping_status":"open","sticky":false,"template":"","format":"standard","meta":{"_acf_changed":false,"footnotes":""},"categories":[6768,6665,6664,6155,6232,5005,67944],"tags":[21586,128818,826],"class_list":["post-135302","post","type-post","status-publish","format-standard","has-post-thumbnail","hentry","category-amerika","category-dunya","category-eglence","category-gundem","category-magazin","category-manset","category-yurtdisi-magazin-haberleri","tag-ermeni-soykirimi","tag-ermeni-soykirimi-iddialari","tag-kim-kardashian"],"acf":[],"_links":{"self":[{"href":"https:\/\/www.nationalturk.com\/tr\/wp-json\/wp\/v2\/posts\/135302","targetHints":{"allow":["GET"]}}],"collection":[{"href":"https:\/\/www.nationalturk.com\/tr\/wp-json\/wp\/v2\/posts"}],"about":[{"href":"https:\/\/www.nationalturk.com\/tr\/wp-json\/wp\/v2\/types\/post"}],"author":[{"embeddable":true,"href":"https:\/\/www.nationalturk.com\/tr\/wp-json\/wp\/v2\/users\/3"}],"replies":[{"embeddable":true,"href":"https:\/\/www.nationalturk.com\/tr\/wp-json\/wp\/v2\/comments?post=135302"}],"version-history":[{"count":0,"href":"https:\/\/www.nationalturk.com\/tr\/wp-json\/wp\/v2\/posts\/135302\/revisions"}],"wp:featuredmedia":[{"embeddable":true,"href":"https:\/\/www.nationalturk.com\/tr\/wp-json\/wp\/v2\/media\/179360"}],"wp:attachment":[{"href":"https:\/\/www.nationalturk.com\/tr\/wp-json\/wp\/v2\/media?parent=135302"}],"wp:term":[{"taxonomy":"category","embeddable":true,"href":"https:\/\/www.nationalturk.com\/tr\/wp-json\/wp\/v2\/categories?post=135302"},{"taxonomy":"post_tag","embeddable":true,"href":"https:\/\/www.nationalturk.com\/tr\/wp-json\/wp\/v2\/tags?post=135302"}],"curies":[{"name":"wp","href":"https:\/\/api.w.org\/{rel}","templated":true}]}}