{"id":135326,"date":"2013-04-29T09:55:51","date_gmt":"2013-04-29T06:55:51","guid":{"rendered":"http:\/\/www.nationalturk.com\/?p=135326"},"modified":"2013-04-29T09:55:51","modified_gmt":"2013-04-29T06:55:51","slug":"yesilkoyde-silahli-saldiri-dehseti-135326","status":"publish","type":"post","link":"https:\/\/www.nationalturk.com\/tr\/yesilkoyde-silahli-saldiri-dehseti-135326\/","title":{"rendered":"Ye\u015filk\u00f6y&#8217;de silahl\u0131 sald\u0131r\u0131 deh\u015feti"},"content":{"rendered":"<h1><img loading=\"lazy\" decoding=\"async\" class=\"alignleft size-medium wp-image-135327\" alt=\"Ye\u015filk\u00f6y\" src=\"http:\/\/www.nationalturk.com\/tr\/wp-content\/uploads\/2013\/04\/yesilkoy_saldiri-275x220.jpg\" width=\"275\" height=\"220\" title=\"\" srcset=\"https:\/\/www.nationalturk.com\/tr\/wp-content\/uploads\/2013\/04\/yesilkoy_saldiri-275x220.jpg 275w, https:\/\/www.nationalturk.com\/tr\/wp-content\/uploads\/2013\/04\/yesilkoy_saldiri-500x400.jpg 500w, https:\/\/www.nationalturk.com\/tr\/wp-content\/uploads\/2013\/04\/yesilkoy_saldiri.jpg 520w\" sizes=\"auto, (max-width: 275px) 100vw, 275px\" \/>\u0130stanbul&#8217;un Ye\u015filk\u00f6y semtinde rahats\u0131z edici davran\u0131\u015flar\u0131 gerek\u00e7e g\u00f6sterilerek bir kafeden \u00e7\u0131kart\u0131lan 3 ki\u015fi kafenin bulundu\u011fu yere uzun namlulu silahlarla geri d\u00f6nerek deh\u015fet sa\u00e7t\u0131.<\/h1>\n<p>Al\u0131nan bilgilere g\u00f6re d\u00fcn ak\u015fam saatlerinde Ye\u015filk\u00f6y \u0130stasyon caddesi \u00fczerinde meydana gelen olayda bir kafede oturan 3 ki\u015fi y\u00fcksek sesle konu\u015farak g\u00fcr\u00fclt\u00fc yapt\u0131klar\u0131 gerek\u00e7esiyle \u00e7al\u0131\u015fanlar taraf\u0131ndan uyar\u0131ld\u0131. Uyar\u0131lara kulak asmayan ki\u015filer daha sonra mekan \u00e7al\u0131\u015fanlar\u0131 taraf\u0131ndan d\u0131\u015far\u0131 \u00e7\u0131kar\u0131ld\u0131. 3 ki\u015fi daha sonra kalabal\u0131k bir grupla caddeye d\u00f6nerek deh\u015fet sa\u00e7t\u0131.<\/p>\n<p>Ellerindeki uzun namlulu silah ve sopalarla kafenin bulundu\u011fu soka\u011fa giren sald\u0131rganlar etrafa ate\u015f a\u00e7\u0131p \u00e7al\u0131\u015fanlara sald\u0131rd\u0131. M\u00fc\u015fterilerin panik ve korku i\u00e7inde ka\u00e7\u0131\u015ft\u0131\u011f\u0131 sald\u0131r\u0131da H\u00fcseyin Erg\u00fcn sol baca\u011f\u0131ndan Veysel Fikir ise sa\u011f bald\u0131r\u0131ndan vuruldu. Volkan \u00c7akmak ise sopalarla d\u00f6v\u00fcld\u00fc. \u00c7evredeki esnaf\u0131n tepkisi \u00fczerine sald\u0131rganlar geldikleri 34 BDT 58 ve 34 GB 4419 plakal\u0131 ara\u00e7larla ka\u00e7t\u0131lar. Sald\u0131rganlar\u0131n karga\u015fa s\u0131ras\u0131nda 34 NA 900 plakal\u0131 l\u00fcks arac\u0131 olay yerinde b\u0131rakt\u0131\u011f\u0131 anla\u015f\u0131ld\u0131.<\/p>\n<p>Polis b\u0131rak\u0131lan otomobili incelemeye alarak sald\u0131rganlar\u0131 tespit etmek i\u00e7in ara\u015ft\u0131rmalara ba\u015flad\u0131. Hastanede tedavi alt\u0131na al\u0131nan yaral\u0131lar\u0131n sa\u011fl\u0131k durumunun iyi oldu\u011fu \u00f6\u011frenildi.<\/p>\n<!-- Error, Advert is not available at this time due to schedule\/geolocation restrictions! -->\n","protected":false},"excerpt":{"rendered":"<p>\u0130stanbul&#8217;un Ye\u015filk\u00f6y semtinde rahats\u0131z edici davran\u0131\u015flar\u0131 gerek\u00e7e g\u00f6sterilerek bir kafeden \u00e7\u0131kart\u0131lan 3 ki\u015fi kafenin bulundu\u011fu yere uzun namlulu silahlarla geri d\u00f6nerek deh\u015fet sa\u00e7t\u0131.<\/p>\n","protected":false},"author":4,"featured_media":179354,"comment_status":"open","ping_status":"open","sticky":false,"template":"","format":"standard","meta":{"_acf_changed":false,"footnotes":""},"categories":[6155,5005,349,6805],"tags":[1011,39617,66427],"class_list":["post-135326","post","type-post","status-publish","format-standard","has-post-thumbnail","hentry","category-gundem","category-manset","category-son-dakika","category-turkiye","tag-istanbul","tag-yesilkoy","tag-yesilkoy-istasyon-caddesi"],"acf":[],"_links":{"self":[{"href":"https:\/\/www.nationalturk.com\/tr\/wp-json\/wp\/v2\/posts\/135326","targetHints":{"allow":["GET"]}}],"collection":[{"href":"https:\/\/www.nationalturk.com\/tr\/wp-json\/wp\/v2\/posts"}],"about":[{"href":"https:\/\/www.nationalturk.com\/tr\/wp-json\/wp\/v2\/types\/post"}],"author":[{"embeddable":true,"href":"https:\/\/www.nationalturk.com\/tr\/wp-json\/wp\/v2\/users\/4"}],"replies":[{"embeddable":true,"href":"https:\/\/www.nationalturk.com\/tr\/wp-json\/wp\/v2\/comments?post=135326"}],"version-history":[{"count":0,"href":"https:\/\/www.nationalturk.com\/tr\/wp-json\/wp\/v2\/posts\/135326\/revisions"}],"wp:featuredmedia":[{"embeddable":true,"href":"https:\/\/www.nationalturk.com\/tr\/wp-json\/wp\/v2\/media\/179354"}],"wp:attachment":[{"href":"https:\/\/www.nationalturk.com\/tr\/wp-json\/wp\/v2\/media?parent=135326"}],"wp:term":[{"taxonomy":"category","embeddable":true,"href":"https:\/\/www.nationalturk.com\/tr\/wp-json\/wp\/v2\/categories?post=135326"},{"taxonomy":"post_tag","embeddable":true,"href":"https:\/\/www.nationalturk.com\/tr\/wp-json\/wp\/v2\/tags?post=135326"}],"curies":[{"name":"wp","href":"https:\/\/api.w.org\/{rel}","templated":true}]}}