{"id":135427,"date":"2013-04-30T11:39:08","date_gmt":"2013-04-30T08:39:08","guid":{"rendered":"http:\/\/www.nationalturk.com\/?p=135427"},"modified":"2026-02-15T13:31:57","modified_gmt":"2026-02-15T10:31:57","slug":"vali-yine-konustu-taksimde-1-mayis-kutlamasi-olmaz-30-metre-hafriyat-var-135427","status":"publish","type":"post","link":"https:\/\/www.nationalturk.com\/tr\/vali-yine-konustu-taksimde-1-mayis-kutlamasi-olmaz-30-metre-hafriyat-var-135427\/","title":{"rendered":"Vali yine konu\u015ftu: Taksim&#8217;de 1 May\u0131s kutlamas\u0131 olmaz, 30 metre hafriyat var"},"content":{"rendered":"<h1><img loading=\"lazy\" decoding=\"async\" class=\"alignnone size-large wp-image-135428\" alt=\"Taksim\" src=\"http:\/\/www.nationalturk.com\/tr\/wp-content\/uploads\/2013\/04\/taksim_1_mayis_bariyer-610x320.jpg\" width=\"610\" height=\"320\" title=\"\" srcset=\"https:\/\/www.nationalturk.com\/tr\/wp-content\/uploads\/2013\/04\/taksim_1_mayis_bariyer-610x320.jpg 610w, https:\/\/www.nationalturk.com\/tr\/wp-content\/uploads\/2013\/04\/taksim_1_mayis_bariyer-280x147.jpg 280w, https:\/\/www.nationalturk.com\/tr\/wp-content\/uploads\/2013\/04\/taksim_1_mayis_bariyer.jpg 712w\" sizes=\"auto, (max-width: 610px) 100vw, 610px\" \/><\/h1>\n<h1>\u0130stanbul Valisi H\u00fcseyin Avni Mutlu 1 May\u0131s \u00f6ncesi Taksim&#8217;le ilgili yine a\u00e7\u0131klamalarda bulundu. Taksim Meydan\u0131&#8217;nda konu\u015fan Vali Mutlu, in\u015faat \u00e7al\u0131\u015fmalar\u0131 nedeniyle mitinge kesinlikle izin vermeyeceklerini yineledi.<\/h1>\n<p>Vali H\u00fcseyin Avni Mutlu \u015funlar\u0131 s\u00f6yledi.<\/p>\n<p>&#8220;Yar\u0131n 1 May\u0131s Emek ve Dayan\u0131\u015fma G\u00fcn\u00fc&#8217;n\u00fcn arzu etti\u011fimiz nitelikle kutlama imkan\u0131n\u0131n olmayaca\u011f\u0131n\u0131 d\u00fc\u015f\u00fcn\u00fcyorum. \u0130lgili sendikac\u0131lara her y\u0131l Taksim&#8217;de yap\u0131lmakta olan bu kutlamalar\u0131 Taksim Meydan&#8217;\u0131ndaki fiziki \u015fartlardan dolay\u0131 yap\u0131lamayaca\u011f\u0131 s\u00f6ylenmi\u015fti. Bu kutlaman\u0131n in\u015faatlar\u0131n yo\u011fun kapsam\u0131 alt\u0131nda yap\u0131lmas\u0131 risklidir. Bu mitingin burada huzurlu yap\u0131lmas\u0131 m\u00fcmk\u00fcn de\u011fildir.<\/p>\n<p>D\u0130SK ba\u015fta olmak \u00fczere dendikalar\u0131m\u0131z bu riskli alan\u0131 kullanma istekleri, akl\u0131 selimle ba\u011flant\u0131land\u0131r\u0131lmas\u0131 zordur. Bunu kamuoyumuza Taksim&#8217;in mevcut haliyle ifade etmek i\u00e7in birlikteyiz.<\/p>\n<p>Toplanmaya kesinlikle izin verilemeyecektir. Bu \u00e7a\u011fr\u0131m\u0131z\u0131 dikkatle de\u011ferlendirilmelerini bekliyorum ve halk\u0131m\u0131z\u0131n sa\u011f duyusuna inan\u0131yorum. Taksim Meydan\u0131&#8217;nda ve g\u00fczergahlar\u0131nda g\u00fcvenlik \u00f6nlemleri al\u0131nacakt\u0131r.<\/p>\n<p>Tek iznimiz \u00e7elenk koyma ve sembolik anma i\u00e7indir.<\/p>\n<p>Kazl\u0131\u00e7e\u015fme\u2019de bu mitingin yap\u0131lmas\u0131 i\u00e7in \u00e7a\u011fr\u0131da bulunduk. Ancak ne hikmetse \u0131srarl\u0131 bir \u015fekilde bu riskli b\u00f6lgede miting yapma konusunda \u0131srarl\u0131 g\u00f6r\u00fc\u015flerini s\u00fcrd\u00fcrd\u00fcler. Taksim meydan\u0131nda 30 metreye kadar varan \u00e7ok ciddi hafriyatlar var. Bu s\u0131k\u0131nt\u0131l\u0131 ortamda yap\u0131lacak mitingin ne b\u00fcy\u00fck felaketler do\u011furaca\u011f\u0131 ortadad\u0131r.&#8221;<\/p>\n<div class=\"a-single a-370\"><iframe style=\"width:610px; height:125px;\" name=\"610x90\" marginWidth=\"0\" frameSpacing=\"0\" marginHeight=\"0\" frameBorder=\"0\" scrolling=\"no\" target=\"_self\" src=\"http:\/\/www.ajansreklam.net\/reklam\/moskova-1-mayis-610x90.php\"><\/iframe><\/div>\n","protected":false},"excerpt":{"rendered":"<p>\u0130stanbul Valisi H\u00fcseyin Avni Mutlu 1 May\u0131s \u00f6ncesi Taksim&#8217;le ilgili yine a\u00e7\u0131klamalarda bulundu. Taksim Meydan\u0131&#8217;nda konu\u015fan Vali Mutlu, in\u015faat \u00e7al\u0131\u015fmalar\u0131 nedeniyle mitinge kesinlikle izin vermeyeceklerini yineledi.<\/p>\n","protected":false},"author":4,"featured_media":179332,"comment_status":"open","ping_status":"open","sticky":false,"template":"","format":"standard","meta":{"_acf_changed":false,"footnotes":""},"categories":[6155,5005,6202,349,6805,6662],"tags":[125840,23171,24758,1011,98898,3805,6622,52192],"class_list":["post-135427","post","type-post","status-publish","format-standard","has-post-thumbnail","hentry","category-gundem","category-manset","category-politika","category-son-dakika","category-turkiye","category-yasam","tag-1-mayis-2013","tag-1-mayis-taksim","tag-huseyin-avni-mutlu","tag-istanbul","tag-istanbul-valisi","tag-taksim","tag-taksim-meydani","tag-vali"],"acf":[],"_links":{"self":[{"href":"https:\/\/www.nationalturk.com\/tr\/wp-json\/wp\/v2\/posts\/135427","targetHints":{"allow":["GET"]}}],"collection":[{"href":"https:\/\/www.nationalturk.com\/tr\/wp-json\/wp\/v2\/posts"}],"about":[{"href":"https:\/\/www.nationalturk.com\/tr\/wp-json\/wp\/v2\/types\/post"}],"author":[{"embeddable":true,"href":"https:\/\/www.nationalturk.com\/tr\/wp-json\/wp\/v2\/users\/4"}],"replies":[{"embeddable":true,"href":"https:\/\/www.nationalturk.com\/tr\/wp-json\/wp\/v2\/comments?post=135427"}],"version-history":[{"count":1,"href":"https:\/\/www.nationalturk.com\/tr\/wp-json\/wp\/v2\/posts\/135427\/revisions"}],"predecessor-version":[{"id":306897,"href":"https:\/\/www.nationalturk.com\/tr\/wp-json\/wp\/v2\/posts\/135427\/revisions\/306897"}],"wp:featuredmedia":[{"embeddable":true,"href":"https:\/\/www.nationalturk.com\/tr\/wp-json\/wp\/v2\/media\/179332"}],"wp:attachment":[{"href":"https:\/\/www.nationalturk.com\/tr\/wp-json\/wp\/v2\/media?parent=135427"}],"wp:term":[{"taxonomy":"category","embeddable":true,"href":"https:\/\/www.nationalturk.com\/tr\/wp-json\/wp\/v2\/categories?post=135427"},{"taxonomy":"post_tag","embeddable":true,"href":"https:\/\/www.nationalturk.com\/tr\/wp-json\/wp\/v2\/tags?post=135427"}],"curies":[{"name":"wp","href":"https:\/\/api.w.org\/{rel}","templated":true}]}}