{"id":135477,"date":"2013-04-30T17:47:36","date_gmt":"2013-04-30T14:47:36","guid":{"rendered":"http:\/\/www.nationalturk.com\/?p=135477"},"modified":"2013-04-30T17:47:52","modified_gmt":"2013-04-30T14:47:52","slug":"kamer-genc-erdoganin-talimatiyla-akpliler-beni-oldurmeye-kalkacak-135477","status":"publish","type":"post","link":"https:\/\/www.nationalturk.com\/tr\/kamer-genc-erdoganin-talimatiyla-akpliler-beni-oldurmeye-kalkacak-135477\/","title":{"rendered":"Kamer Gen\u00e7: Erdo\u011fan&#8217;\u0131n talimat\u0131yla AKP&#8217;liler beni \u00f6ld\u00fcrmeye kalkacak"},"content":{"rendered":"<h1><img loading=\"lazy\" decoding=\"async\" class=\"alignleft size-medium wp-image-135478\" alt=\"Kamer Gen\u00e7\" src=\"http:\/\/www.nationalturk.com\/tr\/wp-content\/uploads\/2013\/04\/kamer_genc_olaylar-280x206.jpg\" width=\"280\" height=\"206\" title=\"\" srcset=\"https:\/\/www.nationalturk.com\/tr\/wp-content\/uploads\/2013\/04\/kamer_genc_olaylar-280x206.jpg 280w, https:\/\/www.nationalturk.com\/tr\/wp-content\/uploads\/2013\/04\/kamer_genc_olaylar-543x400.jpg 543w, https:\/\/www.nationalturk.com\/tr\/wp-content\/uploads\/2013\/04\/kamer_genc_olaylar.jpg 712w\" sizes=\"auto, (max-width: 280px) 100vw, 280px\" \/>CHP Tunceli Milletvekili Kamer Gen\u00e7, Ba\u015fbakan Erdo\u011fan&#8217;\u0131n talimat\u0131yla AKP&#8217;li milletvekillerinin kendisini \u00f6ld\u00fcrmeye kalkacaklar\u0131n\u0131 iddia etti.<\/h1>\n<p>Gen\u00e7, Meclis&#8217;te d\u00fczenledi\u011fi bas\u0131n toplant\u0131s\u0131nda, ge\u00e7en hafta Aile ve Sosyal Politikalar Bakan\u0131 Fatma \u015eahin ile aralar\u0131nda ge\u00e7en diyalo\u011fu an\u0131msatarak, \u015eahin&#8217;e &#8221;Atat\u00fcrk Cumhuriyeti kurmasayd\u0131 siz bilmem hangi tarikat mensubunun ka\u00e7\u0131nc\u0131 e\u015fi olurdunuz-&#8221; dedi\u011fini, bunun bir hakaret olmad\u0131\u011f\u0131n\u0131, tarihi bir ger\u00e7e\u011fi vurgulad\u0131\u011f\u0131n\u0131 ileri s\u00fcrd\u00fc.<\/p>\n<p>Kamer Gen\u00e7, bug\u00fcn TBMM Genel Kurulu&#8217;nda ayn\u0131 konuda \u00e7\u0131kan tart\u0131\u015fmada, AK Parti Tokat Milletvekili Zeyid Aslan ve baz\u0131 AK Parti milletvekillerinin kendisine a\u011f\u0131r k\u00fcf\u00fcrler etti\u011fini iddia etti. Tutanaktan, kendisine y\u00f6nelik k\u00fcf\u00fcrlerden baz\u0131lar\u0131n\u0131 okuyan Gen\u00e7, s\u00f6z konusu tutana\u011f\u0131 Ba\u015fbakan Recep Tayyip Erdo\u011fan&#8217;a sunaca\u011f\u0131n\u0131 ifade etti.<\/p>\n<p>AK Parti&#8217;nin kendisini hedef g\u00f6sterdi\u011fini, Ba\u015fbakan Erdo\u011fan&#8217;\u0131n kendisi i\u00e7in &#8221;m\u00fcsvedde&#8221; ifadesini kulland\u0131\u011f\u0131n\u0131 belirten Gen\u00e7, \u015f\u00f6yle devam etti:<\/p>\n<p>&#8221;Ben kimseye hakaret etmedim. Tayyip Erdo\u011fan bug\u00fcn gruba verdi\u011fi talimat \u00fczerine diyor ki &#8216;Kamer Gen\u00e7&#8217;i \u00f6ld\u00fcr\u00fcn.&#8217; T\u00fcrk halk\u0131 \u015funu bilsin ki bundan sonra Tayyip Erdo\u011fan&#8217;\u0131n verdi\u011fi talimatla AKP&#8217;li milletvekilleri beni \u00f6ld\u00fcrmeye kalkacaklar. Zaten ellerinden gelse onlar beni diri diri yakacaklar.<\/p>\n<p>Hepsi sald\u0131rd\u0131 bana. Benim ba\u015f\u0131ma bir \u015fey gelirse bunun tek sorumlusu Tayyip Erdo\u011fan&#8217;d\u0131r. AKP&#8217;liler beni hedef se\u00e7mi\u015fler. Ama benim de seven insanlar\u0131m var. Benim de \u00e7oluk \u00e7ocu\u011fum var, akrabalar\u0131m var. Benim \u00e7evremdeki insanlar \u00f6c\u00fcm\u00fc al\u0131rlar.&#8221;<\/p>\n<span style=\"font-weight: bold; color: #f00;\">Error, group does not exist! Check your syntax! (ID: 62)<\/span>\n","protected":false},"excerpt":{"rendered":"<p>CHP Tunceli Milletvekili Kamer Gen\u00e7, Ba\u015fbakan Erdo\u011fan&#8217;\u0131n talimat\u0131yla AKP&#8217;li milletvekillerinin kendisini \u00f6ld\u00fcrmeye kalkacaklar\u0131n\u0131 iddia etti.<\/p>\n","protected":false},"author":4,"featured_media":179324,"comment_status":"open","ping_status":"open","sticky":false,"template":"","format":"standard","meta":{"_acf_changed":false,"footnotes":""},"categories":[6155,5005,6202,349,6805],"tags":[3557,9476,11850,22061,22042,787,128989],"class_list":["post-135477","post","type-post","status-publish","format-standard","has-post-thumbnail","hentry","category-gundem","category-manset","category-politika","category-son-dakika","category-turkiye","tag-ak-parti","tag-akp","tag-kamer-genc","tag-kamer-genc-kavga","tag-kamer-genc-tartisma","tag-recep-tayyip-erdogan","tag-zeyid-aslan"],"acf":[],"_links":{"self":[{"href":"https:\/\/www.nationalturk.com\/tr\/wp-json\/wp\/v2\/posts\/135477","targetHints":{"allow":["GET"]}}],"collection":[{"href":"https:\/\/www.nationalturk.com\/tr\/wp-json\/wp\/v2\/posts"}],"about":[{"href":"https:\/\/www.nationalturk.com\/tr\/wp-json\/wp\/v2\/types\/post"}],"author":[{"embeddable":true,"href":"https:\/\/www.nationalturk.com\/tr\/wp-json\/wp\/v2\/users\/4"}],"replies":[{"embeddable":true,"href":"https:\/\/www.nationalturk.com\/tr\/wp-json\/wp\/v2\/comments?post=135477"}],"version-history":[{"count":0,"href":"https:\/\/www.nationalturk.com\/tr\/wp-json\/wp\/v2\/posts\/135477\/revisions"}],"wp:featuredmedia":[{"embeddable":true,"href":"https:\/\/www.nationalturk.com\/tr\/wp-json\/wp\/v2\/media\/179324"}],"wp:attachment":[{"href":"https:\/\/www.nationalturk.com\/tr\/wp-json\/wp\/v2\/media?parent=135477"}],"wp:term":[{"taxonomy":"category","embeddable":true,"href":"https:\/\/www.nationalturk.com\/tr\/wp-json\/wp\/v2\/categories?post=135477"},{"taxonomy":"post_tag","embeddable":true,"href":"https:\/\/www.nationalturk.com\/tr\/wp-json\/wp\/v2\/tags?post=135477"}],"curies":[{"name":"wp","href":"https:\/\/api.w.org\/{rel}","templated":true}]}}