{"id":135524,"date":"2013-05-01T16:00:20","date_gmt":"2013-05-01T13:00:20","guid":{"rendered":"http:\/\/www.nationalturk.com\/?p=135524"},"modified":"2013-05-02T19:14:05","modified_gmt":"2013-05-02T16:14:05","slug":"mersin-olaysiz-1-mayis-135524","status":"publish","type":"post","link":"https:\/\/www.nationalturk.com\/tr\/mersin-olaysiz-1-mayis-135524\/","title":{"rendered":"Mersin&#8217;de olays\u0131z 1 May\u0131s"},"content":{"rendered":"<h1><a href=\"http:\/\/www.nationalturk.com\/tr\/wp-content\/uploads\/2013\/05\/mersin-1-mayis-kutlamalari.jpg\"><img loading=\"lazy\" decoding=\"async\" class=\"alignleft size-medium wp-image-135525\" alt=\"mersin-1-mayis-kutlamalari\" src=\"http:\/\/www.nationalturk.com\/tr\/wp-content\/uploads\/2013\/05\/mersin-1-mayis-kutlamalari-280x186.jpg\" width=\"280\" height=\"186\" title=\"\" srcset=\"https:\/\/www.nationalturk.com\/tr\/wp-content\/uploads\/2013\/05\/mersin-1-mayis-kutlamalari-280x186.jpg 280w, https:\/\/www.nationalturk.com\/tr\/wp-content\/uploads\/2013\/05\/mersin-1-mayis-kutlamalari.jpg 500w\" sizes=\"auto, (max-width: 280px) 100vw, 280px\" \/><\/a>Mersin&#8217;de 1 May\u0131s Emek ve Dayan\u0131\u015fma G\u00fcn\u00fc bayram havas\u0131nda kutland\u0131.<\/h1>\n<p>Sanat\u00e7\u0131 Selda Ba\u011fcan&#8217;\u0131n konser verdi\u011fi kutlamalarda vatanda\u015flar halaylar e\u015fli\u011finde e\u011flendi.<\/p>\n<p>\u00c7e\u015fitli sendikalar\u0131n \u00fcyeleri Mersin Tren Gar\u0131 \u00f6n\u00fcnde toplanarak a\u00e7t\u0131klar\u0131 pankartlar ve sloganlar e\u015fli\u011finde \u0130stiklal Caddesi&#8217;nden Cumhuriyet Meydan\u0131&#8217;na kadar y\u00fcr\u00fcd\u00fc. Geni\u015f g\u00fcvenlik \u00f6nlemi alan polis kat\u0131lanlar\u0131n \u00fczerini arayarak i\u00e7eri ald\u0131.<\/p>\n<p>1 May\u0131s kutlamalar\u0131nda sendika temsilcilerinin konu\u015fmas\u0131n\u0131n ard\u0131ndan sanat\u00e7\u0131 Selda Ba\u011fcan konser verdi. Vatanda\u015flar Ba\u011fcan&#8217;\u0131n s\u00f6yledi\u011fi par\u00e7alara halaylarla e\u015flik etti.<\/p>\n<p>1 May\u0131s Emek ve Dayan\u0131\u015fma G\u00fcn\u00fc&#8217;n\u00fcn en ilgin\u00e7 g\u00f6r\u00fcnt\u00fcs\u00fcn\u00fc ise i\u015f\u00e7iler y\u00fcr\u00fcrken ve alandaki program sonras\u0131 \u00e7al\u0131\u015fan baz\u0131 \u00e7ocuklar\u0131n ka\u011f\u0131t ve plastik toplamas\u0131 olu\u015fturdu.<\/p>\n<div class=\"a-single a-370\"><iframe style=\"width:610px; height:125px;\" name=\"610x90\" marginWidth=\"0\" frameSpacing=\"0\" marginHeight=\"0\" frameBorder=\"0\" scrolling=\"no\" target=\"_self\" src=\"http:\/\/www.ajansreklam.net\/reklam\/moskova-1-mayis-610x90.php\"><\/iframe><\/div>\n","protected":false},"excerpt":{"rendered":"<p>Mersin&#8217;de 1 May\u0131s Emek ve Dayan\u0131\u015fma G\u00fcn\u00fc bayram havas\u0131nda kutland\u0131.<\/p>\n","protected":false},"author":3,"featured_media":179315,"comment_status":"open","ping_status":"open","sticky":false,"template":"","format":"standard","meta":{"_acf_changed":false,"footnotes":""},"categories":[6155,5005,6805,6662],"tags":[928,129032,932,929,3131,13433],"class_list":["post-135524","post","type-post","status-publish","format-standard","has-post-thumbnail","hentry","category-gundem","category-manset","category-turkiye","category-yasam","tag-1-mayis","tag-1-mayis-emek-ve-dayanisma-gunu","tag-1-mayis-kutlamalari","tag-isci-bayrami","tag-mersin","tag-selda-bagcan"],"acf":[],"_links":{"self":[{"href":"https:\/\/www.nationalturk.com\/tr\/wp-json\/wp\/v2\/posts\/135524","targetHints":{"allow":["GET"]}}],"collection":[{"href":"https:\/\/www.nationalturk.com\/tr\/wp-json\/wp\/v2\/posts"}],"about":[{"href":"https:\/\/www.nationalturk.com\/tr\/wp-json\/wp\/v2\/types\/post"}],"author":[{"embeddable":true,"href":"https:\/\/www.nationalturk.com\/tr\/wp-json\/wp\/v2\/users\/3"}],"replies":[{"embeddable":true,"href":"https:\/\/www.nationalturk.com\/tr\/wp-json\/wp\/v2\/comments?post=135524"}],"version-history":[{"count":0,"href":"https:\/\/www.nationalturk.com\/tr\/wp-json\/wp\/v2\/posts\/135524\/revisions"}],"wp:featuredmedia":[{"embeddable":true,"href":"https:\/\/www.nationalturk.com\/tr\/wp-json\/wp\/v2\/media\/179315"}],"wp:attachment":[{"href":"https:\/\/www.nationalturk.com\/tr\/wp-json\/wp\/v2\/media?parent=135524"}],"wp:term":[{"taxonomy":"category","embeddable":true,"href":"https:\/\/www.nationalturk.com\/tr\/wp-json\/wp\/v2\/categories?post=135524"},{"taxonomy":"post_tag","embeddable":true,"href":"https:\/\/www.nationalturk.com\/tr\/wp-json\/wp\/v2\/tags?post=135524"}],"curies":[{"name":"wp","href":"https:\/\/api.w.org\/{rel}","templated":true}]}}