{"id":135878,"date":"2013-05-06T22:13:58","date_gmt":"2013-05-06T19:13:58","guid":{"rendered":"http:\/\/www.nationalturk.com\/?p=135878"},"modified":"2013-05-06T22:14:22","modified_gmt":"2013-05-06T19:14:22","slug":"beyaz-saray-sozcusu-carney-esed-rejimi-135878","status":"publish","type":"post","link":"https:\/\/www.nationalturk.com\/tr\/beyaz-saray-sozcusu-carney-esed-rejimi-135878\/","title":{"rendered":"Beyaz Saray S\u00f6zc\u00fcs\u00fc Carney:Sorumlusu Esed rejimi"},"content":{"rendered":"<h1><a href=\"http:\/\/www.nationalturk.com\/tr\/wp-content\/uploads\/2013\/05\/jay-carney-esed-rejimi.jpg\"><img loading=\"lazy\" decoding=\"async\" class=\"alignleft size-medium wp-image-135879\" alt=\"Beyaz Saray S\u00f6zc\u00fcs\u00fc Carney:Sorumlusu Esed rejimi\" src=\"http:\/\/www.nationalturk.com\/tr\/wp-content\/uploads\/2013\/05\/jay-carney-esed-rejimi-280x186.jpg\" width=\"280\" height=\"186\" title=\"\" srcset=\"https:\/\/www.nationalturk.com\/tr\/wp-content\/uploads\/2013\/05\/jay-carney-esed-rejimi-280x186.jpg 280w, https:\/\/www.nationalturk.com\/tr\/wp-content\/uploads\/2013\/05\/jay-carney-esed-rejimi.jpg 600w\" sizes=\"auto, (max-width: 280px) 100vw, 280px\" \/><\/a>Beyaz Saray S\u00f6zc\u00fcs\u00fc Jay Carney, Suriye&#8217;de kimyasal silah kullan\u0131m\u0131n\u0131n arkas\u0131nda b\u00fcy\u00fck olas\u0131l\u0131kla Esed rejiminin bulundu\u011funu s\u00f6yledi.<\/h1>\n<p>Carney, g\u00fcnl\u00fck bas\u0131n brifinginde bir soru \u00fczerine, Suriye&#8217;de kimyasal silahlar kullan\u0131ld\u0131\u011f\u0131na dair kesinlikle kan\u0131t oldu\u011funu belirtti.<\/p>\n<p>ABD olarak, bu silahlar\u0131n, muhalif gruplar taraf\u0131ndan kullan\u0131ld\u0131\u011f\u0131na dair iddialara \u00e7ok \u015f\u00fcpheyle bakt\u0131klar\u0131n\u0131 bildiren Carney, &#8220;Suriye&#8217;de e\u011fer ger\u00e7ekten kimyasal silahlar kullan\u0131ld\u0131ysa ki \u00f6yle oldu\u011funa dair kesinlikle kan\u0131t bulunmakta. Bizce bunun sorumlusu y\u00fcksek ihtimalle Esed rejimi&#8221; dedi.<\/p>\n<p>ABD&#8217;nin konuyla ilgili hala kesin kan\u0131tlara ula\u015fmaya \u00e7al\u0131\u015ft\u0131\u011f\u0131n\u0131 kaydeden Carney, incelemenin ne zaman tamamlanaca\u011f\u0131 konusunda tarih vermedi.<\/p>\n<div class=\"a-single a-372\"><iframe style=\"width:610px; height:125px;\" name=\"610x90\" marginWidth=\"0\" frameSpacing=\"0\" marginHeight=\"0\" frameBorder=\"0\" scrolling=\"no\" target=\"_self\" src=\"http:\/\/www.ajansreklam.net\/reklam\/havana-1-mayis-610x90.php\"><\/iframe><\/div>\n","protected":false},"excerpt":{"rendered":"<p>Beyaz Saray S\u00f6zc\u00fcs\u00fc Jay Carney, Suriye&#8217;de kimyasal silah kullan\u0131m\u0131n\u0131n arkas\u0131nda b\u00fcy\u00fck olas\u0131l\u0131kla Esed rejiminin bulundu\u011funu s\u00f6yledi.<\/p>\n","protected":false},"author":3,"featured_media":179256,"comment_status":"open","ping_status":"open","sticky":false,"template":"","format":"standard","meta":{"_acf_changed":false,"footnotes":""},"categories":[6768,6665,6155,5005,6772,6202],"tags":[31278,90304,107477,68000,129359,806],"class_list":["post-135878","post","type-post","status-publish","format-standard","has-post-thumbnail","hentry","category-amerika","category-dunya","category-gundem","category-manset","category-ortadogu","category-politika","tag-beyaz-saray-sozcusu","tag-esed","tag-esed-rejimi","tag-jay-carney","tag-kimyasal-silah-kullanimi","tag-suriye"],"acf":[],"_links":{"self":[{"href":"https:\/\/www.nationalturk.com\/tr\/wp-json\/wp\/v2\/posts\/135878","targetHints":{"allow":["GET"]}}],"collection":[{"href":"https:\/\/www.nationalturk.com\/tr\/wp-json\/wp\/v2\/posts"}],"about":[{"href":"https:\/\/www.nationalturk.com\/tr\/wp-json\/wp\/v2\/types\/post"}],"author":[{"embeddable":true,"href":"https:\/\/www.nationalturk.com\/tr\/wp-json\/wp\/v2\/users\/3"}],"replies":[{"embeddable":true,"href":"https:\/\/www.nationalturk.com\/tr\/wp-json\/wp\/v2\/comments?post=135878"}],"version-history":[{"count":0,"href":"https:\/\/www.nationalturk.com\/tr\/wp-json\/wp\/v2\/posts\/135878\/revisions"}],"wp:featuredmedia":[{"embeddable":true,"href":"https:\/\/www.nationalturk.com\/tr\/wp-json\/wp\/v2\/media\/179256"}],"wp:attachment":[{"href":"https:\/\/www.nationalturk.com\/tr\/wp-json\/wp\/v2\/media?parent=135878"}],"wp:term":[{"taxonomy":"category","embeddable":true,"href":"https:\/\/www.nationalturk.com\/tr\/wp-json\/wp\/v2\/categories?post=135878"},{"taxonomy":"post_tag","embeddable":true,"href":"https:\/\/www.nationalturk.com\/tr\/wp-json\/wp\/v2\/tags?post=135878"}],"curies":[{"name":"wp","href":"https:\/\/api.w.org\/{rel}","templated":true}]}}