{"id":135946,"date":"2013-05-07T15:49:29","date_gmt":"2013-05-07T12:49:29","guid":{"rendered":"http:\/\/www.nationalturk.com\/?p=135946"},"modified":"2013-05-07T15:49:29","modified_gmt":"2013-05-07T12:49:29","slug":"hakkarideki-polis-ve-askerlerin-gozlerinde-umut-gorduk-135946","status":"publish","type":"post","link":"https:\/\/www.nationalturk.com\/tr\/hakkarideki-polis-ve-askerlerin-gozlerinde-umut-gorduk-135946\/","title":{"rendered":"&#8220;Hakkari&#8217;deki polis ve askerlerin g\u00f6zlerinde umut g\u00f6rd\u00fck&#8221;"},"content":{"rendered":"<h1><img loading=\"lazy\" decoding=\"async\" class=\"alignleft size-medium wp-image-135947\" alt=\"Selahattin Demirta\u015f\" src=\"http:\/\/www.nationalturk.com\/tr\/wp-content\/uploads\/2013\/05\/selahattin_demirtas_yuksekova-280x186.jpg\" width=\"280\" height=\"186\" title=\"\" srcset=\"https:\/\/www.nationalturk.com\/tr\/wp-content\/uploads\/2013\/05\/selahattin_demirtas_yuksekova-280x186.jpg 280w, https:\/\/www.nationalturk.com\/tr\/wp-content\/uploads\/2013\/05\/selahattin_demirtas_yuksekova-602x400.jpg 602w, https:\/\/www.nationalturk.com\/tr\/wp-content\/uploads\/2013\/05\/selahattin_demirtas_yuksekova.jpg 712w\" sizes=\"auto, (max-width: 280px) 100vw, 280px\" \/>BDP Genel Ba\u015fkan\u0131 Selahattin Demirta\u015f, Hakkari&#8217;dea asker ve polislerin g\u00f6zlerinde ge\u00e7en y\u0131llara nazaran daha b\u00fcy\u00fck rahatlama ve umut g\u00f6rd\u00fcklerini s\u00f6yledi.<\/h1>\n<p>Diyarbak\u0131r&#8217;\u0131n Yeni\u015fehir Belediyesi&#8217;nce ba\u015flat\u0131lan sokak d\u00fczenleme \u00e7al\u0131\u015fmalar\u0131 nedeniyle d\u00fczenlenen t\u00f6rende, gazetecilerin sorular\u0131n\u0131 yan\u0131tlayan Selahattin Demirta\u015f, \u00e7ekilme i\u015fleminin ne kadar s\u00fcrece\u011fini bilemediklerini ve bunun kamuoyunun g\u00f6z\u00fc \u00f6n\u00fcnde ger\u00e7ekle\u015fmeyece\u011fini ifade etti.<\/p>\n<p>Co\u011frafyan\u0131n b\u00fcy\u00fckl\u00fc\u011f\u00fc, mevsim \u015fartlar\u0131 gibi ko\u015fullar d\u00fc\u015f\u00fcn\u00fcld\u00fc\u011f\u00fcnde \u00e7ekilme s\u00fcresinin 3-4 ay\u0131 bulaca\u011f\u0131n\u0131 tahmin ettiklerini belirten Demirta\u015f, &#8220;Tabii geri \u00e7ekilme s\u0131ras\u0131nda en kritik mesele olas\u0131 \u00e7at\u0131\u015fma riskinin ortaya \u00e7\u0131kmas\u0131d\u0131r. Bu durum hi\u00e7birimizin arzu etmeyece\u011fi, s\u00fcreci derinden yaralayacak ve tahrip edecek bir geli\u015fme olur. Ba\u015f\u0131ndan beri odakland\u0131\u011f\u0131m\u0131z bu. S\u00fcrecin selametle y\u00fcr\u00fcmesi i\u00e7in odakland\u0131\u011f\u0131m\u0131z en \u00f6nemli mesele budur&#8221; dedi.<\/p>\n<p>Hakkari gezisinde, geri \u00e7ekilme konusunda toplumda duyarl\u0131l\u0131k ve hassasiyet oldu\u011funu g\u00f6rd\u00fcklerini aktaran Demirta\u015f, \u015f\u00f6yle konu\u015ftu:<\/p>\n<p>&#8220;K\u00f6ylerden mezralara, \u015fehir merkezlerine kadar herkes \u00e7ekilmenin sa\u011fl\u0131kl\u0131 olmas\u0131 ve \u00e7at\u0131\u015fmaya mahal vermemesi i\u00e7in dikkatli davran\u0131yor. Ayn\u0131 dikkat ve \u00f6zenin askeri birliklerde de olabilece\u011fini ben tahmin ediyorum. Orada resmi yetkililerle temas\u0131m\u0131z olmad\u0131. Ama g\u00f6zlemlerimiz \u015funu g\u00f6steriyor ki h\u00fck\u00fcmet de bu konuda baz\u0131 idari tedbirler alm\u0131\u015f durumda. Elbette ki h\u00fck\u00fcmetin resmi olarak sahiplendi\u011fi bir s\u00fcre\u00e7tir bu s\u00fcre\u00e7. Dolay\u0131s\u0131yla geri \u00e7ekilme s\u0131ras\u0131nda \u00e7at\u0131\u015fmalar\u0131n ya\u015fanmamas\u0131, operasyonlar\u0131n olmamas\u0131 do\u011frudan h\u00fck\u00fcmetin sorumlulu\u011fundad\u0131r. H\u00fck\u00fcmetin de bu konuda azami \u00f6zen g\u00f6sterece\u011fini d\u00fc\u015f\u00fcn\u00fcyoruz. Yar\u0131ndan itibaren ba\u015flayacak s\u00fcrecin elbette ki b\u00fct\u00fcn y\u00fck\u00fc h\u00fck\u00fcmetin omuzlar\u0131na y\u00fcklenemez. Ama muhalefet, toplum ve halk olarak bizler de s\u00fcrecin sa\u011fl\u0131kl\u0131 y\u00fcr\u00fcmesi i\u00e7in \u00e7aba sarf etmeliyiz.&#8221;<\/p>\n<p>-Ge\u00e7en y\u0131l yo\u011fun \u00e7at\u0131\u015fmalar vard\u0131-<\/p>\n<p>Selahattin Demirta\u015f, Hakkari&#8217;de ge\u00e7en y\u0131l\u0131n aksine bu y\u0131l ciddi bir rahatlama oldu\u011funa, bar\u0131\u015f s\u00fcrecinin tart\u0131\u015fmalar\u0131n\u0131n bile b\u00f6lgede ciddi bir heyecan yaratt\u0131\u011f\u0131na dikkati \u00e7ekti. Demirta\u015f, &#8220;Gerek askerlerin gerekse polislerin g\u00f6zlerinde de biz ge\u00e7en y\u0131llara nazaran daha b\u00fcy\u00fck rahatlama ve umut g\u00f6rd\u00fck. Onlar da bu s\u00fcre\u00e7ten etkilenmi\u015fler. Sava\u015f\u0131n ac\u0131s\u0131n\u0131 ve s\u0131cakl\u0131\u011f\u0131n\u0131 ya\u015fayanlar bar\u0131\u015f\u0131n k\u0131ymetini daha iyi anl\u0131yorlar. Bunu gezdi\u011fimiz, ge\u00e7ti\u011fimiz her yerde g\u00f6rd\u00fck&#8221; diye konu\u015ftu.<br \/>\n\u00c7ekilme s\u0131ras\u0131nda olumsuzluk ya\u015fanmas\u0131 ihtimali sorulan Demirta\u015f, bug\u00fcne kadar ne eylem ne de operasyon ger\u00e7ekle\u015fmedi\u011fini belirterek &#8220;Bu saatten sonra olabilecek provokasyonun i\u00e7eriden olabilece\u011fini tahmin etmiyorum. Olabilecek provokasyon d\u0131\u015f destekli, d\u0131\u015far\u0131dan s\u00fcreci bozmaya d\u00f6n\u00fck olabilir. Buna kar\u015f\u0131 dikkatli olmak laz\u0131m&#8221; yan\u0131t\u0131n\u0131 verdi.<\/p>\n<p>-Yeni anayasa \u00e7al\u0131\u015fmalar\u0131-<\/p>\n<p>Anayasa \u00e7al\u0131\u015fmalar\u0131na da de\u011finen Demirta\u015f, bu saatten sonra 4 partinin birlikte yeni bir anayasay\u0131 ba\u015ftan sona yapaca\u011f\u0131n\u0131 \u00e7ok d\u00fc\u015f\u00fcnmedi\u011fini, partilerin ortaya koydu\u011fu teklifler aras\u0131nda derin u\u00e7urumlar\u0131n bulundu\u011funa i\u015faret etti.<br \/>\nDaha demokratik ve \u00f6zg\u00fcrl\u00fck\u00e7\u00fc bir anayasa konusunda uzla\u015f\u0131labilmeyi umut etti\u011fini, bu konuda aray\u0131\u015f\u0131n s\u00fcrd\u00fc\u011f\u00fcn\u00fc anlatan Demirta\u015f, Uzla\u015fma Komisyonundaki \u00e7al\u0131\u015fmalar\u0131n devam etti\u011fini, komisyon \u00e7al\u0131\u015fmas\u0131n\u0131 sonland\u0131rmadan yeni aray\u0131\u015flara ve ittifak \u00e7al\u0131\u015fmalar\u0131na girmenin \u00e7ok do\u011fru olmad\u0131\u011f\u0131n\u0131 s\u00f6yledi.<\/p>\n<p>&#8220;Ama yine de e\u011fer yeni bir anayasa yap\u0131lam\u0131yorsa bir\u00e7ok partinin bir araya gelerek ger\u00e7ekle\u015ftirebilece\u011fi anayasa reformuna da bu d\u00f6nemde ihtiya\u00e7 var. Bu konuda biz tart\u0131\u015fmaya a\u00e7\u0131k olaca\u011f\u0131z. Bizim h\u00fck\u00fcmeti ziyaret etmemiz \u015fu an g\u00fcndemimizde yok&#8221; diyen Demirta\u015f, h\u00fck\u00fcmet e\u011fer partileriyle uzla\u015fma aray\u0131\u015f\u0131 i\u00e7erisinde olursa buna kapal\u0131 olmayacaklar\u0131n\u0131 belirtti.<br \/>\n&#8220;BDP&#8217;den ihra\u00e7 edilen Silopi belediye ba\u015fkan\u0131, ba\u015fkan yard\u0131mc\u0131s\u0131 ve meclis \u00fcyesinin Erbil&#8217;de ka\u00e7\u0131r\u0131ld\u0131\u011f\u0131 y\u00f6n\u00fcnde haber var. Bununla ilgili bilginiz var m\u0131-&#8221; soruna Demirta\u015f, konuyu bas\u0131ndan duydu\u011funu, bunu ara\u015ft\u0131racaklar\u0131n\u0131 bildirdi.<\/p>\n<p>-K\u00f6y korucular\u0131n\u0131n durumu-<\/p>\n<p>BDP Genel Ba\u015fkan\u0131 Demirta\u015f, \u00e7at\u0131\u015fmalar\u0131n bitece\u011finin neredeyse kesinle\u015fti\u011fini bu durumda devletin k\u00f6y koruculu\u011fu sistemine ihtiya\u00e7 duymamas\u0131 gerekti\u011fini s\u00f6yledi.<\/p>\n<p>Sistemin feshedilmesi ancak y\u0131llard\u0131r korucu olarak faydalan\u0131lan bu insanlar\u0131n da ortada b\u0131rak\u0131lmamas\u0131 gerekti\u011fini ifade eden Demirta\u015f, &#8220;Sosyal g\u00fcvence, emeklilik ve \u00e7ocuklar\u0131n\u0131n gelece\u011fi a\u00e7\u0131s\u0131ndan bir teminat\u0131n verilmesi laz\u0131m. Bu insanlar\u0131n ya\u015fad\u0131\u011f\u0131 yerler \u00e7ift\u00e7ili\u011fe, hayvanc\u0131l\u0131\u011fa d\u00f6n\u00fc\u015f yapabilmeleri i\u00e7in \u00f6zel te\u015fviklerle desteklenebilirler. Bizler de parti olarak koruculuk sistemine kar\u0131\u015fm\u0131\u015f bug\u00fcne kadar bu \u015fekilde g\u00f6rev yapm\u0131\u015f ki\u015filerin, ailelerinin toplumla yeniden kayna\u015fmas\u0131 i\u00e7in \u00e7aba sarf edece\u011fiz. Bu insanlar\u0131n d\u00fc\u015fman olarak g\u00f6r\u00fclmemesi, ailelerinin, gelecek nesillerinin toplumla kayna\u015fmas\u0131 i\u00e7in bizler de \u00e7aba g\u00f6sterece\u011fiz&#8221; \u015feklinde konu\u015ftu.<\/p>\n<p>-May\u0131n sorunu-<\/p>\n<p>&#8220;\u00c7ekilme s\u00fcrecinde b\u00f6lgenin may\u0131nland\u0131\u011f\u0131 y\u00f6n\u00fcnde haberler var. Bunu nas\u0131l de\u011ferlendiriyorsunuz- \u015feklindeki bir soru \u00fczerine Demirta\u015f, b\u00f6yle bir bilginin olmad\u0131\u011f\u0131n\u0131 bildirdi.<\/p>\n<p>Demirta\u015f, ancak 30 y\u0131ld\u0131r devam eden \u00e7at\u0131\u015fmalar boyunca alanlar\u0131n may\u0131nland\u0131\u011f\u0131n\u0131 ve sa\u011fl\u0131kl\u0131 bir may\u0131n haritas\u0131n\u0131n olmad\u0131\u011f\u0131n\u0131 d\u00fc\u015f\u00fcnd\u00fcklerini belirtti. &#8220;Bu may\u0131nlar kim taraf\u0131ndan d\u00f6\u015fendi, kay\u0131tlar\u0131 nerede hepsi muammad\u0131r. Bu d\u00f6nemde taraflar ellerinde harita olsun veya olmas\u0131n, may\u0131nl\u0131 olabilecek b\u00f6lgeleri a\u00e7\u0131klarlarsa en az\u0131ndan sivil yerle\u015fime a\u00e7\u0131lacak bu b\u00f6lgelerde sivillerin \u00f6l\u00fcm\u00fcn\u00fc \u00f6nleyebiliriz&#8221; diyen Demirta\u015f, bu konuda herkesin duyarl\u0131 olmas\u0131 gerekti\u011fini s\u00f6zlerine ekledi.<\/p>\n<div class=\"a-single a-373\"><iframe style=\"width:610px; height:125px;\" name=\"610x90\" marginWidth=\"0\" frameSpacing=\"0\" marginHeight=\"0\" frameBorder=\"0\" scrolling=\"no\" target=\"_self\" src=\"http:\/\/www.ajansreklam.net\/reklam\/caracas-1-mayis-610x90.php\"><\/iframe><\/div>\n","protected":false},"excerpt":{"rendered":"<p>BDP Genel Ba\u015fkan\u0131 Selahattin Demirta\u015f, Hakkari&#8217;dea asker ve polislerin g\u00f6zlerinde ge\u00e7en y\u0131llara nazaran daha b\u00fcy\u00fck rahatlama ve umut g\u00f6rd\u00fcklerini s\u00f6yledi.<\/p>\n","protected":false},"author":4,"featured_media":179244,"comment_status":"open","ping_status":"open","sticky":false,"template":"","format":"standard","meta":{"_acf_changed":false,"footnotes":""},"categories":[6155,5005,6202,6805],"tags":[1470,81723,11020,11093,77632],"class_list":["post-135946","post","type-post","status-publish","format-standard","has-post-thumbnail","hentry","category-gundem","category-manset","category-politika","category-turkiye","tag-diyarbakir","tag-diyarbakir-yenisehir","tag-hakkari","tag-selahattin-demirtas","tag-selahattin-demirtas-aciklama"],"acf":[],"_links":{"self":[{"href":"https:\/\/www.nationalturk.com\/tr\/wp-json\/wp\/v2\/posts\/135946","targetHints":{"allow":["GET"]}}],"collection":[{"href":"https:\/\/www.nationalturk.com\/tr\/wp-json\/wp\/v2\/posts"}],"about":[{"href":"https:\/\/www.nationalturk.com\/tr\/wp-json\/wp\/v2\/types\/post"}],"author":[{"embeddable":true,"href":"https:\/\/www.nationalturk.com\/tr\/wp-json\/wp\/v2\/users\/4"}],"replies":[{"embeddable":true,"href":"https:\/\/www.nationalturk.com\/tr\/wp-json\/wp\/v2\/comments?post=135946"}],"version-history":[{"count":0,"href":"https:\/\/www.nationalturk.com\/tr\/wp-json\/wp\/v2\/posts\/135946\/revisions"}],"wp:featuredmedia":[{"embeddable":true,"href":"https:\/\/www.nationalturk.com\/tr\/wp-json\/wp\/v2\/media\/179244"}],"wp:attachment":[{"href":"https:\/\/www.nationalturk.com\/tr\/wp-json\/wp\/v2\/media?parent=135946"}],"wp:term":[{"taxonomy":"category","embeddable":true,"href":"https:\/\/www.nationalturk.com\/tr\/wp-json\/wp\/v2\/categories?post=135946"},{"taxonomy":"post_tag","embeddable":true,"href":"https:\/\/www.nationalturk.com\/tr\/wp-json\/wp\/v2\/tags?post=135946"}],"curies":[{"name":"wp","href":"https:\/\/api.w.org\/{rel}","templated":true}]}}