{"id":136276,"date":"2013-05-13T14:04:16","date_gmt":"2013-05-13T11:04:16","guid":{"rendered":"http:\/\/www.nationalturk.com\/?p=136276"},"modified":"2013-05-13T14:04:16","modified_gmt":"2013-05-13T11:04:16","slug":"burak-yildirimi-oldurenlerin-galatasarayli-oldugu-kesinlesti-136276","status":"publish","type":"post","link":"https:\/\/www.nationalturk.com\/tr\/burak-yildirimi-oldurenlerin-galatasarayli-oldugu-kesinlesti-136276\/","title":{"rendered":"Burak Y\u0131ld\u0131r\u0131m&#8217;\u0131 \u00f6ld\u00fcrenlerin Galatasarayl\u0131 oldu\u011fu kesinle\u015fti"},"content":{"rendered":"<h1><img loading=\"lazy\" decoding=\"async\" class=\"alignleft size-medium wp-image-136277\" alt=\"Burak Y\u0131ld\u0131r\u0131m\" src=\"http:\/\/www.nationalturk.com\/tr\/wp-content\/uploads\/2013\/05\/burak_yildirim_olduruldu1-280x214.jpg\" width=\"280\" height=\"214\" title=\"\" srcset=\"https:\/\/www.nationalturk.com\/tr\/wp-content\/uploads\/2013\/05\/burak_yildirim_olduruldu1-280x214.jpg 280w, https:\/\/www.nationalturk.com\/tr\/wp-content\/uploads\/2013\/05\/burak_yildirim_olduruldu1.jpg 300w\" sizes=\"auto, (max-width: 280px) 100vw, 280px\" \/>Fenerbah\u00e7e Galatasaray ma\u00e7\u0131 sonras\u0131 Edirnekap\u0131&#8217;da b\u0131\u00e7aklanarak \u00f6ld\u00fcr\u00fclen Burak Y\u0131ld\u0131r\u0131m katil zanl\u0131s\u0131n\u0131n \u00fczerinde &#8216;Y\u00fccel&#8217; yazan 7 numaral\u0131 Galatasaray formas\u0131 giyen \u015fah\u0131s oldu\u011fu MOBESE g\u00f6r\u00fcnt\u00fcleriyle kesinle\u015fti.<\/h1>\n<p>Olayla ilgili soru\u015fturmay\u0131 y\u00fcr\u00fcten \u0130stanbul Asayi\u015f \u015eube M\u00fcd\u00fcrl\u00fc\u011f\u00fc ekipleri, Burak Y\u0131ld\u0131r\u0131m&#8217;\u0131n b\u0131\u00e7akl\u0131 sald\u0131r\u0131ya u\u011frad\u0131\u011f\u0131 Edirnekap\u0131 Metrob\u00fcs dura\u011f\u0131 ile yak\u0131nlar\u0131ndaki t\u00fcm MOBESE ve g\u00fcvenlik kameras\u0131 kay\u0131tlar\u0131n\u0131 incelemeye ald\u0131.<br \/>\nG\u00f6r\u00fcnt\u00fclerin incelenmesi sonucunda Burak Y\u0131ld\u0131r\u0131m&#8217;\u0131n, \u00fczerinde &#8221;Y\u00fccel&#8221; yazan 7 numaral\u0131 Galatasaray formal\u0131 ki\u015fi ve yan\u0131ndaki arkada\u015f\u0131 taraf\u0131ndan sald\u0131r\u0131ya u\u011frad\u0131\u011f\u0131 tespit edildi. Fenerbah\u00e7e taraftar\u0131 Y\u0131ld\u0131r\u0131m&#8217;\u0131n, Galatasaray formal\u0131 ki\u015fi taraf\u0131ndan kalbinden b\u0131\u00e7akland\u0131\u011f\u0131 da belirlendi.<\/p>\n<p>E\u015fgaleri tespit edilen zanl\u0131lar\u0131 arama \u00e7al\u0131\u015fmalar\u0131 devam ediyor. Burak Y\u0131ld\u0131r\u0131m, yap\u0131lacak otopsinin ard\u0131ndan Gaziosmanpa\u015fa&#8217;da topra\u011fa verilecek.<\/p>\n<span style=\"font-weight: bold; color: #f00;\">Error, group does not exist! Check your syntax! (ID: 52)<\/span>\n","protected":false},"excerpt":{"rendered":"<p>Fenerbah\u00e7e Galatasaray ma\u00e7\u0131 sonras\u0131 Edirnekap\u0131&#8217;da b\u0131\u00e7aklanarak \u00f6ld\u00fcr\u00fclen Burak Y\u0131ld\u0131r\u0131m katil zanl\u0131s\u0131n\u0131n \u00fczerinde &#8216;Y\u00fccel&#8217; yazan 7 numaral\u0131 Galatasaray formas\u0131 giyen \u015fah\u0131s oldu\u011fu MOBESE g\u00f6r\u00fcnt\u00fcleriyle kesinle\u015fti.<\/p>\n","protected":false},"author":4,"featured_media":179181,"comment_status":"open","ping_status":"open","sticky":false,"template":"","format":"standard","meta":{"_acf_changed":false,"footnotes":""},"categories":[6774,6155,5005,349,6194],"tags":[129732,129737,129733,129738,7456,129735,129736,129734,4114,129739,129780],"class_list":["post-136276","post","type-post","status-publish","format-standard","has-post-thumbnail","hentry","category-futbol","category-gundem","category-manset","category-son-dakika","category-spor","tag-burak-yildirim","tag-burak-yildirim-bicaklandi","tag-burak-yildirim-fenerbahce","tag-burak-yildirim-oldu","tag-eyup","tag-eyup-cinayet","tag-fenerbahce-taraftari-cinayet","tag-fenerbahce-taraftari-olduruldu","tag-galatasaray","tag-genc-fenerbahceliler","tag-yucel"],"acf":[],"_links":{"self":[{"href":"https:\/\/www.nationalturk.com\/tr\/wp-json\/wp\/v2\/posts\/136276","targetHints":{"allow":["GET"]}}],"collection":[{"href":"https:\/\/www.nationalturk.com\/tr\/wp-json\/wp\/v2\/posts"}],"about":[{"href":"https:\/\/www.nationalturk.com\/tr\/wp-json\/wp\/v2\/types\/post"}],"author":[{"embeddable":true,"href":"https:\/\/www.nationalturk.com\/tr\/wp-json\/wp\/v2\/users\/4"}],"replies":[{"embeddable":true,"href":"https:\/\/www.nationalturk.com\/tr\/wp-json\/wp\/v2\/comments?post=136276"}],"version-history":[{"count":0,"href":"https:\/\/www.nationalturk.com\/tr\/wp-json\/wp\/v2\/posts\/136276\/revisions"}],"wp:featuredmedia":[{"embeddable":true,"href":"https:\/\/www.nationalturk.com\/tr\/wp-json\/wp\/v2\/media\/179181"}],"wp:attachment":[{"href":"https:\/\/www.nationalturk.com\/tr\/wp-json\/wp\/v2\/media?parent=136276"}],"wp:term":[{"taxonomy":"category","embeddable":true,"href":"https:\/\/www.nationalturk.com\/tr\/wp-json\/wp\/v2\/categories?post=136276"},{"taxonomy":"post_tag","embeddable":true,"href":"https:\/\/www.nationalturk.com\/tr\/wp-json\/wp\/v2\/tags?post=136276"}],"curies":[{"name":"wp","href":"https:\/\/api.w.org\/{rel}","templated":true}]}}