{"id":136381,"date":"2013-05-14T10:37:40","date_gmt":"2013-05-14T07:37:40","guid":{"rendered":"http:\/\/www.nationalturk.com\/?p=136381"},"modified":"2013-05-14T17:28:35","modified_gmt":"2013-05-14T14:28:35","slug":"burak-yildirimin-katil-zanlisi-kirsehirde-yakalandi-136381","status":"publish","type":"post","link":"https:\/\/www.nationalturk.com\/tr\/burak-yildirimin-katil-zanlisi-kirsehirde-yakalandi-136381\/","title":{"rendered":"Burak Y\u0131ld\u0131r\u0131m&#8217;\u0131n katil zanl\u0131s\u0131 K\u0131r\u015fehir&#8217;de yakaland\u0131"},"content":{"rendered":"<h1><img loading=\"lazy\" decoding=\"async\" class=\"alignnone size-full wp-image-136382\" alt=\"Yusuf Ortak yakaland\u0131\" src=\"http:\/\/www.nationalturk.com\/tr\/wp-content\/uploads\/2013\/05\/yusuf_ortak_-e1368516971539.jpg\" width=\"610\" height=\"361\" title=\"\"><\/h1>\n<h1>Fenerbah\u00e7e Galatasaray ma\u00e7\u0131 sonras\u0131 Edirnekap\u0131 Metrob\u00fcs dura\u011f\u0131nda b\u0131\u00e7aklanarak \u00f6ld\u00fcr\u00fclen Fenerbah\u00e7e taraftar\u0131 Burak Y\u0131ld\u0131r\u0131m&#8217;\u0131n katil zanl\u0131s\u0131 Galatasarayl\u0131 Yusuf Ortak K\u0131r\u015fehir&#8217;in Mucur il\u00e7esinde yakaland\u0131.<\/h1>\n<p>Memleketi Bing\u00f6l&#8217;e giderken, K\u0131r\u015fehir&#8217;in Mucur \u0130l\u00e7esinde bir dinleme tesisinde yakalanan Yusuf Ortak ile ilgili a\u00e7\u0131klamalarda bulunan \u0130stanbul Emniyet M\u00fcd\u00fcr\u00fc H\u00fcseyin \u00c7apk\u0131n &#8220;Tek tek, sokak sokak o foto\u011fraf\u0131 gezdirerek, sorduk ve kimili\u011fi tespit ettik. Ve o ki\u015finin \u015fehirden \u00e7\u0131kt\u0131\u011f\u0131 Bing\u00f6l&#8217;e do\u011fru gitmekte oldu\u011funu tespit ettik. Mucur&#8217;da bu gece yakaland\u0131. \u0130stanbul&#8217;a getirilecek. O da 20 ya\u015f\u0131nda. 3 sab\u0131kas\u0131 olan birisi&#8221; diye konu\u015ftu.<\/p>\n<p>H\u00fcseyin \u00c7apk\u0131n, cinayet an\u0131nda \u00fczerinde &#8216;Y\u00fccel&#8217; de\u011fil &#8216;Yusuf&#8217; yaz\u0131l\u0131 bir forma oldu\u011funu ifade ederek &#8220;Y\u00fccel ismini yanl\u0131\u015f alm\u0131\u015flar. Zanl\u0131 ve \u00f6len ki\u015fi birbirini tan\u0131m\u0131yor. Sadece tak\u0131m rekabeti, ac\u0131 olan da bu zaten. \u00dcst\u00fcndeki kanl\u0131 forma elimizde. \u015eahs\u0131n amcas\u0131 o formay\u0131 teslim etti bize&#8221; ifadelerini kulland\u0131.<\/p>\n<p>Mucur polisi katil zanl\u0131s\u0131n\u0131 saat 04.00 s\u0131ralar\u0131nda \u0130stanbul polisine teslim etti.<\/p>\n<!-- Error, Advert is not available at this time due to schedule\/geolocation restrictions! -->\n","protected":false},"excerpt":{"rendered":"<p>Fenerbah\u00e7e Galatasaray ma\u00e7\u0131 sonras\u0131 Edirnekap\u0131 Metrob\u00fcs dura\u011f\u0131nda b\u0131\u00e7aklanarak \u00f6ld\u00fcr\u00fclen Fenerbah\u00e7e taraftar\u0131 Burak Y\u0131ld\u0131r\u0131m&#8217;\u0131n katil zanl\u0131s\u0131 Galatasarayl\u0131 Yusuf Ortak K\u0131r\u015fehir&#8217;in Mucur il\u00e7esinde yakaland\u0131.<\/p>\n","protected":false},"author":4,"featured_media":179172,"comment_status":"open","ping_status":"open","sticky":false,"template":"","format":"standard","meta":{"_acf_changed":false,"footnotes":""},"categories":[6774,6155,5005,349,6194],"tags":[129732,129737,129733,129738,7456,129735,129736,129734,4114,129739,129780],"class_list":["post-136381","post","type-post","status-publish","format-standard","has-post-thumbnail","hentry","category-futbol","category-gundem","category-manset","category-son-dakika","category-spor","tag-burak-yildirim","tag-burak-yildirim-bicaklandi","tag-burak-yildirim-fenerbahce","tag-burak-yildirim-oldu","tag-eyup","tag-eyup-cinayet","tag-fenerbahce-taraftari-cinayet","tag-fenerbahce-taraftari-olduruldu","tag-galatasaray","tag-genc-fenerbahceliler","tag-yucel"],"acf":[],"_links":{"self":[{"href":"https:\/\/www.nationalturk.com\/tr\/wp-json\/wp\/v2\/posts\/136381","targetHints":{"allow":["GET"]}}],"collection":[{"href":"https:\/\/www.nationalturk.com\/tr\/wp-json\/wp\/v2\/posts"}],"about":[{"href":"https:\/\/www.nationalturk.com\/tr\/wp-json\/wp\/v2\/types\/post"}],"author":[{"embeddable":true,"href":"https:\/\/www.nationalturk.com\/tr\/wp-json\/wp\/v2\/users\/4"}],"replies":[{"embeddable":true,"href":"https:\/\/www.nationalturk.com\/tr\/wp-json\/wp\/v2\/comments?post=136381"}],"version-history":[{"count":0,"href":"https:\/\/www.nationalturk.com\/tr\/wp-json\/wp\/v2\/posts\/136381\/revisions"}],"wp:featuredmedia":[{"embeddable":true,"href":"https:\/\/www.nationalturk.com\/tr\/wp-json\/wp\/v2\/media\/179172"}],"wp:attachment":[{"href":"https:\/\/www.nationalturk.com\/tr\/wp-json\/wp\/v2\/media?parent=136381"}],"wp:term":[{"taxonomy":"category","embeddable":true,"href":"https:\/\/www.nationalturk.com\/tr\/wp-json\/wp\/v2\/categories?post=136381"},{"taxonomy":"post_tag","embeddable":true,"href":"https:\/\/www.nationalturk.com\/tr\/wp-json\/wp\/v2\/tags?post=136381"}],"curies":[{"name":"wp","href":"https:\/\/api.w.org\/{rel}","templated":true}]}}