{"id":136425,"date":"2013-05-14T14:29:58","date_gmt":"2013-05-14T11:29:58","guid":{"rendered":"http:\/\/www.nationalturk.com\/?p=136425"},"modified":"2022-09-18T12:14:54","modified_gmt":"2022-09-18T09:14:54","slug":"taksimde-bomba-panigi-136425","status":"publish","type":"post","link":"https:\/\/www.nationalturk.com\/tr\/taksimde-bomba-panigi-136425\/","title":{"rendered":"Taksim&#8217;de bomba pani\u011fi"},"content":{"rendered":"<h1><img loading=\"lazy\" decoding=\"async\" class=\"alignleft size-medium wp-image-136427\" alt=\"\" src=\"http:\/\/www.nationalturk.com\/tr\/wp-content\/uploads\/2013\/05\/nationalturk-flash-haber-dikey-206x220.jpg\" width=\"206\" height=\"220\" title=\"\" srcset=\"https:\/\/www.nationalturk.com\/tr\/wp-content\/uploads\/2013\/05\/nationalturk-flash-haber-dikey-206x220.jpg 206w, https:\/\/www.nationalturk.com\/tr\/wp-content\/uploads\/2013\/05\/nationalturk-flash-haber-dikey.jpg 300w\" sizes=\"auto, (max-width: 206px) 100vw, 206px\" \/>\u0130stanbul Taksim Meydan\u0131&#8217;nda Suriye uyruklu bir ki\u015finin unuttu\u011fu \u00e7anta bomba pani\u011fi yaratt\u0131. Turistler taraf\u0131ndan b\u0131rak\u0131ld\u0131\u011f\u0131 tespit edilen \u00e7anta sahiplerine teslim edildi.<\/h1>\n<p>Al\u0131nan bilgilere g\u00f6re Suriyeli turistler Taksim Meydan\u0131&#8217;nda hat\u0131ra foto\u011fraf\u0131 \u00e7ektirdikten sonra \u00e7evik kuvvet polislerine yak\u0131n bir noktada \u00e7antalar\u0131n\u0131 yerde unutarak gezmeye devam etti. \u00c7antay\u0131 fark eden polis ekipleri olay yerine h\u0131zla g\u00fcvenlik \u015feridi \u00e7ekti ve bomba imha uzman\u0131na haber verdi.<\/p>\n<p>Paketi kimin koydu\u011funu mobese kameralar\u0131ndan kontrol eden polisler, \u00e7antan\u0131n sahibinin halen Taksim Meydan\u0131\u2019nda oldu\u011funu fark etti. \u0130\u00e7i kontrol edilen \u00e7anta sahiplerine teslim edildi.<\/p>\n<!-- Error, Advert is not available at this time due to schedule\/geolocation restrictions! -->\n","protected":false},"excerpt":{"rendered":"<p>\u0130stanbul Taksim Meydan\u0131&#8217;nda Suriye uyruklu bir ki\u015finin unuttu\u011fu \u00e7anta bomba pani\u011fi yaratt\u0131. Turistler taraf\u0131ndan b\u0131rak\u0131ld\u0131\u011f\u0131 tespit edilen \u00e7anta sahiplerine teslim edildi.<\/p>\n","protected":false},"author":4,"featured_media":179165,"comment_status":"open","ping_status":"open","sticky":false,"template":"","format":"standard","meta":{"_acf_changed":false,"footnotes":""},"categories":[6155,349,6805,6662],"tags":[806,3805,497,69280,52033,66004,66006,66007,66005],"class_list":["post-136425","post","type-post","status-publish","format-standard","has-post-thumbnail","hentry","category-gundem","category-son-dakika","category-turkiye","category-yasam","tag-suriye","tag-taksim","tag-taksim-akm","tag-taksim-akm-bomba","tag-taksim-bomba","tag-taksim-bomba-panigi","tag-taksim-de-bomba-panigi","tag-taksim-supheli-paket","tag-taksimde-bomba"],"acf":[],"_links":{"self":[{"href":"https:\/\/www.nationalturk.com\/tr\/wp-json\/wp\/v2\/posts\/136425","targetHints":{"allow":["GET"]}}],"collection":[{"href":"https:\/\/www.nationalturk.com\/tr\/wp-json\/wp\/v2\/posts"}],"about":[{"href":"https:\/\/www.nationalturk.com\/tr\/wp-json\/wp\/v2\/types\/post"}],"author":[{"embeddable":true,"href":"https:\/\/www.nationalturk.com\/tr\/wp-json\/wp\/v2\/users\/4"}],"replies":[{"embeddable":true,"href":"https:\/\/www.nationalturk.com\/tr\/wp-json\/wp\/v2\/comments?post=136425"}],"version-history":[{"count":0,"href":"https:\/\/www.nationalturk.com\/tr\/wp-json\/wp\/v2\/posts\/136425\/revisions"}],"wp:featuredmedia":[{"embeddable":true,"href":"https:\/\/www.nationalturk.com\/tr\/wp-json\/wp\/v2\/media\/179165"}],"wp:attachment":[{"href":"https:\/\/www.nationalturk.com\/tr\/wp-json\/wp\/v2\/media?parent=136425"}],"wp:term":[{"taxonomy":"category","embeddable":true,"href":"https:\/\/www.nationalturk.com\/tr\/wp-json\/wp\/v2\/categories?post=136425"},{"taxonomy":"post_tag","embeddable":true,"href":"https:\/\/www.nationalturk.com\/tr\/wp-json\/wp\/v2\/tags?post=136425"}],"curies":[{"name":"wp","href":"https:\/\/api.w.org\/{rel}","templated":true}]}}