{"id":13686,"date":"2010-01-22T11:52:33","date_gmt":"2010-01-22T09:52:33","guid":{"rendered":"http:\/\/www.nationalturk.com\/?p=13686"},"modified":"2022-08-26T12:43:17","modified_gmt":"2022-08-26T09:43:17","slug":"besiktas-kongresi-don-kisot-hikayes","status":"publish","type":"post","link":"https:\/\/www.nationalturk.com\/tr\/besiktas-kongresi-don-kisot-hikayes\/","title":{"rendered":"Be\u015fikta\u015f Ba\u015fkanl\u0131k yar\u0131\u015f\u0131nda \u015eok Geli\u015fme !"},"content":{"rendered":"<h1>Be\u015fikta\u015f Kongresi \u00f6ncesi gerilim t\u0131rman\u0131yor<\/h1>\n<p><a href=\"http:\/\/www.nationalturk.com\/tr\/wp-content\/uploads\/2010\/01\/demiroren-aksu-kavgasi.jpg\"><img loading=\"lazy\" decoding=\"async\" class=\"alignleft size-full wp-image-13724\" title=\"Y\u0131ld\u0131r\u0131m Demiroren AKP Genel Ba\u015fkan Yard\u0131mc\u0131s\u0131 Abd\u00fclkadir Aksu'nun o\u011fluna sert \u00e7\u0131kt\u0131!\" src=\"http:\/\/www.nationalturk.com\/tr\/wp-content\/uploads\/2010\/01\/demiroren-aksu-kavgasi-267x187-custom.jpg\" alt=\"Y\u0131ld\u0131r\u0131m Demiroren AKP Genel Ba\u015fkan Yard\u0131mc\u0131s\u0131 Abd\u00fclkadir Aksu'nun o\u011fluna sert \u00e7\u0131kt\u0131!\" width=\"267\" height=\"187\" \/><\/a><a href=\"http:\/\/www.nationalturk.com\/tr\/wp-content\/uploads\/2010\/01\/Don-Quixote-Demiroren.jpg\"><\/a><\/p>\n<p>Be\u015fikta\u015f&#8217;\u0131n kongresine 10 g\u00fcn kala Milangaz Y\u00f6netim Kurulu ve Be\u015fikta\u015f Kul\u00fcb\u00fc Ba\u015fkan\u0131 Y\u0131ld\u0131r\u0131m Demir\u00f6ren ve AKP Genel Ba\u015fkan Yard\u0131mc\u0131s\u0131 Abd\u00fclkadir Aksu&#8217;nun o\u011flu aras\u0131ndaki yar\u0131\u015f iyice gerilmeye ba\u015flad\u0131.<\/p>\n<p>Birka\u00e7 g\u00fcn \u00f6nce Kanalt\u00fcrk Televizyonunda &#8220;Kongreye siyaset kar\u0131\u015ft\u0131.\u00a0Bakanlar, Milletvekilleri kogre \u00fcyelerini aray\u0131p oy istiyorlar&#8221; diyerek politika merkezli bir \u00e7ok n\u00fcf\u00fcslu\u00a0ki\u015finin Murat Aksu ad\u0131na \u00e7al\u0131\u015ft\u0131\u011f\u0131n\u0131 iddia etmi\u015fti.<\/p>\n<p>Abd\u00fclkadir Aksu&#8217;nun o\u011flu Av.\u00a0Murat Aksu ise bu a\u00e7\u0131klama sonras\u0131\u00a0\u00f6nceki g\u00fcn kat\u0131ld\u0131\u011f\u0131 bir yemekte, &#8220;Y\u0131ld\u0131r\u0131m Demir\u00f6ren&#8217;in borcunu nas\u0131l \u00f6deyeceksiniz&#8221; sorusuna, \u015fu yan\u0131t\u0131 vermi\u015fti: \u0130n\u00f6n\u00fc Stad\u0131&#8217;n\u0131n S\u0130T alan\u0131 olarak de\u011ferlendirilen trib\u00fcn\u00fcne 25 y\u0131ll\u0131\u011f\u0131na Milangaz trib\u00fcn\u00fc deriz, Ba\u015fkan&#8217;\u0131n borcu \u00e7\u0131kar&#8230;&#8221;Bir trib\u00fcne &#8216;Milangaz&#8217; ismini verir, Demir\u00f6ren&#8217;in borcunu \u00f6deriz&#8221; a\u00e7\u0131klamas\u0131na Be\u015fikta\u015f Ba\u015fkan\u0131 Y\u0131ld\u0131r\u0131m Demir\u00f6ren&#8217;in cevab\u0131 sert oldu:<\/p>\n<p><a href=\"http:\/\/www.nationalturk.com\/tr\/wp-content\/uploads\/2010\/01\/Don-Quixote-Demiroren.jpg\"><img loading=\"lazy\" decoding=\"async\" class=\"size-large wp-image-13688  alignleft\" title=\"Don-Quixote-Yildirim-Demiroren\" src=\"http:\/\/www.nationalturk.com\/tr\/wp-content\/uploads\/2010\/01\/Don-Quixote-Demiroren-251x192-custom.jpg\" alt=\"Don-Quixote-Yildirim-Demiroren\" width=\"226\" height=\"173\" \/><\/a>Murat Aksu Vekilimiz olarak nas\u0131l b\u00f6yle konu\u015ftu\u011funu merak ediyoruz !<strong>&#8220;Kendisi, Milangaz Grubu&#8217;nun resmi avukat\u0131d\u0131r. Acaba bu a\u00e7\u0131klamay\u0131 yaparken, bizlerden yetki ald\u0131 m\u0131? Vekilimiz olarak nas\u0131l b\u00f6yle konu\u015ftu\u011funu merak ediyoruz&#8230;&#8221;<\/strong><\/p>\n<p>Milangaz Y\u00f6netim Kurulu ve Be\u015fikta\u015f Kul\u00fcb\u00fc Ba\u015fkan\u0131 Y\u0131ld\u0131r\u0131m Demir\u00f6ren AKP Genel Ba\u015fkan Yard\u0131mc\u0131s\u0131 Abd\u00fclkadir Aksu&#8217;nun o\u011flu olan Murat Aksu&#8217;ya bu cevab\u0131 arkas\u0131ndan\u00a0;<\/p>\n<p>Murat Aksu bizden yetki ald\u0131 m\u0131? Nas\u0131l B\u00f6yle konu\u015ftu\u011funu sormak istiyorum\u00a0!<\/p>\n<p><a href=\"http:\/\/www.nationalturk.com\/tr\/wp-content\/uploads\/2010\/01\/vekalet.jpg\"><img loading=\"lazy\" decoding=\"async\" class=\"alignleft size-full wp-image-13687\" title=\"Murat Aksu'nun Milangaz'\u0131n Avukat\u0131 oldu\u011funa dair \u015eOK Belge\" src=\"http:\/\/www.nationalturk.com\/tr\/wp-content\/uploads\/2010\/01\/vekalet.jpg\" alt=\"Murat Aksu'nun Milangaz'\u0131n Avukat\u0131 oldu\u011funa dair \u015eOK Belge\" width=\"250\" height=\"360\" srcset=\"https:\/\/www.nationalturk.com\/tr\/wp-content\/uploads\/2010\/01\/vekalet.jpg 250w, https:\/\/www.nationalturk.com\/tr\/wp-content\/uploads\/2010\/01\/vekalet-152x220.jpg 152w\" sizes=\"auto, (max-width: 250px) 100vw, 250px\" \/><\/a>Ba\u015fkan Y\u0131ld\u0131r\u0131m Demir\u00f6ren, yakla\u015f\u0131k 4 y\u0131l beraber \u00e7al\u0131\u015ft\u0131\u011f\u0131 eski ikinci ba\u015fkan\u0131na;<br \/>\n&#8220;Kendisi Milangaz Grubu&#8217;nun resmi avukat\u0131d\u0131r. Bu durum da belgelerle sabit. Yani grubumuzun \u00fccretli avukatlar\u0131ndan birisi&#8230; Acaba &#8216;Milangaz trib\u00fcn\u00fc&#8217; a\u00e7\u0131klamas\u0131n\u0131 yaparken, bizlerden yetki mi ald\u0131? E\u011fer almad\u0131ysa, vekilimiz olarak nas\u0131l b\u00f6yle konu\u015ftu\u011funu sormak zorunday\u0131m. Bunu kamuoyu vicdan\u0131na b\u0131rak\u0131yorum&#8221; diye konu\u015ftu.<\/p>\n<p>Av. Murat Aksu\u00a0&#8221; Evet, ancak bunlar\u0131 konu\u015fmak istemiyorum&#8221;<\/p>\n<p>Milangaz Y\u00f6netim Kurulu ve Be\u015fikta\u015f Kul\u00fcb\u00fc Ba\u015fkan\u0131 Y\u0131ld\u0131r\u0131m Demir\u00f6ren&#8217;in bu s\u00f6zlerine kar\u015f\u0131l\u0131k Murat Aksu ise konu\u015fmaktan ka\u00e7\u0131nd\u0131 ve \u015fu yorumu yapt\u0131:<br \/>\nEvet yakla\u015f\u0131k 3 sene \u00f6nce, dan\u0131\u015fmanl\u0131k ve di\u011fer konular i\u00e7in \u00e7al\u0131\u015fma i\u00e7inde bulunduk. Ancak bunlar\u0131 konu\u015fmak istemiyorum&#8230;<\/p>\n<p>Fanatik gazetesinden Orhan Y\u0131ld\u0131r\u0131m&#8217;\u0131n iddias\u0131na g\u00f6re\u00a0 Milangaz LPG Ticaret ve Sanayi \u015eirketi&#8217;nin 19 Ekim 2004&#8217;te Beyo\u011flu 27. noterli\u011finde d\u00fczenlenen vekaletnamede Avukat Murat Aksu&#8217;nun da ortaklar\u0131 aras\u0131nda bulundu\u011fu Aksu-Sava\u015f-\u00c7al\u0131\u015fkan b\u00fcrosu vekil olarak tayin edilmi\u015f ve vekaletin halen y\u00fcr\u00fcrl\u00fckte oldu\u011fu belgelerle sabitlenmi\u015f oldu.<\/p>\n<h2>Y\u0131ld\u0131r\u0131m Don Quijote ! ( Don Ki\u015fot)<\/h2>\n<p>Be\u015fikta\u015f ve Spor camias\u0131n\u0131 hayretlere d\u00fc\u015f\u00fcren bu \u015fok belge ile Futbol D\u00fcnyas\u0131n\u0131n nas\u0131l ili\u015fkiler i\u00e7inde oldu\u011fu g\u00f6r\u00fcl\u00fcrken Y\u0131ld\u0131r\u0131m Demir\u00f6ren&#8217;i bu olay sonras\u0131 yelde\u011firmenlerine kar\u015f\u0131 sava\u015fan bir timsal haline gelece\u011fi Erdo\u011fan Demir\u00f6ren&#8217;e yak\u0131n olan \u00e7evrelerce iddia edilmeye\u00a0ba\u015fland\u0131.<\/p>\n<span style=\"font-weight: bold; color: #f00;\">Error, group does not exist! Check your syntax! (ID: 51)<\/span>\n","protected":false},"excerpt":{"rendered":"<p>Milangaz Y\u00f6netim Kurulu ve Be\u015fikta\u015f Kul\u00fcb\u00fc Ba\u015fkan\u0131 Y\u0131ld\u0131r\u0131m Demir\u00f6ren ve AKP Genel Ba\u015fkan Yard\u0131mc\u0131s\u0131 Abd\u00fclkadir Aksu&#8217;nun o\u011flu aras\u0131ndaki yar\u0131\u015f iyice gerilmeye ba\u015flad\u0131<\/p>\n","protected":false},"author":6,"featured_media":193008,"comment_status":"open","ping_status":"open","sticky":false,"template":"","format":"standard","meta":{"_acf_changed":false,"footnotes":""},"categories":[6774,6155,6748,5005,6667,6194,6805,6662],"tags":[14307,14314,14315,14312,14319,14318,14309,14311,14310,14317,14308,14313,2269,14306],"class_list":["post-13686","post","type-post","status-publish","format-standard","has-post-thumbnail","hentry","category-futbol","category-gundem","category-is-dunyasi","category-manset","category-medya","category-spor","category-turkiye","category-yasam","tag-abdulkadir-aksu","tag-avukat-murat-aksu","tag-besiktas-kongresi","tag-don-kisot","tag-don-kisot-hikayesi","tag-fanatik-gazetesi","tag-milangaz","tag-milangaz-belge","tag-milangaz-davasi","tag-milangaz-lpg-ticaret-ve-sanayi-sirketi","tag-murat-aksu","tag-orhan-yildirim","tag-yildirim-demiroren","tag-yildirim-don-quijote"],"acf":[],"_links":{"self":[{"href":"https:\/\/www.nationalturk.com\/tr\/wp-json\/wp\/v2\/posts\/13686","targetHints":{"allow":["GET"]}}],"collection":[{"href":"https:\/\/www.nationalturk.com\/tr\/wp-json\/wp\/v2\/posts"}],"about":[{"href":"https:\/\/www.nationalturk.com\/tr\/wp-json\/wp\/v2\/types\/post"}],"author":[{"embeddable":true,"href":"https:\/\/www.nationalturk.com\/tr\/wp-json\/wp\/v2\/users\/6"}],"replies":[{"embeddable":true,"href":"https:\/\/www.nationalturk.com\/tr\/wp-json\/wp\/v2\/comments?post=13686"}],"version-history":[{"count":0,"href":"https:\/\/www.nationalturk.com\/tr\/wp-json\/wp\/v2\/posts\/13686\/revisions"}],"wp:featuredmedia":[{"embeddable":true,"href":"https:\/\/www.nationalturk.com\/tr\/wp-json\/wp\/v2\/media\/193008"}],"wp:attachment":[{"href":"https:\/\/www.nationalturk.com\/tr\/wp-json\/wp\/v2\/media?parent=13686"}],"wp:term":[{"taxonomy":"category","embeddable":true,"href":"https:\/\/www.nationalturk.com\/tr\/wp-json\/wp\/v2\/categories?post=13686"},{"taxonomy":"post_tag","embeddable":true,"href":"https:\/\/www.nationalturk.com\/tr\/wp-json\/wp\/v2\/tags?post=13686"}],"curies":[{"name":"wp","href":"https:\/\/api.w.org\/{rel}","templated":true}]}}