{"id":136879,"date":"2013-05-20T11:20:51","date_gmt":"2013-05-20T08:20:51","guid":{"rendered":"http:\/\/www.nationalturk.com\/?p=136879"},"modified":"2026-04-27T02:22:51","modified_gmt":"2026-04-26T23:22:51","slug":"fenerbahce-trabzonspor-macinin-hakemi-belli-oldu-136879","status":"publish","type":"post","link":"https:\/\/www.nationalturk.com\/tr\/fenerbahce-trabzonspor-macinin-hakemi-belli-oldu-136879\/","title":{"rendered":"Fenerbah\u00e7e Trabzonspor ma\u00e7\u0131n\u0131n hakemi belli oldu"},"content":{"rendered":"<h1><img loading=\"lazy\" decoding=\"async\" class=\"alignleft size-medium wp-image-136880\" alt=\"F\u0131rat Ayd\u0131nus\" src=\"http:\/\/www.nationalturk.com\/tr\/wp-content\/uploads\/2013\/05\/firat_aydinus-280x186.jpg\" width=\"280\" height=\"186\" title=\"\" srcset=\"https:\/\/www.nationalturk.com\/tr\/wp-content\/uploads\/2013\/05\/firat_aydinus-280x186.jpg 280w, https:\/\/www.nationalturk.com\/tr\/wp-content\/uploads\/2013\/05\/firat_aydinus.jpg 460w\" sizes=\"auto, (max-width: 280px) 100vw, 280px\" \/>Ziraat T\u00fcrkiye Kupas\u0131 final ma\u00e7\u0131n\u0131 y\u00f6netecek hakemler belli oldu. Fenerbah\u00e7e Trabzonspor ma\u00e7\u0131n\u0131 F\u0131rat Ayd\u0131nus y\u00f6netecek.<\/h1>\n<p>Futbol Federasyonu Merkez Hakem Kurulu&#8217;ndan yap\u0131lan a\u00e7\u0131klamaya g\u00f6re, Fenerbah\u00e7e ile Trabzonspor aras\u0131nda 22 May\u0131s \u00c7ar\u015famba g\u00fcn\u00fc oynanacak kar\u015f\u0131la\u015fmay\u0131 F\u0131rat Ayd\u0131nus y\u00f6netecek.\u00a0Ankara 19 May\u0131s Stad\u0131&#8217;nda saat 20.45&#8217;te ba\u015flayacak kar\u015f\u0131la\u015fmada F\u0131rat Ayd\u0131nus&#8217;un yard\u0131mc\u0131l\u0131klar\u0131n\u0131 Serkan Ok ve Aleks Ta\u015f\u00e7\u0131o\u011flu yapacak. Tolga \u00d6zkalfa&#8217;n\u0131n da d\u00f6rd\u00fcnc\u00fc hakem olarak g\u00f6rev alaca\u011f\u0131 kar\u015f\u0131la\u015fma ATV&#8217;den naklen yay\u0131nlanacak.<\/p>\n<!-- Error, Advert is not available at this time due to schedule\/geolocation restrictions! -->\n","protected":false},"excerpt":{"rendered":"<p>Ziraat T\u00fcrkiye Kupas\u0131 final ma\u00e7\u0131n\u0131 y\u00f6netecek hakemler belli oldu. Fenerbah\u00e7e Trabzonspor ma\u00e7\u0131n\u0131 F\u0131rat Ayd\u0131nus y\u00f6netecek.<\/p>\n","protected":false},"author":4,"featured_media":179092,"comment_status":"open","ping_status":"open","sticky":false,"template":"","format":"standard","meta":{"_acf_changed":false,"footnotes":""},"categories":[6774,6194],"tags":[34528,27230,21507,25567,9305,33772,6259,3037,69662,7088],"class_list":["post-136879","post","type-post","status-publish","format-standard","has-post-thumbnail","hentry","category-futbol","category-spor","tag-aleks-tascioglu","tag-fenerbahce-trabzonspor","tag-fenerbahce-trabzonspor-kupa-finali","tag-fenerbahce-trabzonspor-maci","tag-firat-aydinus","tag-serkan-ok","tag-tolga-ozkalfa","tag-trabzon","tag-turkiye-kupasi-finali","tag-ziraat-turkiye-kupasi"],"acf":[],"_links":{"self":[{"href":"https:\/\/www.nationalturk.com\/tr\/wp-json\/wp\/v2\/posts\/136879","targetHints":{"allow":["GET"]}}],"collection":[{"href":"https:\/\/www.nationalturk.com\/tr\/wp-json\/wp\/v2\/posts"}],"about":[{"href":"https:\/\/www.nationalturk.com\/tr\/wp-json\/wp\/v2\/types\/post"}],"author":[{"embeddable":true,"href":"https:\/\/www.nationalturk.com\/tr\/wp-json\/wp\/v2\/users\/4"}],"replies":[{"embeddable":true,"href":"https:\/\/www.nationalturk.com\/tr\/wp-json\/wp\/v2\/comments?post=136879"}],"version-history":[{"count":1,"href":"https:\/\/www.nationalturk.com\/tr\/wp-json\/wp\/v2\/posts\/136879\/revisions"}],"predecessor-version":[{"id":308951,"href":"https:\/\/www.nationalturk.com\/tr\/wp-json\/wp\/v2\/posts\/136879\/revisions\/308951"}],"wp:featuredmedia":[{"embeddable":true,"href":"https:\/\/www.nationalturk.com\/tr\/wp-json\/wp\/v2\/media\/179092"}],"wp:attachment":[{"href":"https:\/\/www.nationalturk.com\/tr\/wp-json\/wp\/v2\/media?parent=136879"}],"wp:term":[{"taxonomy":"category","embeddable":true,"href":"https:\/\/www.nationalturk.com\/tr\/wp-json\/wp\/v2\/categories?post=136879"},{"taxonomy":"post_tag","embeddable":true,"href":"https:\/\/www.nationalturk.com\/tr\/wp-json\/wp\/v2\/tags?post=136879"}],"curies":[{"name":"wp","href":"https:\/\/api.w.org\/{rel}","templated":true}]}}