{"id":137006,"date":"2013-05-21T14:03:01","date_gmt":"2013-05-21T11:03:01","guid":{"rendered":"http:\/\/www.nationalturk.com\/?p=137006"},"modified":"2013-05-21T14:03:01","modified_gmt":"2013-05-21T11:03:01","slug":"suriye-ordusu-israilin-askeri-aracini-vurdu-137006","status":"publish","type":"post","link":"https:\/\/www.nationalturk.com\/tr\/suriye-ordusu-israilin-askeri-aracini-vurdu-137006\/","title":{"rendered":"Suriye ordusu, \u0130srail&#8217;in askeri arac\u0131n\u0131 vurdu"},"content":{"rendered":"<h1><img loading=\"lazy\" decoding=\"async\" class=\"alignleft size-medium wp-image-137007\" alt=\"\" src=\"http:\/\/www.nationalturk.com\/tr\/wp-content\/uploads\/2013\/05\/son-dakika-dikey14-206x220.jpg\" width=\"206\" height=\"220\" title=\"\" srcset=\"https:\/\/www.nationalturk.com\/tr\/wp-content\/uploads\/2013\/05\/son-dakika-dikey14-206x220.jpg 206w, https:\/\/www.nationalturk.com\/tr\/wp-content\/uploads\/2013\/05\/son-dakika-dikey14.jpg 300w\" sizes=\"auto, (max-width: 206px) 100vw, 206px\" \/>Suriye ordusu, Golan Tepeleri&#8217;nde Suriye taraf\u0131na ge\u00e7en \u0130srail&#8217;e ait bir askeri arac\u0131n imha edildi\u011fini duyurdu. \u0130srail ise arac\u0131n sadece hasar g\u00f6rd\u00fc\u011f\u00fcn\u00fc a\u00e7\u0131klad\u0131.<\/h1>\n<p>Suriye Genelkurmay Ba\u015fkanl\u0131\u011f\u0131&#8217;ndan yap\u0131lan a\u00e7\u0131klamada, &#8220;Cesur silahl\u0131 kuvvetlerimiz, i\u015fgal edilmi\u015f topraklardan s\u0131n\u0131rlar\u0131m\u0131za giren ve silahl\u0131 ter\u00f6rist gruplar\u0131n yuvaland\u0131\u011f\u0131 bir Acem k\u00f6y\u00fcne do\u011fru ilerleyen \u0130srail&#8217;e ait bir arac\u0131 imha etmi\u015flerdir&#8221; denildi.<\/p>\n<p>\u0130srailli yetkililer ise Suriye Genelkurmay Ba\u015fkanl\u0131\u011f\u0131&#8217;n\u0131n ard\u0131ndan bir a\u00e7\u0131klama yaparak arac\u0131n imha edildi\u011fini yalanlad\u0131. A\u00e7\u0131klamada, Golan Tepeleri&#8217;nde bir askeri arac\u0131n Suriye&#8217;den gelen ate\u015fle vuruldu\u011fu belirtildi. Arac\u0131n hasar g\u00f6rd\u00fc\u011f\u00fc ancak askerlerin yaralanmad\u0131\u011f\u0131 ve Suriye&#8217;nin ate\u015fine kar\u015f\u0131l\u0131k verildi\u011fi ifade edildi.<\/p>\n<!-- Error, Advert is not available at this time due to schedule\/geolocation restrictions! -->\n","protected":false},"excerpt":{"rendered":"<p>Suriye ordusu, Golan Tepeleri&#8217;nde Suriye taraf\u0131na ge\u00e7en \u0130srail&#8217;e ait bir askeri arac\u0131n imha edildi\u011fini duyurdu. \u0130srail ise arac\u0131n sadece hasar g\u00f6rd\u00fc\u011f\u00fcn\u00fc a\u00e7\u0131klad\u0131.<\/p>\n","protected":false},"author":4,"featured_media":179071,"comment_status":"open","ping_status":"open","sticky":false,"template":"","format":"standard","meta":{"_acf_changed":false,"footnotes":""},"categories":[6769,6665,6155,5005,6772,6202,349],"tags":[115551,806,21718,42269],"class_list":["post-137006","post","type-post","status-publish","format-standard","has-post-thumbnail","hentry","category-asya","category-dunya","category-gundem","category-manset","category-ortadogu","category-politika","category-son-dakika","tag-golan-tepeleri","tag-suriye","tag-suriye-israil","tag-suriye-ordusu"],"acf":[],"_links":{"self":[{"href":"https:\/\/www.nationalturk.com\/tr\/wp-json\/wp\/v2\/posts\/137006","targetHints":{"allow":["GET"]}}],"collection":[{"href":"https:\/\/www.nationalturk.com\/tr\/wp-json\/wp\/v2\/posts"}],"about":[{"href":"https:\/\/www.nationalturk.com\/tr\/wp-json\/wp\/v2\/types\/post"}],"author":[{"embeddable":true,"href":"https:\/\/www.nationalturk.com\/tr\/wp-json\/wp\/v2\/users\/4"}],"replies":[{"embeddable":true,"href":"https:\/\/www.nationalturk.com\/tr\/wp-json\/wp\/v2\/comments?post=137006"}],"version-history":[{"count":0,"href":"https:\/\/www.nationalturk.com\/tr\/wp-json\/wp\/v2\/posts\/137006\/revisions"}],"wp:featuredmedia":[{"embeddable":true,"href":"https:\/\/www.nationalturk.com\/tr\/wp-json\/wp\/v2\/media\/179071"}],"wp:attachment":[{"href":"https:\/\/www.nationalturk.com\/tr\/wp-json\/wp\/v2\/media?parent=137006"}],"wp:term":[{"taxonomy":"category","embeddable":true,"href":"https:\/\/www.nationalturk.com\/tr\/wp-json\/wp\/v2\/categories?post=137006"},{"taxonomy":"post_tag","embeddable":true,"href":"https:\/\/www.nationalturk.com\/tr\/wp-json\/wp\/v2\/tags?post=137006"}],"curies":[{"name":"wp","href":"https:\/\/api.w.org\/{rel}","templated":true}]}}