{"id":137456,"date":"2013-05-28T11:06:52","date_gmt":"2013-05-28T08:06:52","guid":{"rendered":"http:\/\/www.nationalturk.com\/?p=137456"},"modified":"2013-05-28T11:06:52","modified_gmt":"2013-05-28T08:06:52","slug":"nazmiye-demirelin-cenaze-toreni-persembe-gunu-137456","status":"publish","type":"post","link":"https:\/\/www.nationalturk.com\/tr\/nazmiye-demirelin-cenaze-toreni-persembe-gunu-137456\/","title":{"rendered":"Nazmiye Demirel&#8217;in cenaze t\u00f6reni Per\u015fembe g\u00fcn\u00fc"},"content":{"rendered":"<h1><img loading=\"lazy\" decoding=\"async\" class=\"alignleft size-medium wp-image-137460\" alt=\"Nazmiye Demirel\" src=\"http:\/\/www.nationalturk.com\/tr\/wp-content\/uploads\/2013\/05\/nazmiye_demirel-e1369728335868-276x220.jpg\" width=\"276\" height=\"220\" title=\"\" srcset=\"https:\/\/www.nationalturk.com\/tr\/wp-content\/uploads\/2013\/05\/nazmiye_demirel-e1369728335868-276x220.jpg 276w, https:\/\/www.nationalturk.com\/tr\/wp-content\/uploads\/2013\/05\/nazmiye_demirel-e1369728335868-503x400.jpg 503w, https:\/\/www.nationalturk.com\/tr\/wp-content\/uploads\/2013\/05\/nazmiye_demirel-e1369728335868.jpg 526w\" sizes=\"auto, (max-width: 276px) 100vw, 276px\" \/>9. Cumhurba\u015fkan\u0131 S\u00fcleyman Demirel&#8217;in e\u015fi Nazmiye Demirel&#8217;in cenazesinin per\u015fembe g\u00fcn\u00fc Isparta&#8217;da defnedilmesi bekleniyor.<\/h1>\n<p>Uzun s\u00fcredir tedavi g\u00f6rd\u00fc\u011f\u00fc Ba\u015fkent \u00dcniversitesi Ankara Hastanesinde 86 ya\u015f\u0131nda d\u00fcn hayat\u0131n\u0131 kaybeden Demirel&#8217;in cenazesinin, per\u015fembe g\u00fcn\u00fc memleketi Isparta&#8217;ya ba\u011fl\u0131 \u0130slamk\u00f6y&#8217;de \u00f6\u011fle namaz\u0131n\u0131 m\u00fcteakip k\u0131l\u0131nacak cenaze namaz\u0131n\u0131n ard\u0131ndan defnedilmesi bekleniyor.<\/p>\n<p>9. Cumhurba\u015fkan\u0131 Demirel, taziyeleri G\u00fcniz Sokak 31 numaral\u0131 konutunda kabul ediyor.\u00a0S\u00fcleyman Demirel&#8217;in karde\u015fi Hac\u0131 Ali Demirel, G\u00fcniz Sokak&#8217;ta bekleyen gazetecilere yapt\u0131\u011f\u0131 a\u00e7\u0131klamada, ac\u0131lar\u0131n\u0131 payla\u015fan dostlar\u0131na te\u015fekk\u00fcr etti.\u00a0Ac\u0131lar\u0131n\u0131n b\u00fcy\u00fck oldu\u011funu dile getiren Demirel, &#8220;Bir \u015fey demek m\u00fcmk\u00fcn de\u011fil. Allah gani rahmet eylesin&#8221; dedi.<\/p>\n<p>Demirel&#8217;in \u00f6zel doktoru Aylin Cesur da gazetecilerin sorusu \u00fczerine, \u00e7ok \u00fczg\u00fcn g\u00f6r\u00fcnen eski cumhurba\u015fkan\u0131n\u0131n genel sa\u011fl\u0131k durumunun iyi oldu\u011funu s\u00f6yledi.<\/p>\n<p>\u00d6te yandan, Demirel&#8217;in konutunun bulundu\u011fu G\u00fcniz Sokak&#8217;a giri\u015fler polis kontrol\u00fcnde sa\u011flan\u0131yor.<\/p>\n<span style=\"font-weight: bold; color: #f00;\">Error, group does not exist! Check your syntax! (ID: 62)<\/span>\n","protected":false},"excerpt":{"rendered":"<p>9. Cumhurba\u015fkan\u0131 S\u00fcleyman Demirel&#8217;in e\u015fi Nazmiye Demirel&#8217;in cenazesinin per\u015fembe g\u00fcn\u00fc Isparta&#8217;da defnedilmesi bekleniyor.<\/p>\n","protected":false},"author":4,"featured_media":178986,"comment_status":"open","ping_status":"open","sticky":false,"template":"","format":"standard","meta":{"_acf_changed":false,"footnotes":""},"categories":[6155,5005,6202,349,6805],"tags":[130973,130985,130988,130987,7184],"class_list":["post-137456","post","type-post","status-publish","format-standard","has-post-thumbnail","hentry","category-gundem","category-manset","category-politika","category-son-dakika","category-turkiye","tag-nazmiye-demirel","tag-nazmiye-demirel-cenaze","tag-nazmiye-demirel-cenaze-toreni","tag-nazmiye-demirel-cenazesi","tag-suleyman-demirel"],"acf":[],"_links":{"self":[{"href":"https:\/\/www.nationalturk.com\/tr\/wp-json\/wp\/v2\/posts\/137456","targetHints":{"allow":["GET"]}}],"collection":[{"href":"https:\/\/www.nationalturk.com\/tr\/wp-json\/wp\/v2\/posts"}],"about":[{"href":"https:\/\/www.nationalturk.com\/tr\/wp-json\/wp\/v2\/types\/post"}],"author":[{"embeddable":true,"href":"https:\/\/www.nationalturk.com\/tr\/wp-json\/wp\/v2\/users\/4"}],"replies":[{"embeddable":true,"href":"https:\/\/www.nationalturk.com\/tr\/wp-json\/wp\/v2\/comments?post=137456"}],"version-history":[{"count":0,"href":"https:\/\/www.nationalturk.com\/tr\/wp-json\/wp\/v2\/posts\/137456\/revisions"}],"wp:featuredmedia":[{"embeddable":true,"href":"https:\/\/www.nationalturk.com\/tr\/wp-json\/wp\/v2\/media\/178986"}],"wp:attachment":[{"href":"https:\/\/www.nationalturk.com\/tr\/wp-json\/wp\/v2\/media?parent=137456"}],"wp:term":[{"taxonomy":"category","embeddable":true,"href":"https:\/\/www.nationalturk.com\/tr\/wp-json\/wp\/v2\/categories?post=137456"},{"taxonomy":"post_tag","embeddable":true,"href":"https:\/\/www.nationalturk.com\/tr\/wp-json\/wp\/v2\/tags?post=137456"}],"curies":[{"name":"wp","href":"https:\/\/api.w.org\/{rel}","templated":true}]}}