{"id":137518,"date":"2013-05-28T17:40:33","date_gmt":"2013-05-28T14:40:33","guid":{"rendered":"http:\/\/www.nationalturk.com\/?p=137518"},"modified":"2013-05-28T17:40:33","modified_gmt":"2013-05-28T14:40:33","slug":"mehmet-ozdilek-istifa-etti-137518","status":"publish","type":"post","link":"https:\/\/www.nationalturk.com\/tr\/mehmet-ozdilek-istifa-etti-137518\/","title":{"rendered":"Mehmet \u00d6zdilek istifa etti"},"content":{"rendered":"<h1><img loading=\"lazy\" decoding=\"async\" class=\"alignleft size-medium wp-image-137519\" alt=\"Mehmet \u00d6zdilek istifa etti\" src=\"http:\/\/www.nationalturk.com\/tr\/wp-content\/uploads\/2013\/05\/mehmet_ozdilek_istifa-280x157.jpg\" width=\"280\" height=\"157\" title=\"\" srcset=\"https:\/\/www.nationalturk.com\/tr\/wp-content\/uploads\/2013\/05\/mehmet_ozdilek_istifa-280x157.jpg 280w, https:\/\/www.nationalturk.com\/tr\/wp-content\/uploads\/2013\/05\/mehmet_ozdilek_istifa-610x343.jpg 610w, https:\/\/www.nationalturk.com\/tr\/wp-content\/uploads\/2013\/05\/mehmet_ozdilek_istifa.jpg 658w\" sizes=\"auto, (max-width: 280px) 100vw, 280px\" \/>Medical Park Antalyaspor Teknik Direkt\u00f6r\u00fc Mehmet \u00d6zdilek, &#8216;Gelecek yeni y\u00f6netimin \u00f6n\u00fcn\u00fc a\u00e7mak ad\u0131na g\u00f6revi b\u0131rakt\u0131\u011f\u0131m\u0131z\u0131 kamuoyuna bildirmek istedim&#8217; dedi. \/\u00a0Mehmet \u00d6zdilek istifa etti&#8230;<\/h1>\n<p>\u00d6zdilek, Hasan Suba\u015f\u0131 Tesisleri&#8217;nde d\u00fczenledi\u011fi bas\u0131n toplant\u0131s\u0131nda, Kul\u00fcp Ba\u015fkan\u0131 Hasan Ak\u0131nc\u0131o\u011flu&#8217;nun yap\u0131lacak genel kurulda aday olmayaca\u011f\u0131 haberini ald\u0131\u011f\u0131nda \u00fcz\u00fcnt\u00fc duydu\u011funu, bu nedenden dolay\u0131 gelecek yeni y\u00f6netimin \u00f6n\u00fcn\u00fc a\u00e7mak i\u00e7in be\u015f y\u0131ld\u0131r g\u00f6rev yapt\u0131\u011f\u0131 Medical Park Antalyaspor&#8217;dan ayr\u0131ld\u0131\u011f\u0131n\u0131 s\u00f6yledi.<\/p>\n<p>&#8220;Gelecek y\u00f6netimin \u00f6n\u00fcn\u00fc a\u00e7mak ad\u0131na g\u00f6revi b\u0131rakt\u0131\u011f\u0131m\u0131z\u0131 kamuoyuna bildirmek istedim&#8221; diyen \u00d6zdilek, daha sonra kapsaml\u0131 bir a\u00e7\u0131klama yapaca\u011f\u0131n\u0131 kaydetti.<\/p>\n<p>Pro lisans kursuna kat\u0131ld\u0131\u011f\u0131n\u0131, geldi\u011finde b\u00f6yle bir \u015fey ile kar\u015f\u0131la\u015ft\u0131\u011f\u0131n\u0131 dile getiren \u00d6zdilek, \u015f\u00f6yle konu\u015ftu:<\/p>\n<p>&#8220;E\u011fitim 2 Haziran&#8217;da bitecek. \u00d6zellikle yerel medya ile oturup bu sezon ve ge\u00e7irdi\u011fimiz son be\u015f sezonun de\u011ferlendirmesini yapaca\u011f\u0131z. Ben sadece k\u00fc\u00e7\u00fck bir beyanat\u0131m\u0131 kamuoyu ile payla\u015fmak istedim. Bu s\u00fcre\u00e7te Antalyaspor&#8217;a ba\u015far\u0131lar diliyorum. 2 Haziran&#8217;dan itibaren kendi ad\u0131ma kapsaml\u0131, genel bir de\u011ferlendirme yapaca\u011f\u0131m.&#8221;<\/p>\n<p>\u00d6zdilek, Medical Park Antalyaspor&#8217;da 2008-2009 sezonunda teknik direkt\u00f6rl\u00fck g\u00f6revine getirilmi\u015fti.<\/p>\n<div class=\"a-single a-377\"><iframe style=\"width:610px; height:125px;\" name=\"610x90\" marginWidth=\"0\" frameSpacing=\"0\" marginHeight=\"0\" frameBorder=\"0\" scrolling=\"no\" target=\"_self\" src=\"http:\/\/www.ajansreklam.net\/reklam\/brezilya-610x90.php\"><\/iframe><\/div>\n","protected":false},"excerpt":{"rendered":"<p>Medical Park Antalyaspor Teknik Direkt\u00f6r\u00fc Mehmet \u00d6zdilek, &#8216;Gelecek yeni y\u00f6netimin \u00f6n\u00fcn\u00fc a\u00e7mak ad\u0131na g\u00f6revi b\u0131rakt\u0131\u011f\u0131m\u0131z\u0131 kamuoyuna bildirmek istedim&#8217; dedi. \/ Mehmet \u00d6zdilek istifa etti&#8230;<\/p>\n","protected":false},"author":4,"featured_media":178975,"comment_status":"open","ping_status":"open","sticky":false,"template":"","format":"standard","meta":{"_acf_changed":false,"footnotes":""},"categories":[6774,349,6194],"tags":[7633,39686],"class_list":["post-137518","post","type-post","status-publish","format-standard","has-post-thumbnail","hentry","category-futbol","category-son-dakika","category-spor","tag-antalyaspor","tag-mehmet-ozdilek"],"acf":[],"_links":{"self":[{"href":"https:\/\/www.nationalturk.com\/tr\/wp-json\/wp\/v2\/posts\/137518","targetHints":{"allow":["GET"]}}],"collection":[{"href":"https:\/\/www.nationalturk.com\/tr\/wp-json\/wp\/v2\/posts"}],"about":[{"href":"https:\/\/www.nationalturk.com\/tr\/wp-json\/wp\/v2\/types\/post"}],"author":[{"embeddable":true,"href":"https:\/\/www.nationalturk.com\/tr\/wp-json\/wp\/v2\/users\/4"}],"replies":[{"embeddable":true,"href":"https:\/\/www.nationalturk.com\/tr\/wp-json\/wp\/v2\/comments?post=137518"}],"version-history":[{"count":0,"href":"https:\/\/www.nationalturk.com\/tr\/wp-json\/wp\/v2\/posts\/137518\/revisions"}],"wp:featuredmedia":[{"embeddable":true,"href":"https:\/\/www.nationalturk.com\/tr\/wp-json\/wp\/v2\/media\/178975"}],"wp:attachment":[{"href":"https:\/\/www.nationalturk.com\/tr\/wp-json\/wp\/v2\/media?parent=137518"}],"wp:term":[{"taxonomy":"category","embeddable":true,"href":"https:\/\/www.nationalturk.com\/tr\/wp-json\/wp\/v2\/categories?post=137518"},{"taxonomy":"post_tag","embeddable":true,"href":"https:\/\/www.nationalturk.com\/tr\/wp-json\/wp\/v2\/tags?post=137518"}],"curies":[{"name":"wp","href":"https:\/\/api.w.org\/{rel}","templated":true}]}}