{"id":137535,"date":"2013-05-29T10:32:43","date_gmt":"2013-05-29T07:32:43","guid":{"rendered":"http:\/\/www.nationalturk.com\/?p=137535"},"modified":"2022-09-18T10:43:03","modified_gmt":"2022-09-18T07:43:03","slug":"gezi-parkinda-eylemdeyim-dedi-fetih-davetini-kabul-etmedi-137535","status":"publish","type":"post","link":"https:\/\/www.nationalturk.com\/tr\/gezi-parkinda-eylemdeyim-dedi-fetih-davetini-kabul-etmedi-137535\/","title":{"rendered":"&#8220;Gezi Park\u0131&#8217;nda eylemdeyim&#8221; dedi, fetih davetini kabul etmedi"},"content":{"rendered":"<h1><img loading=\"lazy\" decoding=\"async\" class=\"alignleft size-medium wp-image-137536\" alt=\"Devrim Evin\" src=\"http:\/\/www.nationalturk.com\/tr\/wp-content\/uploads\/2013\/05\/devrim_evin-280x143.jpg\" width=\"280\" height=\"143\" title=\"\" srcset=\"https:\/\/www.nationalturk.com\/tr\/wp-content\/uploads\/2013\/05\/devrim_evin-280x143.jpg 280w, https:\/\/www.nationalturk.com\/tr\/wp-content\/uploads\/2013\/05\/devrim_evin.jpg 520w\" sizes=\"auto, (max-width: 280px) 100vw, 280px\" \/>Sinemalarda g\u00f6sterildi\u011finde b\u00fcy\u00fck ilgi g\u00f6ren Fetih 1453 filminde Fatih Sultan Mehmet&#8217;i canland\u0131ran oyuncu Devrim Evin, valilik ve belediyenin d\u00fczenledi\u011fi Fetih \u015eenliklerine Taksim Gezi Park\u0131&#8217;ndaki eyleme kat\u0131laca\u011f\u0131n\u0131 s\u00f6yleyerek gitmedi.<\/h1>\n<p>Fetih 1453 filminde Fatih Sultan Mehmet&#8217;i canland\u0131ran ba\u015frol oyuncusu Devrim Evin \u0130stanbul&#8217;un Fethi ile ilgili \u0130stanbul Valili\u011fi ve \u0130stanbul B\u00fcy\u00fck\u015fehir Belediyesi&#8217;nin d\u00fczelnedi\u011fi Fetih \u015eenliklerine kat\u0131lmay\u0131 redderek Taksim Gezi Park\u0131&#8217;nda eylemde olaca\u011f\u0131n\u0131 a\u00e7\u0131klad\u0131.<\/p>\n<p>Devrim Evin, &#8220;Ben \u0130stanbul&#8217;un Fethini Taksim Gezi Park\u0131&#8217;nda halkla kutlayaca\u011f\u0131m&#8221; dedi. Gen\u00e7 oyuncu Twitter&#8217;daki hesab\u0131nda da\u00a0&#8220;Beni 20 May\u0131s Fetih etkinliklerine ba\u015f konuk olarak davet eden \u0130stanbul Valisi ve Belediye Ba\u015fkan\u0131, sizinle de\u011filim. Fetih g\u00fcn\u00fc &#8216;Gezi Park\u0131 i\u00e7in Taksim&#8217;e&#8221; ifadelerini kulland\u0131.<\/p>\n<!-- Error, Advert is not available at this time due to schedule\/geolocation restrictions! -->\n","protected":false},"excerpt":{"rendered":"<p>Sinemalarda g\u00f6sterildi\u011finde b\u00fcy\u00fck ilgi g\u00f6ren Fetih 1453 filminde Fatih Sultan Mehmet&#8217;i canland\u0131ran oyuncu Devrim Evin, valilik ve belediyenin d\u00fczenledi\u011fi Fetih \u015eenliklerine Taksim Gezi Park\u0131&#8217;ndaki eyleme kat\u0131laca\u011f\u0131n\u0131 s\u00f6yleyerek gitmedi.<\/p>\n","protected":false},"author":4,"featured_media":178971,"comment_status":"open","ping_status":"open","sticky":false,"template":"","format":"standard","meta":{"_acf_changed":false,"footnotes":""},"categories":[6155,6232,5005,6202,6805],"tags":[23171,93121,123486,7877,3805],"class_list":["post-137535","post","type-post","status-publish","format-standard","has-post-thumbnail","hentry","category-gundem","category-magazin","category-manset","category-politika","category-turkiye","tag-1-mayis-taksim","tag-fetih-1453","tag-gezi-parki-eylem","tag-istanbul-valiligi","tag-taksim"],"acf":[],"_links":{"self":[{"href":"https:\/\/www.nationalturk.com\/tr\/wp-json\/wp\/v2\/posts\/137535","targetHints":{"allow":["GET"]}}],"collection":[{"href":"https:\/\/www.nationalturk.com\/tr\/wp-json\/wp\/v2\/posts"}],"about":[{"href":"https:\/\/www.nationalturk.com\/tr\/wp-json\/wp\/v2\/types\/post"}],"author":[{"embeddable":true,"href":"https:\/\/www.nationalturk.com\/tr\/wp-json\/wp\/v2\/users\/4"}],"replies":[{"embeddable":true,"href":"https:\/\/www.nationalturk.com\/tr\/wp-json\/wp\/v2\/comments?post=137535"}],"version-history":[{"count":0,"href":"https:\/\/www.nationalturk.com\/tr\/wp-json\/wp\/v2\/posts\/137535\/revisions"}],"wp:featuredmedia":[{"embeddable":true,"href":"https:\/\/www.nationalturk.com\/tr\/wp-json\/wp\/v2\/media\/178971"}],"wp:attachment":[{"href":"https:\/\/www.nationalturk.com\/tr\/wp-json\/wp\/v2\/media?parent=137535"}],"wp:term":[{"taxonomy":"category","embeddable":true,"href":"https:\/\/www.nationalturk.com\/tr\/wp-json\/wp\/v2\/categories?post=137535"},{"taxonomy":"post_tag","embeddable":true,"href":"https:\/\/www.nationalturk.com\/tr\/wp-json\/wp\/v2\/tags?post=137535"}],"curies":[{"name":"wp","href":"https:\/\/api.w.org\/{rel}","templated":true}]}}