{"id":137633,"date":"2013-05-29T23:50:46","date_gmt":"2013-05-29T20:50:46","guid":{"rendered":"http:\/\/www.nationalturk.com\/?p=137633"},"modified":"2022-09-18T12:14:53","modified_gmt":"2022-09-18T09:14:53","slug":"taksim-gezi-parki-direnisi-suruyor-137633","status":"publish","type":"post","link":"https:\/\/www.nationalturk.com\/tr\/taksim-gezi-parki-direnisi-suruyor-137633\/","title":{"rendered":"Taksim Gezi Park\u0131 N\u00f6beti S\u00fcr\u00fcyor !"},"content":{"rendered":"<h1><a href=\"http:\/\/www.nationalturk.com\/tr\/wp-content\/uploads\/2013\/05\/taksim-gezi-parki-nobeti.jpg\"><img loading=\"lazy\" decoding=\"async\" class=\"size-full wp-image-137646 alignnone\" title=\"Taksim Gezi Park\u0131\" alt=\"taksim-gezi-parki-nobeti\" src=\"http:\/\/www.nationalturk.com\/tr\/wp-content\/uploads\/2013\/05\/taksim-gezi-parki-nobeti.jpg\" width=\"600\" height=\"450\" srcset=\"https:\/\/www.nationalturk.com\/tr\/wp-content\/uploads\/2013\/05\/taksim-gezi-parki-nobeti.jpg 600w, https:\/\/www.nationalturk.com\/tr\/wp-content\/uploads\/2013\/05\/taksim-gezi-parki-nobeti-280x210.jpg 280w, https:\/\/www.nationalturk.com\/tr\/wp-content\/uploads\/2013\/05\/taksim-gezi-parki-nobeti-533x400.jpg 533w\" sizes=\"auto, (max-width: 600px) 100vw, 600px\" \/><\/a><\/h1>\n<h1>Halk Taksim Gezi park\u0131na sahip \u00e7\u0131k\u0131yor! Taksim Gezi Park\u0131nda ki a\u011fa\u00e7lar\u0131 yok etmek isteyenlere kar\u015f\u0131 N\u00f6bet devam ediyor!<\/h1>\n<p>Aralar\u0131nda &#8216;S\u0131rr\u0131 S\u00fcreyya \u00d6nder ve Ferhat Tun\u00e7&#8217; gibi isimlerin bulundu\u011fu Be\u015fikta\u015f \u00e7Ar\u015f\u0131 grubununda destek verdi\u011fi Taksim Gezi Park\u0131nda ki a\u011fa\u00e7lar\u0131 koruma n\u00f6beti t\u00fcm h\u0131z\u0131yla devam ediyor.<\/p>\n<p>A\u011fa\u00e7lar\u0131 korumak i\u00e7in n\u00f6bet tutan kalabal\u0131k \u00e7ad\u0131r kurarak yada uyku tulumu ve battaniyelere sar\u0131larak n\u00f6betlerini s\u00fcrd\u00fcr\u00fcyor. D\u00fcn gece ki n\u00f6bete ise \u00a0sinema ve tiyatro oyuncusu \u015eebnem S\u00f6nmez ve m\u00fczisyenler de kat\u0131ld\u0131.<\/p>\n<p>Bug\u00fcn de devam eden Taksim Gezi Park\u0131 Direni\u015finde S\u0131rr\u0131 S\u00fcreyya \u00d6nder ve Ferhat Tun\u00e7 konu\u015fmalar yaparak halk ile birlikte a\u011fa\u00e7lar\u0131 koruma n\u00f6betinde halk\u0131n yan\u0131nda olduklar\u0131n\u0131 g\u00f6sterdiler. Ayr\u0131ca \u00e7evreden yaya ve ta\u015f\u0131tlar\u0131yla ge\u00e7en insanlar da n\u00f6bet tutan gruba destek olarak n\u00f6bet tutanlar taraf\u0131ndan alk\u0131\u015flarla kar\u015f\u0131land\u0131lar.<\/p>\n<p>&nbsp;<\/p>\n<p>NationalTurk \/ \u0130stanbul<\/p>\n<!-- Error, Advert is not available at this time due to schedule\/geolocation restrictions! -->\n<p>&nbsp;<\/p>\n","protected":false},"excerpt":{"rendered":"<p>Halk Taksim Gezi park\u0131na sahip \u00e7\u0131k\u0131yor! Taksim Gezi Park\u0131nda ki a\u011fa\u00e7lar\u0131 yok etmek isteyenlere kar\u015f\u0131 N\u00f6bet devam ediyor!<\/p>\n","protected":false},"author":9192221,"featured_media":137646,"comment_status":"open","ping_status":"open","sticky":false,"template":"","format":"standard","meta":{"_acf_changed":false,"footnotes":""},"categories":[5005,6805,6662],"tags":[131126,60934,1011,131125,67610,70077,3805,131123,14663],"class_list":["post-137633","post","type-post","status-publish","format-standard","has-post-thumbnail","hentry","category-manset","category-turkiye","category-yasam","tag-ferhat-tunc","tag-halk","tag-istanbul","tag-nobet","tag-sebnem-donmez","tag-sirri-sureyya-onder","tag-taksim","tag-taksim-gezi","tag-taksim-gezi-parki"],"acf":[],"_links":{"self":[{"href":"https:\/\/www.nationalturk.com\/tr\/wp-json\/wp\/v2\/posts\/137633","targetHints":{"allow":["GET"]}}],"collection":[{"href":"https:\/\/www.nationalturk.com\/tr\/wp-json\/wp\/v2\/posts"}],"about":[{"href":"https:\/\/www.nationalturk.com\/tr\/wp-json\/wp\/v2\/types\/post"}],"author":[{"embeddable":true,"href":"https:\/\/www.nationalturk.com\/tr\/wp-json\/wp\/v2\/users\/9192221"}],"replies":[{"embeddable":true,"href":"https:\/\/www.nationalturk.com\/tr\/wp-json\/wp\/v2\/comments?post=137633"}],"version-history":[{"count":0,"href":"https:\/\/www.nationalturk.com\/tr\/wp-json\/wp\/v2\/posts\/137633\/revisions"}],"wp:featuredmedia":[{"embeddable":true,"href":"https:\/\/www.nationalturk.com\/tr\/wp-json\/wp\/v2\/media\/137646"}],"wp:attachment":[{"href":"https:\/\/www.nationalturk.com\/tr\/wp-json\/wp\/v2\/media?parent=137633"}],"wp:term":[{"taxonomy":"category","embeddable":true,"href":"https:\/\/www.nationalturk.com\/tr\/wp-json\/wp\/v2\/categories?post=137633"},{"taxonomy":"post_tag","embeddable":true,"href":"https:\/\/www.nationalturk.com\/tr\/wp-json\/wp\/v2\/tags?post=137633"}],"curies":[{"name":"wp","href":"https:\/\/api.w.org\/{rel}","templated":true}]}}