{"id":137756,"date":"2013-06-05T12:18:21","date_gmt":"2013-06-05T09:18:21","guid":{"rendered":"http:\/\/www.nationalturk.com\/?p=137756"},"modified":"2013-06-05T12:18:40","modified_gmt":"2013-06-05T09:18:40","slug":"gezi-parki-direnisi-dunya-basininda-ilk-sirada-turkiye-haberleri-137756","status":"publish","type":"post","link":"https:\/\/www.nationalturk.com\/tr\/gezi-parki-direnisi-dunya-basininda-ilk-sirada-turkiye-haberleri-137756\/","title":{"rendered":"Gezi Park\u0131 direni\u015fi D\u00fcnya Bas\u0131n\u0131nda ilk s\u0131rada \/ T\u00fcrkiye Haberleri"},"content":{"rendered":"<h1><a href=\"http:\/\/www.nationalturk.com\/tr\/wp-content\/uploads\/2013\/06\/D\u00fcnya-Bas\u0131n\u0131-Gezi-Parki-Olaylar\u0131.jpg\"><img loading=\"lazy\" decoding=\"async\" class=\"alignnone size-full wp-image-138008\" title=\"D\u00fcnya-Bas\u0131n\u0131-Gezi-Parki-Olaylar\u0131\" alt=\"D\u00fcnya-Bas\u0131n\u0131-Gezi-Parki-Olaylar\u0131\" src=\"http:\/\/www.nationalturk.com\/tr\/wp-content\/uploads\/2013\/06\/D\u00fcnya-Bas\u0131n\u0131-Gezi-Parki-Olaylar\u0131.jpg\" width=\"610\" height=\"406\" srcset=\"https:\/\/www.nationalturk.com\/tr\/wp-content\/uploads\/2013\/06\/D\u00fcnya-Bas\u0131n\u0131-Gezi-Parki-Olaylar\u0131.jpg 610w, https:\/\/www.nationalturk.com\/tr\/wp-content\/uploads\/2013\/06\/D\u00fcnya-Bas\u0131n\u0131-Gezi-Parki-Olaylar\u0131-280x186.jpg 280w, https:\/\/www.nationalturk.com\/tr\/wp-content\/uploads\/2013\/06\/D\u00fcnya-Bas\u0131n\u0131-Gezi-Parki-Olaylar\u0131-600x400.jpg 600w\" sizes=\"auto, (max-width: 610px) 100vw, 610px\" \/><\/a><\/h1>\n<h1>Gezi Park\u0131 eylemleri 8. g\u00fcn\u00fcn\u00fc doldururken D\u00fcnyan\u0131n say\u0131l\u0131 bas\u0131n yay\u0131n organlar\u0131 olaylara b\u00fcy\u00fck yer verdi yap\u0131lan yorumlarda Ba\u015fbakan Tayyip Erdo\u011fan sert bir \u015fekilde ele\u015ftiriliyor.<\/h1>\n<p>Avrupa ve ABD bas\u0131n\u0131 T\u00fcrkiye geneline yay\u0131lan protestolar\u0131 man\u015fetten verdi. Frans\u0131z Liberation gazetesi, &#8216;Bahar Havas\u0131&#8217; ba\u015fl\u0131\u011f\u0131n\u0131 atarak Arap Bahar\u0131&#8217;na g\u00f6nderme yaparken, Telegraph gazetesi ise Taksim&#8217;in Tahrir Meydan\u0131 eylemlerinden farkl\u0131 oldu\u011funu yazd\u0131. \u0130\u015fte d\u00fcnya bas\u0131n\u0131ndan protesto yorumlar\u0131:<\/p>\n<p><strong>Liberation (Fransa)<\/strong><\/p>\n<p>Arap Bahar\u0131 s\u0131ras\u0131nda Erdo\u011fan M\u00fcsl\u00fcman D\u00fcnya\u00a0i\u00e7in bir lider modeli haline gelmi\u015fti. Ama 11 y\u0131ll\u0131k iktidar\u0131nda AKP T\u00fcrk toplumu \u00fczerinde bask\u0131s\u0131n\u0131 art\u0131rd\u0131. \u0130fade \u00f6zg\u00fcrl\u00fc\u011f\u00fcn\u00fc k\u0131s\u0131tlad\u0131. Bir T\u00fcrk bahar\u0131ndan bahsetmek i\u00e7in \u00e7ok erken ancak bu hareket D\u00fcnya\u00a0ya a\u00e7\u0131k toplumlar\u0131n \u00f6zg\u00fcrl\u00fckleri k\u0131s\u0131tlayan bir \u0130slamc\u0131 y\u00f6netimi kabul etmeyece\u011fini g\u00f6steriyor. Bu Erdo\u011fan i\u00e7in bir ders olmal\u0131.<\/p>\n<p><strong>Financial Times (\u0130ngiltere)<\/strong><\/p>\n<p>Erdo\u011fan g\u00f6stericileri \u00e7apulcu, Twitter&#8217;\u0131 ba\u015f belas\u0131 ve alkol t\u00fcketenleri alkolik olarak niteledi. Protestolar\u0131n kayna\u011f\u0131 Erdo\u011fan&#8217;\u0131n bask\u0131c\u0131 e\u011filimleri&#8230; Eylemciler ya\u015fam tarzlar\u0131na sald\u0131r\u0131 olarak g\u00f6rd\u00fc\u011f\u00fc kararlara kar\u015f\u0131 ayakland\u0131.<\/p>\n<p><strong>Daily Telegraph (\u0130ngiltere)<\/strong><\/p>\n<p>Erdo\u011fan&#8217;\u0131n partisi ikisi a\u00e7\u0131k farkla \u00fc\u00e7 se\u00e7im kazand\u0131 ve ekonomik b\u00fcy\u00fcme sa\u011flad\u0131. Ama bu protestolar durup dururken ortaya \u00e7\u0131kmad\u0131. Erdo\u011fan&#8217;\u0131n partisinin \u0130slami e\u011filimi giderek artan bir \u015fekilde Atat\u00fcrk&#8217;\u00fcn 90 y\u0131l \u00f6nce kurdu\u011fu laik cumhuriyetle ayr\u0131\u015f\u0131yor. Dahas\u0131 Erdo\u011fan otoriter tavr\u0131yla ele\u015ftirilere tahamm\u00fcl edemiyor. T\u00fcrkiye\u00a0hapiste en \u00e7ok gazetecinin oldu\u011fu \u00fclke.<\/p>\n<p><strong>Independent (\u0130ngiltere)<\/strong><\/p>\n<p>T\u00fcrkiye &#8216;deki protestolar Arap Bahar\u0131&#8217;n\u0131n ba\u015flang\u0131c\u0131nda Tunus ve Kahire&#8217;deki ayaklanmalara benzetilemez. T\u00fcrkiye&#8217;de demokratik yollarla se\u00e7ilmi\u015f, askeri darbe d\u00f6ng\u00fcs\u00fcn\u00fc k\u0131rm\u0131\u015f ve ekonomik refah\u0131 sa\u011flam\u0131\u015f bir h\u00fck\u00fcmet var. Asl\u0131nda bir\u00e7ok a\u00e7\u0131dan g\u00f6steriler halk\u0131n polis ya da askerin tepkisinden art\u0131k korkmad\u0131\u011f\u0131n\u0131 g\u00f6stermesi a\u00e7\u0131s\u0131ndan sa\u011fl\u0131kl\u0131 bir i\u015faret. Ama K\u00fcrt toplumuyla uzla\u015fma s\u00fcrecini ba\u015flatan Erdo\u011fan, daha bask\u0131c\u0131 olmaya ba\u015flad\u0131. Suriye politikas\u0131 destek g\u00f6rm\u00fcyor.<\/p>\n<p><strong>Der Tagesspiegel (Almanya)<\/strong><\/p>\n<p>\u0130stanbul&#8217;da huzursuzluk: T\u00fcrk bahar\u0131&#8230; G\u00f6sterilere kat\u0131lanlar art\u0131k hi\u00e7bir \u015feyin eskisi gibi olmayaca\u011f\u0131n\u0131 s\u00f6yl\u00fcyor. Sokak \u00e7at\u0131\u015fmalar\u0131 ve polisin m\u00fcdahalelerinin ard\u0131ndan h\u00fck\u00fcmet, yelkenleri suya indirdi. Ba\u015fbakan Erdo\u011fan i\u00e7in bu, \u015fimdiye kadar ald\u0131\u011f\u0131 en b\u00fcy\u00fck yenilgi. Bir\u00e7ok ki\u015fi \u00fclkede yeni bir d\u00f6nemin ba\u015flad\u0131\u011f\u0131 g\u00f6r\u00fc\u015f\u00fcnde..<\/p>\n<p><strong>Die Welt (Almanya)<\/strong><\/p>\n<p>Ba\u015far\u0131lara al\u0131\u015fm\u0131\u015f olan Erdo\u011fan ilk kez spontane bi\u00e7imde ortaya \u00e7\u0131kan halk hareketine boyun e\u011fmek zorunda. Ancak e\u011fer ba\u015farabilecek durumda ise biraz tevazu g\u00f6stermeyi \u00f6\u011frenmek zorunda.<\/p>\n<p><strong>Il Giornale (\u0130talya)<\/strong><\/p>\n<p>&#8221; Sultan \u00c7\u0131plak &#8220;Sultanl\u0131k hevesinden diktat\u00f6r \u00e7\u0131rakl\u0131\u011f\u0131na. Art\u0131k o da bir zamanlar dost oldu\u011fu H\u00fcsn\u00fc M\u00fcbarek, Muammer Kaddafi ve Be\u015fir Esad gibi ayn\u0131 unvan\u0131 payla\u015fmaya ba\u015flad\u0131. Meydanlar 200 kadar beldede kayn\u0131yor ve t\u0131rmanan \u0130slam rejiminin istenmedi\u011fi g\u00f6r\u00fcl\u00fcyor.<\/p>\n<p><strong>Le Figaro (Fransa)<\/strong><\/p>\n<p>T\u00fcrk g\u00f6stericiler vazge\u00e7miyor. Taksim\u2019de ya\u015fananlar, Erdo\u011fan\u2019\u0131n a\u011fz\u0131nda biradan daha ek\u015fi bir tat b\u0131rakt\u0131. Cumartesi ak\u015fam\u0131 herkes, alkol yasa\u011f\u0131 getiren Erdo\u011fan\u2019\u0131n \u015ferefine bira \u015fi\u015felerini toku\u015fturuyor ve \u201cErdo\u011fan istifa sloganlar\u0131 at\u0131yordu.<\/p>\n<!-- Error, Advert is not available at this time due to schedule\/geolocation restrictions! -->\n","protected":false},"excerpt":{"rendered":"<p>Gezi Park\u0131 eylemleri 8. g\u00fcn\u00fcn\u00fc doldururken D\u00fcnyan\u0131n say\u0131l\u0131 bas\u0131n yay\u0131n organlar\u0131 olaylara b\u00fcy\u00fck yer verdi yap\u0131lan yorumlarda Ba\u015fbakan Tayyip Erdo\u011fan sert bir \u015fekilde ele\u015ftiriliyor.<\/p>\n","protected":false},"author":761,"featured_media":138008,"comment_status":"open","ping_status":"open","sticky":false,"template":"","format":"standard","meta":{"_acf_changed":false,"footnotes":""},"categories":[6665,6155,5005,6202,349,6805],"tags":[195937,131455,92829,131452,131377,195938],"class_list":["post-137756","post","type-post","status-publish","format-standard","has-post-thumbnail","hentry","category-dunya","category-gundem","category-manset","category-politika","category-son-dakika","category-turkiye","tag-dunya","tag-dunya-basini","tag-gezi-parki","tag-gezi-parki-direnisi","tag-gezi-parki-eylemleri","tag-turkiye"],"acf":[],"_links":{"self":[{"href":"https:\/\/www.nationalturk.com\/tr\/wp-json\/wp\/v2\/posts\/137756","targetHints":{"allow":["GET"]}}],"collection":[{"href":"https:\/\/www.nationalturk.com\/tr\/wp-json\/wp\/v2\/posts"}],"about":[{"href":"https:\/\/www.nationalturk.com\/tr\/wp-json\/wp\/v2\/types\/post"}],"author":[{"embeddable":true,"href":"https:\/\/www.nationalturk.com\/tr\/wp-json\/wp\/v2\/users\/761"}],"replies":[{"embeddable":true,"href":"https:\/\/www.nationalturk.com\/tr\/wp-json\/wp\/v2\/comments?post=137756"}],"version-history":[{"count":0,"href":"https:\/\/www.nationalturk.com\/tr\/wp-json\/wp\/v2\/posts\/137756\/revisions"}],"wp:featuredmedia":[{"embeddable":true,"href":"https:\/\/www.nationalturk.com\/tr\/wp-json\/wp\/v2\/media\/138008"}],"wp:attachment":[{"href":"https:\/\/www.nationalturk.com\/tr\/wp-json\/wp\/v2\/media?parent=137756"}],"wp:term":[{"taxonomy":"category","embeddable":true,"href":"https:\/\/www.nationalturk.com\/tr\/wp-json\/wp\/v2\/categories?post=137756"},{"taxonomy":"post_tag","embeddable":true,"href":"https:\/\/www.nationalturk.com\/tr\/wp-json\/wp\/v2\/tags?post=137756"}],"curies":[{"name":"wp","href":"https:\/\/api.w.org\/{rel}","templated":true}]}}