{"id":137961,"date":"2013-06-04T16:30:54","date_gmt":"2013-06-04T13:30:54","guid":{"rendered":"http:\/\/www.nationalturk.com\/?p=137961"},"modified":"2013-06-04T16:30:54","modified_gmt":"2013-06-04T13:30:54","slug":"kadir-inanirdan-gezi-parki-aciklamasi-137961","status":"publish","type":"post","link":"https:\/\/www.nationalturk.com\/tr\/kadir-inanirdan-gezi-parki-aciklamasi-137961\/","title":{"rendered":"Kadir \u0130nan\u0131r&#8217;dan Gezi Park\u0131 a\u00e7\u0131klamas\u0131"},"content":{"rendered":"<h1><img loading=\"lazy\" decoding=\"async\" class=\"alignleft size-medium wp-image-137962\" alt=\"Kadir \u0130nan\u0131r\" src=\"http:\/\/www.nationalturk.com\/tr\/wp-content\/uploads\/2013\/06\/kadir_inanir_akil-e1370352592665-280x190.jpg\" width=\"280\" height=\"190\" title=\"\" srcset=\"https:\/\/www.nationalturk.com\/tr\/wp-content\/uploads\/2013\/06\/kadir_inanir_akil-e1370352592665-280x190.jpg 280w, https:\/\/www.nationalturk.com\/tr\/wp-content\/uploads\/2013\/06\/kadir_inanir_akil-e1370352592665.jpg 530w\" sizes=\"auto, (max-width: 280px) 100vw, 280px\" \/>Gezi Park\u0131 olaylar\u0131yla ilgili a\u00e7\u0131klamalarda bulunan Akil \u0130nsanlar Heyeti \u00fcyesi Kadir \u0130nan\u0131r &#8216;Demokratik bir \u00fclke olman\u0131n ana kayna\u011f\u0131; farkl\u0131 inan\u00e7, d\u00fc\u015f\u00fcnce, ya\u015fam tarz\u0131na sahip insanlarla birlikte ya\u015fayabilmek bu k\u00fclt\u00fcre sahip olmakt\u0131r&#8217; dedi.<\/h1>\n<p>Ter\u00f6r\u00fcn son bulmas\u0131 i\u00e7in y\u00fcr\u00fct\u00fclen \u00c7\u00f6z\u00fcm S\u00fcreci&#8217;nde olu\u015fturulan Akil \u0130nsanlar Heyeti&#8217;nin Akdeniz Grubu \u00fcyesi de olan sanat\u00e7\u0131 Kadir \u0130nan\u0131r, Taksim Gezi Park\u0131&#8217;nda ba\u015flayan izinsiz g\u00f6sterilerle ilgili a\u00e7\u0131klamalarda bulundu. \u0130nan\u0131r, yapt\u0131\u011f\u0131 yaz\u0131l\u0131 a\u00e7\u0131klamada, son g\u00fcnlerde ya\u015fanan geli\u015fmelerin &#8220;demokrasi ve \u00f6zg\u00fcrl\u00fc\u011fe olan talebi&#8221; g\u00f6sterdi\u011fini vurgulad\u0131.<\/p>\n<p>\u0130nan\u0131r, yaz\u0131l\u0131 a\u00e7\u0131klamas\u0131nda, \u015fu ifadelere yer verdi :<\/p>\n<p>&#8220;E\u011fer \u00e7a\u011fda\u015f, uygar ve laik bir \u00fclke hayalini payla\u015f\u0131yorsak, bu talebi anlamak, ciddiye almak sayg\u0131 duymak gerekir. Demokratik hak talebiyle hareket eden kitlelere y\u00f6nelik al\u0131nacak tav\u0131r asla zor kullanmak olmamal\u0131d\u0131r. Kald\u0131 ki \u00f6zellikle \u00e7ok uzun y\u0131llara dayanan en temel sorunumuzun \u00e7\u00f6z\u00fcm s\u00fcrecine girmi\u015fken; &#8220;Bar\u0131\u015f&#8221; dan yana umudumuz filizlenmeye y\u00fcz tutmu\u015fken ya\u015fan\u0131lan s\u00fcre\u00e7, g\u00f6sterilen \u00e7aba ve emekleri geriletmektedir.<\/p>\n<p>Demokratik bir \u00fclke olman\u0131n ana kayna\u011f\u0131 ; farkl\u0131 inan\u00e7, d\u00fc\u015f\u00fcnce, ya\u015fam tarz\u0131na sahip insanlarla birlikte ya\u015fayabilmek bu k\u00fclt\u00fcre sahip olmakt\u0131r. Bar\u0131\u015f\u0131n ger\u00e7ek ve kal\u0131c\u0131 olmas\u0131 tam da bu bilin\u00e7le m\u00fcmk\u00fcn olabilir. T\u00fcm bu ger\u00e7eklerle, siyasal iktidar\u0131; halk\u0131n demokratik taleplerini olgunlukla kar\u015f\u0131lay\u0131p, sorununu bir an \u00f6nce diyalog zemininde \u00e7\u00f6z\u00fclmesi i\u00e7in harekete ge\u00e7meye \u00e7a\u011f\u0131r\u0131yorum.&#8221;<\/p>\n<!-- Error, Advert is not available at this time due to schedule\/geolocation restrictions! -->\n","protected":false},"excerpt":{"rendered":"<p>Gezi Park\u0131 olaylar\u0131yla ilgili a\u00e7\u0131klamalarda bulunan Akil \u0130nsanlar Heyeti \u00fcyesi Kadir \u0130nan\u0131r &#8216;Demokratik bir \u00fclke olman\u0131n ana kayna\u011f\u0131; farkl\u0131 inan\u00e7, d\u00fc\u015f\u00fcnce, ya\u015fam tarz\u0131na sahip insanlarla birlikte ya\u015fayabilmek bu k\u00fclt\u00fcre sahip olmakt\u0131r&#8217; dedi.<\/p>\n","protected":false},"author":4,"featured_media":178903,"comment_status":"open","ping_status":"open","sticky":false,"template":"","format":"standard","meta":{"_acf_changed":false,"footnotes":""},"categories":[6155,5005,6202,6805],"tags":[131420,126913,92829,131226,94175],"class_list":["post-137961","post","type-post","status-publish","format-standard","has-post-thumbnail","hentry","category-gundem","category-manset","category-politika","category-turkiye","tag-akil","tag-akil-insanlar","tag-gezi-parki","tag-gezi-parki-olaylari","tag-kadir-inanir"],"acf":[],"_links":{"self":[{"href":"https:\/\/www.nationalturk.com\/tr\/wp-json\/wp\/v2\/posts\/137961","targetHints":{"allow":["GET"]}}],"collection":[{"href":"https:\/\/www.nationalturk.com\/tr\/wp-json\/wp\/v2\/posts"}],"about":[{"href":"https:\/\/www.nationalturk.com\/tr\/wp-json\/wp\/v2\/types\/post"}],"author":[{"embeddable":true,"href":"https:\/\/www.nationalturk.com\/tr\/wp-json\/wp\/v2\/users\/4"}],"replies":[{"embeddable":true,"href":"https:\/\/www.nationalturk.com\/tr\/wp-json\/wp\/v2\/comments?post=137961"}],"version-history":[{"count":0,"href":"https:\/\/www.nationalturk.com\/tr\/wp-json\/wp\/v2\/posts\/137961\/revisions"}],"wp:featuredmedia":[{"embeddable":true,"href":"https:\/\/www.nationalturk.com\/tr\/wp-json\/wp\/v2\/media\/178903"}],"wp:attachment":[{"href":"https:\/\/www.nationalturk.com\/tr\/wp-json\/wp\/v2\/media?parent=137961"}],"wp:term":[{"taxonomy":"category","embeddable":true,"href":"https:\/\/www.nationalturk.com\/tr\/wp-json\/wp\/v2\/categories?post=137961"},{"taxonomy":"post_tag","embeddable":true,"href":"https:\/\/www.nationalturk.com\/tr\/wp-json\/wp\/v2\/tags?post=137961"}],"curies":[{"name":"wp","href":"https:\/\/api.w.org\/{rel}","templated":true}]}}