{"id":138061,"date":"2013-06-06T10:50:53","date_gmt":"2013-06-06T07:50:53","guid":{"rendered":"http:\/\/www.nationalturk.com\/?p=138061"},"modified":"2013-06-06T10:50:53","modified_gmt":"2013-06-06T07:50:53","slug":"gaz-maskesi-ala-benziyor-biber-gazi-bala-benziyor-bogazici-caz-korosu-gezideydi-video-138061","status":"publish","type":"post","link":"https:\/\/www.nationalturk.com\/tr\/gaz-maskesi-ala-benziyor-biber-gazi-bala-benziyor-bogazici-caz-korosu-gezideydi-video-138061\/","title":{"rendered":"&#8220;Gaz maskesi ala benziyor, biber gaz\u0131 bala benziyor&#8221; Bo\u011fazi\u00e7i Caz Korosu Gezi&#8217;deydi (Video)"},"content":{"rendered":"<h1><img loading=\"lazy\" decoding=\"async\" class=\"alignleft  wp-image-138062\" alt=\"\" src=\"http:\/\/www.nationalturk.com\/tr\/wp-content\/uploads\/2013\/06\/caz_korosu-e1370504739274.jpg\" width=\"358\" height=\"202\" title=\"\" srcset=\"https:\/\/www.nationalturk.com\/tr\/wp-content\/uploads\/2013\/06\/caz_korosu-e1370504739274.jpg 596w, https:\/\/www.nationalturk.com\/tr\/wp-content\/uploads\/2013\/06\/caz_korosu-e1370504739274-280x158.jpg 280w\" sizes=\"auto, (max-width: 358px) 100vw, 358px\" \/>Gezi Park\u0131 protestosu devam ederken d\u00fcn gecenin s\u00fcrprizi Bo\u011fazi\u00e7i Caz Korosu oldu. Parkta mini konser veren koro &#8216;Entarisi Ala Benziyor&#8217; t\u00fcrk\u00fcs\u00fcn\u00fc Gezi Park\u0131 i\u00e7in yeni s\u00f6zlerle yorumlad\u0131 ve direni\u015f\u00e7ilerden b\u00fcy\u00fck alk\u0131\u015f ald\u0131. (Video)<\/h1>\n<p>Bo\u011fazi\u00e7i Caz Korosu&#8217;nun Gezi Park\u0131 direni\u015fi i\u00e7in s\u00f6yledi\u011fi \u015fark\u0131 sosyal medyada en \u00e7ok payla\u015f\u0131lanlar aras\u0131na girdi. Esprili s\u00f6zleriyle dinleyenleri g\u00fcl\u00fcmseten \u015fark\u0131da Ba\u015fbakan Erdo\u011fan&#8217;\u0131n &#8220;\u00c7apulcu&#8221; s\u00f6zlerine s\u0131k s\u0131k g\u00f6nderme yap\u0131l\u0131yor.<\/p>\n<p><strong>\u0130\u015fte \u015fark\u0131n\u0131n s\u00f6zleri;<\/strong><\/p>\n<p>\u00c7apulcu musun vay vay eylemci misin vay vay<br \/>\nGaz maskesi ala benziyor biber gaz\u0131 bala benziyor<br \/>\nBenim TOMA&#8217;m bana s\u0131k\u0131yor<br \/>\nBulunur bir \u00e7are halk ayaktad\u0131r<br \/>\nTaksim yolunda barikattad\u0131r.<br \/>\n\u00c7apulcu musun vay vay eylemci misin vay vay<\/p>\n<p>Gaz maskesi bi\u00e7im bi\u00e7im<br \/>\nY\u00fcr\u00fcyorum Taksim i\u00e7in<br \/>\n\u00dc\u015fenme gel halk\u0131n i\u00e7in<br \/>\nBulunur bir \u00e7are halk ayaktad\u0131r<br \/>\nTaksim yolunda barikattad\u0131r.<br \/>\n\u00c7apulcu musun vay vay eylemci misin vay vay<\/p>\n<p>Gaz maskesi \u00e7e\u015fit \u00e7e\u015fit<br \/>\nGezi park\u0131 senle ya\u015f\u0131t<br \/>\nVur tencere \u00e7atal ka\u015f\u0131k<br \/>\nBulunur bir \u00e7are halk ayaktad\u0131r<br \/>\nTaksim yolunda barikattad\u0131r.<br \/>\n\u00c7apulcu musun vay vay eylemci misin vay vay<\/p>\n[media id=2108 width=610 height=340]\n<!-- Error, Advert is not available at this time due to schedule\/geolocation restrictions! -->\n","protected":false},"excerpt":{"rendered":"<p>Gezi Park\u0131 protestosu devam ederken d\u00fcn gecenin s\u00fcrprizi Bo\u011fazi\u00e7i Caz Korosu oldu. Parkta mini konser veren koro &#8216;Entarisi Ala Benziyor&#8217; t\u00fcrk\u00fcs\u00fcn\u00fc Gezi Park\u0131 i\u00e7in yeni s\u00f6zlerle yorumlad\u0131 ve direni\u015f\u00e7ilerden b\u00fcy\u00fck alk\u0131\u015f ald\u0131. (Video)<\/p>\n","protected":false},"author":4,"featured_media":178884,"comment_status":"open","ping_status":"open","sticky":false,"template":"","format":"standard","meta":{"_acf_changed":false,"footnotes":""},"categories":[6155,5005,36154,6202,6805,342],"tags":[131502,92829],"class_list":["post-138061","post","type-post","status-publish","format-standard","has-post-thumbnail","hentry","category-gundem","category-manset","category-muzik","category-politika","category-turkiye","category-video","tag-gaz-maskesi","tag-gezi-parki"],"acf":[],"_links":{"self":[{"href":"https:\/\/www.nationalturk.com\/tr\/wp-json\/wp\/v2\/posts\/138061","targetHints":{"allow":["GET"]}}],"collection":[{"href":"https:\/\/www.nationalturk.com\/tr\/wp-json\/wp\/v2\/posts"}],"about":[{"href":"https:\/\/www.nationalturk.com\/tr\/wp-json\/wp\/v2\/types\/post"}],"author":[{"embeddable":true,"href":"https:\/\/www.nationalturk.com\/tr\/wp-json\/wp\/v2\/users\/4"}],"replies":[{"embeddable":true,"href":"https:\/\/www.nationalturk.com\/tr\/wp-json\/wp\/v2\/comments?post=138061"}],"version-history":[{"count":0,"href":"https:\/\/www.nationalturk.com\/tr\/wp-json\/wp\/v2\/posts\/138061\/revisions"}],"wp:featuredmedia":[{"embeddable":true,"href":"https:\/\/www.nationalturk.com\/tr\/wp-json\/wp\/v2\/media\/178884"}],"wp:attachment":[{"href":"https:\/\/www.nationalturk.com\/tr\/wp-json\/wp\/v2\/media?parent=138061"}],"wp:term":[{"taxonomy":"category","embeddable":true,"href":"https:\/\/www.nationalturk.com\/tr\/wp-json\/wp\/v2\/categories?post=138061"},{"taxonomy":"post_tag","embeddable":true,"href":"https:\/\/www.nationalturk.com\/tr\/wp-json\/wp\/v2\/tags?post=138061"}],"curies":[{"name":"wp","href":"https:\/\/api.w.org\/{rel}","templated":true}]}}