{"id":138112,"date":"2013-06-06T18:39:37","date_gmt":"2013-06-06T15:39:37","guid":{"rendered":"http:\/\/www.nationalturk.com\/?p=138112"},"modified":"2013-06-06T18:39:37","modified_gmt":"2013-06-06T15:39:37","slug":"son-dakika-erdogana-tunusta-gezi-parki-protestosu-138112","status":"publish","type":"post","link":"https:\/\/www.nationalturk.com\/tr\/son-dakika-erdogana-tunusta-gezi-parki-protestosu-138112\/","title":{"rendered":"Son Dakika: Erdo\u011fan&#8217;a Tunus&#8217;ta Gezi Park\u0131 protestosu"},"content":{"rendered":"<h1><img loading=\"lazy\" decoding=\"async\" class=\"alignleft size-full wp-image-138113\" alt=\"Tunus Erdo\u011fan\" src=\"http:\/\/www.nationalturk.com\/tr\/wp-content\/uploads\/2013\/06\/tunus_erdogan_protesto.jpg\" width=\"320\" height=\"240\" title=\"\" srcset=\"https:\/\/www.nationalturk.com\/tr\/wp-content\/uploads\/2013\/06\/tunus_erdogan_protesto.jpg 320w, https:\/\/www.nationalturk.com\/tr\/wp-content\/uploads\/2013\/06\/tunus_erdogan_protesto-280x210.jpg 280w\" sizes=\"auto, (max-width: 320px) 100vw, 320px\" \/>Ba\u015fbakan Recep Tayyip Erdo\u011fan Tunus&#8217;ta da protesto edildi. Bir grup Tunuslu ve T\u00fcrk Erdo\u011fan&#8217;\u0131 Gezi Park\u0131 tutumu nedeniyle protesto etti. \/ Son Dakika&#8230;<\/h1>\n<p>Ba\u015fbakan Recep Tayyip Erdo\u011fan\u2019\u0131n Kuzey Afrika ziyaretinin \u00fc\u00e7\u00fcnc\u00fc dura\u011f\u0131 olan Tunus\u2019ta Gezi Park\u0131 protestosuyla kar\u015f\u0131la\u015ft\u0131.<\/p>\n<p>T\u00fcrkiye-Tunus \u0130\u015f Forumu\u2019nun d\u00fczenlenece\u011fi kongre merkezinin giri\u015finde toplanan bir grup Tunuslu gen\u00e7, Taksim Gezi Park\u0131\u2019ndaki eylemcilere destek verdi. T\u00fcrk\u00e7e, sloganlar atan grubun i\u00e7inde birka\u00e7 T\u00fcrk&#8217;\u00fcn de oldu\u011fu \u00f6\u011frenildi.<\/p>\n<p>Protestocular\u0131n elinde bir de \u00c7AR\u015eI yaz\u0131s\u0131 g\u00f6r\u00fcld\u00fc.<\/p>\n<!-- Error, Advert is not available at this time due to schedule\/geolocation restrictions! -->\n","protected":false},"excerpt":{"rendered":"<p>Ba\u015fbakan Recep Tayyip Erdo\u011fan Tunus&#8217;ta da protesto edildi. Bir grup Tunuslu ve T\u00fcrk Erdo\u011fan&#8217;\u0131 Gezi Park\u0131 tutumu nedeniyle protesto etti. \/ Son Dakika&#8230;<\/p>\n","protected":false},"author":4,"featured_media":138113,"comment_status":"open","ping_status":"open","sticky":false,"template":"","format":"standard","meta":{"_acf_changed":false,"footnotes":""},"categories":[6155,5005,6202,349,6805],"tags":[5189,80299,16044],"class_list":["post-138112","post","type-post","status-publish","format-standard","has-post-thumbnail","hentry","category-gundem","category-manset","category-politika","category-son-dakika","category-turkiye","tag-carsi","tag-erdogan-tunus","tag-tunus"],"acf":[],"_links":{"self":[{"href":"https:\/\/www.nationalturk.com\/tr\/wp-json\/wp\/v2\/posts\/138112","targetHints":{"allow":["GET"]}}],"collection":[{"href":"https:\/\/www.nationalturk.com\/tr\/wp-json\/wp\/v2\/posts"}],"about":[{"href":"https:\/\/www.nationalturk.com\/tr\/wp-json\/wp\/v2\/types\/post"}],"author":[{"embeddable":true,"href":"https:\/\/www.nationalturk.com\/tr\/wp-json\/wp\/v2\/users\/4"}],"replies":[{"embeddable":true,"href":"https:\/\/www.nationalturk.com\/tr\/wp-json\/wp\/v2\/comments?post=138112"}],"version-history":[{"count":0,"href":"https:\/\/www.nationalturk.com\/tr\/wp-json\/wp\/v2\/posts\/138112\/revisions"}],"wp:featuredmedia":[{"embeddable":true,"href":"https:\/\/www.nationalturk.com\/tr\/wp-json\/wp\/v2\/media\/138113"}],"wp:attachment":[{"href":"https:\/\/www.nationalturk.com\/tr\/wp-json\/wp\/v2\/media?parent=138112"}],"wp:term":[{"taxonomy":"category","embeddable":true,"href":"https:\/\/www.nationalturk.com\/tr\/wp-json\/wp\/v2\/categories?post=138112"},{"taxonomy":"post_tag","embeddable":true,"href":"https:\/\/www.nationalturk.com\/tr\/wp-json\/wp\/v2\/tags?post=138112"}],"curies":[{"name":"wp","href":"https:\/\/api.w.org\/{rel}","templated":true}]}}