{"id":138145,"date":"2013-06-07T11:49:34","date_gmt":"2013-06-07T08:49:34","guid":{"rendered":"http:\/\/www.nationalturk.com\/?p=138145"},"modified":"2013-06-07T11:49:34","modified_gmt":"2013-06-07T08:49:34","slug":"ergenc-ve-esine-cirkin-saldiri-138145","status":"publish","type":"post","link":"https:\/\/www.nationalturk.com\/tr\/ergenc-ve-esine-cirkin-saldiri-138145\/","title":{"rendered":"Ergen\u00e7 ve e\u015fine \u00e7irkin sald\u0131r\u0131"},"content":{"rendered":"<h1><a href=\"http:\/\/www.nationalturk.com\/tr\/wp-content\/uploads\/2013\/06\/halit-ergenc-cirkin-saldiri.jpg\"><img loading=\"lazy\" decoding=\"async\" class=\"alignleft size-medium wp-image-138147\" alt=\"Ergen\u00e7 ve e\u015fine \u00e7irkin sald\u0131r\u0131\" src=\"http:\/\/www.nationalturk.com\/tr\/wp-content\/uploads\/2013\/06\/halit-ergenc-cirkin-saldiri-280x137.jpg\" width=\"280\" height=\"137\" title=\"\" srcset=\"https:\/\/www.nationalturk.com\/tr\/wp-content\/uploads\/2013\/06\/halit-ergenc-cirkin-saldiri-280x137.jpg 280w, https:\/\/www.nationalturk.com\/tr\/wp-content\/uploads\/2013\/06\/halit-ergenc-cirkin-saldiri.jpg 325w\" sizes=\"auto, (max-width: 280px) 100vw, 280px\" \/><\/a>Ba\u015fbakan&#8217;\u0131 havaliman\u0131nda kar\u015f\u0131lamaya giden AKP&#8217;lilerden Halit Ergen\u00e7 ve e\u015fine \u00e7irkin sald\u0131r\u0131.<\/h1>\n<p>4 g\u00fcnl\u00fck seyehatinin ard\u0131ndan T\u00fcrkiye\u2019ye d\u00f6nen Ba\u015fbakan Recep Tayyip Erdo\u011fan&#8217;\u0131 kar\u015f\u0131layan grubun Halit Ergen\u00e7 ve e\u015fi hakk\u0131nda a\u00e7t\u0131\u011f\u0131 pankart b\u00fcy\u00fck tepki toplad\u0131.<\/p>\n<p>Ba\u015fbakan\u0131 d\u00f6n\u00fc\u015f yolunda SMS\u2019lerle organize edilen binlerce AKP\u2019li kar\u015f\u0131lad\u0131.<\/p>\n<p>AKP\u2019liler Erdo\u011fan i\u00e7in \u201cYol ver gidelim, Taksim\u2019i ezelim\u201d, \u201cAz\u0131nl\u0131k \u015fa\u015f\u0131rma sabr\u0131m\u0131z\u0131 ta\u015f\u0131rma\u201d, \u201cTayyip\u2019in askerleriyiz\u201d sloganlar\u0131n\u0131 att\u0131.<\/p>\n<p>Ba\u015fbakan&#8217;\u0131 kar\u015f\u0131lamaya giden AKP&#8217;li grup, Muhte\u015fem Y\u00fczy\u0131l dizisinin ba\u015frol oyuncusu ve Gezi Park\u0131 direni\u015flerine ilk g\u00fcn\u00fcnden beri destek veren Halit Ergen\u00e7 ve e\u015fi Berguzel Korel i\u00e7in \u00e7ok \u00e7irkin bir pankart a\u00e7t\u0131lar.<\/p>\n<p>\u0130\u015fte o pankart:<\/p>\n<p><a href=\"http:\/\/www.nationalturk.com\/tr\/wp-content\/uploads\/2013\/06\/halit-ergec.jpg\"><img loading=\"lazy\" decoding=\"async\" class=\"alignleft size-full wp-image-138149\" alt=\"\" src=\"http:\/\/www.nationalturk.com\/tr\/wp-content\/uploads\/2013\/06\/halit-ergec.jpg\" width=\"382\" height=\"293\" title=\"\" srcset=\"https:\/\/www.nationalturk.com\/tr\/wp-content\/uploads\/2013\/06\/halit-ergec.jpg 382w, https:\/\/www.nationalturk.com\/tr\/wp-content\/uploads\/2013\/06\/halit-ergec-280x214.jpg 280w\" sizes=\"auto, (max-width: 382px) 100vw, 382px\" \/><\/a><\/p>\n<div class=\"a-single a-372\"><iframe style=\"width:610px; height:125px;\" name=\"610x90\" marginWidth=\"0\" frameSpacing=\"0\" marginHeight=\"0\" frameBorder=\"0\" scrolling=\"no\" target=\"_self\" src=\"http:\/\/www.ajansreklam.net\/reklam\/havana-1-mayis-610x90.php\"><\/iframe><\/div>\n","protected":false},"excerpt":{"rendered":"<p>Ba\u015fbakan&#8217;\u0131 havaliman\u0131nda kar\u015f\u0131lamaya giden AKP&#8217;lilerden Halit Ergen\u00e7 ve e\u015fine \u00e7irkin sald\u0131r\u0131.<\/p>\n","protected":false},"author":3,"featured_media":178868,"comment_status":"open","ping_status":"open","sticky":false,"template":"","format":"standard","meta":{"_acf_changed":false,"footnotes":""},"categories":[6155,6232,5005,6662],"tags":[8952,92829,834,787],"class_list":["post-138145","post","type-post","status-publish","format-standard","has-post-thumbnail","hentry","category-gundem","category-magazin","category-manset","category-yasam","tag-basbakan","tag-gezi-parki","tag-halit-ergenc","tag-recep-tayyip-erdogan"],"acf":[],"_links":{"self":[{"href":"https:\/\/www.nationalturk.com\/tr\/wp-json\/wp\/v2\/posts\/138145","targetHints":{"allow":["GET"]}}],"collection":[{"href":"https:\/\/www.nationalturk.com\/tr\/wp-json\/wp\/v2\/posts"}],"about":[{"href":"https:\/\/www.nationalturk.com\/tr\/wp-json\/wp\/v2\/types\/post"}],"author":[{"embeddable":true,"href":"https:\/\/www.nationalturk.com\/tr\/wp-json\/wp\/v2\/users\/3"}],"replies":[{"embeddable":true,"href":"https:\/\/www.nationalturk.com\/tr\/wp-json\/wp\/v2\/comments?post=138145"}],"version-history":[{"count":0,"href":"https:\/\/www.nationalturk.com\/tr\/wp-json\/wp\/v2\/posts\/138145\/revisions"}],"wp:featuredmedia":[{"embeddable":true,"href":"https:\/\/www.nationalturk.com\/tr\/wp-json\/wp\/v2\/media\/178868"}],"wp:attachment":[{"href":"https:\/\/www.nationalturk.com\/tr\/wp-json\/wp\/v2\/media?parent=138145"}],"wp:term":[{"taxonomy":"category","embeddable":true,"href":"https:\/\/www.nationalturk.com\/tr\/wp-json\/wp\/v2\/categories?post=138145"},{"taxonomy":"post_tag","embeddable":true,"href":"https:\/\/www.nationalturk.com\/tr\/wp-json\/wp\/v2\/tags?post=138145"}],"curies":[{"name":"wp","href":"https:\/\/api.w.org\/{rel}","templated":true}]}}