{"id":138177,"date":"2013-06-07T15:20:45","date_gmt":"2013-06-07T12:20:45","guid":{"rendered":"http:\/\/www.nationalturk.com\/?p=138177"},"modified":"2013-06-07T15:20:45","modified_gmt":"2013-06-07T12:20:45","slug":"oktay-vural-basbakan-sanki-surgunden-donuyor-138177","status":"publish","type":"post","link":"https:\/\/www.nationalturk.com\/tr\/oktay-vural-basbakan-sanki-surgunden-donuyor-138177\/","title":{"rendered":"Oktay Vural: Ba\u015fbakan sanki s\u00fcrg\u00fcnden d\u00f6n\u00fcyor!"},"content":{"rendered":"<h1><img loading=\"lazy\" decoding=\"async\" class=\"alignnone size-large wp-image-138178\" alt=\"Oktay Vural\" src=\"http:\/\/www.nationalturk.com\/tr\/wp-content\/uploads\/2013\/06\/oktay_vural_meclis-610x380.jpg\" width=\"610\" height=\"380\" title=\"\" srcset=\"https:\/\/www.nationalturk.com\/tr\/wp-content\/uploads\/2013\/06\/oktay_vural_meclis-610x380.jpg 610w, https:\/\/www.nationalturk.com\/tr\/wp-content\/uploads\/2013\/06\/oktay_vural_meclis-280x174.jpg 280w, https:\/\/www.nationalturk.com\/tr\/wp-content\/uploads\/2013\/06\/oktay_vural_meclis.jpg 712w\" sizes=\"auto, (max-width: 610px) 100vw, 610px\" \/><\/h1>\n<h1>MHP Grup Ba\u015fkanvekili Oktay Vural, Ba\u015fbakan Recep Tayyip Erdo\u011fan&#8217;\u0131n d\u00fcn \u0130stanbul&#8217;da kar\u015f\u0131lanmas\u0131yla ilgili olarak, &#8216;Sanki s\u00fcrg\u00fcndeki bir siyaset\u00e7i yurda d\u00f6n\u00fcyor&#8217; dedi.<\/h1>\n<p>Vural, Meclis&#8217;te d\u00fczenledi\u011fi bas\u0131n toplant\u0131s\u0131nda, Ba\u015fbakan Erdo\u011fan&#8217;\u0131n d\u00fcn Afrika gezisinden d\u00f6n\u00fc\u015fte \u0130stanbul Atat\u00fcrk Havaliman\u0131&#8217;nda yapt\u0131\u011f\u0131 konu\u015fmaya ele\u015ftirilerde bulundu.<\/p>\n<p>Havaliman\u0131n\u0131n miting alan\u0131na d\u00f6n\u00fc\u015ft\u00fcr\u00fcld\u00fc\u011f\u00fcn\u00fc savunan Vural, &#8220;Sanki s\u00fcrg\u00fcndeki bir siyaset\u00e7i yurda d\u00f6n\u00fcyor. G\u00f6steri aray\u0131\u015f\u0131, bu organizasyon aray\u0131\u015f\u0131, karanl\u0131kta \u0131sl\u0131k \u00e7alan bir siyaset\u00e7inin konumuna benziyor&#8221; diye konu\u015ftu. Ba\u015fbakan Erdo\u011fan&#8217;\u0131n T\u00fcrkiye&#8217;yi anlamad\u0131\u011f\u0131n\u0131 ve kavramad\u0131\u011f\u0131n\u0131 ifade eden Vural, &#8220;Ba\u015fbakan kutupla\u015fma, \u00e7at\u0131\u015fma, tehdit siyasetiyle kendi se\u00e7menini kontrol etmek ve toplumsal muhalefeti marjinalle\u015ftirmek, kendi yapt\u0131klar\u0131n\u0131n \u00fcst\u00fcn\u00fc \u00f6rtmek istiyor&#8221; \u015feklinde konu\u015ftu.<\/p>\n<p>MHP&#8217;nin, ki\u015fisel hak ve \u00f6zg\u00fcrl\u00fcklere, milli varl\u0131\u011fa y\u00f6nelik giri\u015fimler kar\u015f\u0131s\u0131nda demokratik tepkisini dile getirdi\u011fini anlatarak, \u015fiddeti, sokakta hak aramay\u0131, vatanda\u015fa orant\u0131s\u0131z g\u00fc\u00e7 kullan\u0131lmas\u0131n\u0131 ve s\u00f6m\u00fcrgeci tavr\u0131 da reddettiklerini s\u00f6yledi. Oktay Vural, &#8220;Erdo\u011fan, sadece kendisini hakl\u0131 g\u00f6rmekte ve hakl\u0131 g\u00f6stermek istemektedir. Millete hesap vermesi gereken kimse, milleti su\u00e7layan tav\u0131r i\u00e7inde&#8221; dedi.<\/p>\n<p>Ba\u015fbakan Erdo\u011fan&#8217;\u0131n Afrika&#8217;ya gitmeden \u00f6nce borsan\u0131n inip \u00e7\u0131kabilece\u011fini belirtti\u011fini, d\u00fcnk\u00fc konu\u015fmas\u0131nda ise faiz lobisinin kendilerini tehdit etti\u011fini s\u00f6yledi\u011fini an\u0131msatan Vural, \u015f\u00f6yle konu\u015ftu:<\/p>\n<p>&#8220;Yabanc\u0131la\u015fman\u0131n mimar\u0131 olan ki\u015fi bu kez kalkm\u0131\u015f, &#8216;milletin al\u0131nterini yedirtmeyece\u011fiz&#8217; diyor. Bug\u00fcne kadar kimlere ne yedirttin? Yoksa faiz lobisiyle birlikte mi \u00e7al\u0131\u015f\u0131yorsun? Sen konu\u015fuyorsun borsa d\u00fc\u015f\u00fcyor. Kimler mal\u0131 g\u00f6t\u00fcr\u00fcyor? Ba\u015fbakan sanal sorumluluklar icat ediyor. Bu tip sosyolojik geli\u015fmelerin ekonomik neticeleri olabilir. Kendinden \u00f6nce faiz lobileri, spek\u00fclat\u00f6rler bu \u00fclkenin kaynaklar\u0131 \u00fczerinde oyun oynarken kimi su\u00e7luyordun? Bankalar\u0131, faiz lobicilerini su\u00e7lamad\u0131n, h\u00fck\u00fcmeti su\u00e7luyordun. Sen, bizatihi o zaman, spek\u00fclatif ataklarla ekonomiyi yerle bir etmek isteyen zihniyetlerle birlikte hareket ettin. O zaman Recep Tayyip Erdo\u011fan faiz lobicilerinin adam\u0131yd\u0131. H\u00fck\u00fcmet spek\u00fclatif atakla m\u00fccadele ederken, sen faiz spek\u00fclat\u00f6rlerinin yan\u0131nda yer ald\u0131n. \u00c7\u00fcnk\u00fc seni bu noktalara ta\u015f\u0131yan T\u00fcrkiye&#8217;nin kayna\u011f\u0131n\u0131 s\u00f6m\u00fcren lobilerdir. Milletin al\u0131nterini 10,5 y\u0131ld\u0131r yabanc\u0131lara pe\u015fke\u015f \u00e7ektin, \u015fimdi al\u0131nterinden bahsediyorsun.&#8221;<\/p>\n<p>&#8220;Sanal d\u00fc\u015fmanlar olu\u015fturacak&#8221;<\/p>\n<p>Erdo\u011fan&#8217;\u0131n yeni ma\u011fduriyet alan\u0131 olu\u015fturmak istedi\u011fini savunan Vural, &#8220;PKK ile girdi\u011fi pazarl\u0131\u011f\u0131n, diktac\u0131 y\u00f6netim anlay\u0131\u015f\u0131n\u0131n, Reyhanl\u0131&#8217;n\u0131n \u00fcst\u00fcn\u00fc kapatacak. Kendinden uzakla\u015fan oylar\u0131 yeniden toplamak i\u00e7in sanal d\u00fc\u015fmanlar olu\u015fturacak. Bu oyuna millet d\u00fc\u015fmez&#8221; dedi.<\/p>\n<p>Vural, Ba\u015fbakan Erdo\u011fan&#8217;\u0131n olaylar\u0131 kullanarak kendini aklatt\u0131ramayaca\u011f\u0131n\u0131 iddia ederek, &#8220;E\u011fer bunu yap\u0131yorsan, bu olaylar planl\u0131 bir \u015fekilde derin AKP&#8217;nin kurgulad\u0131\u011f\u0131 olaylar silsilesi midir, bunu sorgulamaya devam edece\u011fiz&#8221; diye konu\u015ftu.<\/p>\n<p>Tepkilerin demokratik \u015fekilde meydanlarda ve sand\u0131klarda ortaya konulaca\u011f\u0131n\u0131 ifade eden Vural, &#8220;Alternatifi ortaya koyaca\u011f\u0131z. Bu alternatifi \u015fiddetle, marjinalle\u015ftirmeyle toplumun d\u0131\u015f\u0131na kimse itemeyecektir. Bu iradeden kurtulmak istiyorsak, elbirli\u011fiyle, demokrasi ve hukuk devleti i\u00e7inde toplumsal muhalefeti marjinalle\u015ftirmeden \u00e7\u00f6z\u00fcm\u00fc bulmam\u0131z gerekiyor&#8221; \u015feklinde g\u00f6r\u00fc\u015f belirtti.<\/p>\n<p>Ba\u015fbakan Erdo\u011fan&#8217;\u0131n evinde bilgisayar olan gen\u00e7lik istedi\u011fini anlatan Vural, &#8220;Onlar\u0131 da i\u00e7eri t\u0131k\u0131yorlar zaten&#8221; ifadesini kulland\u0131.<\/p>\n<p>Gazeteci Nagehan Al\u00e7\u0131&#8217;n\u0131n, a\u015f\u0131r\u0131 g\u00fc\u00e7 kullanan polislerin MHP&#8217;li olabilece\u011fine ili\u015fkin s\u00f6zlerini de ele\u015ftiren Vural, &#8220;Ne utanmazl\u0131k, ne haddini bilmezliktir. Uygulamalar\u0131 ele\u015ftiremeyenlerin, bunlar\u0131 aklamak i\u00e7in millete bilgi verme hakk\u0131 yoktur&#8221; dedi.<\/p>\n<p>Gazetecilerin sorular\u0131n\u0131 da yan\u0131tlayan Vural, MHP&#8217;nin Bursa mitinginde at\u0131lan bir slogan nedeniyle soru\u015fturma ba\u015flat\u0131ld\u0131\u011f\u0131 an\u0131msat\u0131larak, d\u00fcn de Ba\u015fbakan Erdo\u011fan&#8217;\u0131n konu\u015fmas\u0131 s\u0131ras\u0131nda at\u0131lan sloganlarla ilgili d\u00fc\u015f\u00fcncesinin sorulmas\u0131 \u00fczerine, &#8220;Cumhuriyet savc\u0131lar\u0131n\u0131 bekliyoruz. Bakal\u0131m hukuk devleti var m\u0131?&#8221; \u015feklinde konu\u015ftu.<\/p>\n<p>Eylemlerle ilgili Twitter&#8217;\u0131 kullananlar\u0131n g\u00f6zalt\u0131na al\u0131nd\u0131\u011f\u0131n\u0131 anlatan Vural, &#8220;An\u0131tkabir&#8217;i y\u0131kaca\u011f\u0131z in\u015fallah&#8221; diye tweet atan ki\u015fi hakk\u0131nda soru\u015fturma a\u00e7\u0131l\u0131p a\u00e7\u0131lmad\u0131\u011f\u0131n\u0131\u00a0sordu.<\/p>\n<p>Vural, AK Parti Gaziantep Milletvekili \u015eamil Tayyar&#8217;\u0131n da &#8220;Erdo\u011fan diktat\u00f6r olsayd\u0131, Taksim Dersim olurdu&#8221; \u015feklindeki payla\u015f\u0131m\u0131na ili\u015fkin g\u00f6r\u00fc\u015f\u00fcn\u00fcn sorulmas\u0131 \u00fczerine, &#8220;Bir y\u00f6neticinin, insanlar\u0131 topla, t\u00fcfekle \u00f6ld\u00fcrmesiyle diktat\u00f6r olunaca\u011f\u0131n\u0131 d\u00fc\u015f\u00fcn\u00fcyorsa, sivil diktat\u00f6r\u00fcn ne anlama geldi\u011fini bilmiyor demektir. \u0130nsanlar\u0131n \u00f6zg\u00fcrl\u00fcklerini yok etmek, \u00f6tekile\u015ftirmek, ayr\u0131\u015ft\u0131rmak, g\u00fcc\u00fcn bask\u0131s\u0131yla y\u0131ld\u0131rmak, sindirmek onlar i\u00e7in diktat\u00f6rl\u00fck de\u011filse vahim noktaday\u0131z. \u00d6ld\u00fcr\u00fclmedi\u011fimiz s\u00fcrece diktat\u00f6r yok demek. O zaman \u015f\u00fckredelim. Biz muhalefetiz ama bizi \u00f6ld\u00fcrm\u00fcyorsun, ne kadar demokrats\u0131n&#8221; diye konu\u015ftu.<\/p>\n<!-- Error, Advert is not available at this time due to schedule\/geolocation restrictions! -->\n","protected":false},"excerpt":{"rendered":"<p>MHP Grup Ba\u015fkanvekili Oktay Vural, Ba\u015fbakan Recep Tayyip Erdo\u011fan&#8217;\u0131n d\u00fcn \u0130stanbul&#8217;da kar\u015f\u0131lanmas\u0131yla ilgili olarak, &#8216;Sanki s\u00fcrg\u00fcndeki bir siyaset\u00e7i yurda d\u00f6n\u00fcyor&#8217; dedi.<\/p>\n","protected":false},"author":4,"featured_media":178863,"comment_status":"open","ping_status":"open","sticky":false,"template":"","format":"standard","meta":{"_acf_changed":false,"footnotes":""},"categories":[6155,5005,6202,6805],"tags":[3888,10829,57855,7244,787],"class_list":["post-138177","post","type-post","status-publish","format-standard","has-post-thumbnail","hentry","category-gundem","category-manset","category-politika","category-turkiye","tag-basbakan-erdogan","tag-mhp","tag-nagehan-alci","tag-oktay-vural","tag-recep-tayyip-erdogan"],"acf":[],"_links":{"self":[{"href":"https:\/\/www.nationalturk.com\/tr\/wp-json\/wp\/v2\/posts\/138177","targetHints":{"allow":["GET"]}}],"collection":[{"href":"https:\/\/www.nationalturk.com\/tr\/wp-json\/wp\/v2\/posts"}],"about":[{"href":"https:\/\/www.nationalturk.com\/tr\/wp-json\/wp\/v2\/types\/post"}],"author":[{"embeddable":true,"href":"https:\/\/www.nationalturk.com\/tr\/wp-json\/wp\/v2\/users\/4"}],"replies":[{"embeddable":true,"href":"https:\/\/www.nationalturk.com\/tr\/wp-json\/wp\/v2\/comments?post=138177"}],"version-history":[{"count":0,"href":"https:\/\/www.nationalturk.com\/tr\/wp-json\/wp\/v2\/posts\/138177\/revisions"}],"wp:featuredmedia":[{"embeddable":true,"href":"https:\/\/www.nationalturk.com\/tr\/wp-json\/wp\/v2\/media\/178863"}],"wp:attachment":[{"href":"https:\/\/www.nationalturk.com\/tr\/wp-json\/wp\/v2\/media?parent=138177"}],"wp:term":[{"taxonomy":"category","embeddable":true,"href":"https:\/\/www.nationalturk.com\/tr\/wp-json\/wp\/v2\/categories?post=138177"},{"taxonomy":"post_tag","embeddable":true,"href":"https:\/\/www.nationalturk.com\/tr\/wp-json\/wp\/v2\/tags?post=138177"}],"curies":[{"name":"wp","href":"https:\/\/api.w.org\/{rel}","templated":true}]}}