{"id":138180,"date":"2013-06-07T15:26:01","date_gmt":"2013-06-07T12:26:01","guid":{"rendered":"http:\/\/www.nationalturk.com\/?p=138180"},"modified":"2013-06-07T15:26:01","modified_gmt":"2013-06-07T12:26:01","slug":"bdpli-kaplan-dunyada-boyle-muhalefet-gorulmedi-mhp-sinifta-kaldi-138180","status":"publish","type":"post","link":"https:\/\/www.nationalturk.com\/tr\/bdpli-kaplan-dunyada-boyle-muhalefet-gorulmedi-mhp-sinifta-kaldi-138180\/","title":{"rendered":"BDP&#8217;li Kaplan: D\u00fcnyada b\u00f6yle muhalefet g\u00f6r\u00fclmedi, MHP s\u0131n\u0131fta kald\u0131"},"content":{"rendered":"<h1><img loading=\"lazy\" decoding=\"async\" class=\"alignnone size-large wp-image-138181\" alt=\"Hasip Kaplan\" src=\"http:\/\/www.nationalturk.com\/tr\/wp-content\/uploads\/2013\/06\/hasip_kaplan_tbmm_basintoplantisi-610x306.jpg\" width=\"610\" height=\"306\" title=\"\" srcset=\"https:\/\/www.nationalturk.com\/tr\/wp-content\/uploads\/2013\/06\/hasip_kaplan_tbmm_basintoplantisi-610x306.jpg 610w, https:\/\/www.nationalturk.com\/tr\/wp-content\/uploads\/2013\/06\/hasip_kaplan_tbmm_basintoplantisi-280x140.jpg 280w, https:\/\/www.nationalturk.com\/tr\/wp-content\/uploads\/2013\/06\/hasip_kaplan_tbmm_basintoplantisi.jpg 712w\" sizes=\"auto, (max-width: 610px) 100vw, 610px\" \/><\/h1>\n<h1>BDP \u015e\u0131rnak Milletvekili Hasip Kaplan, Taksim Gezi Park\u0131 olaylar\u0131nda MHP&#8217;yi ele\u015ftirerek, &#8216;MHP, burada s\u0131n\u0131fta \u00e7akm\u0131\u015ft\u0131r. Neredesin karde\u015fim, Erdo\u011fan&#8217;\u0131n yan\u0131nda m\u0131s\u0131n, kar\u015f\u0131s\u0131nda m\u0131s\u0131n? B\u00f6yle muhalefet d\u00fcnyada g\u00f6r\u00fclmedi&#8217; dedi.<\/h1>\n<p>Kaplan, TBMM&#8217;de d\u00fczenledi\u011fi bas\u0131n toplant\u0131s\u0131nda, Gezi Park\u0131 olaylar\u0131n\u0131 de\u011ferlendirdi.<\/p>\n<p>Ba\u015fbakan Recep Tayyip Erdo\u011fan&#8217;\u0131n yurt d\u0131\u015f\u0131 d\u00f6n\u00fc\u015f\u00fcnde, havaliman\u0131nda korsan miting yapt\u0131\u011f\u0131n\u0131, izin almad\u0131\u011f\u0131n\u0131 savunan Kaplan, bir muhalefet liderinin bunu yapmas\u0131 halinde polisin barikat kuraca\u011f\u0131n\u0131 belirtti.<\/p>\n<p>Kaplan, &#8220;Erdo\u011fan, eylemlere \u00e7\u00f6z\u00fcm bulmas\u0131 ve uzla\u015fma mesajlar\u0131 vermesi gerekirken, s\u00f6ylemi ve at\u0131lan sloganlar, i\u00e7 \u00e7at\u0131\u015fmay\u0131 k\u00f6r\u00fckleyici ve y\u00fczde 50&#8217;yi, y\u00fczde 50 ile kar\u015f\u0131 kar\u015f\u0131ya getirici, inat\u00e7\u0131, tehlikeli bir yakla\u015f\u0131md\u0131r&#8221; ifadesini kulland\u0131.<\/p>\n<p>Y\u00fczbinleri, \u00e7apulcu, azg\u0131n, vandal, alkolik, ter\u00f6rist olarak tan\u0131mlaman\u0131n, toplumsal uzla\u015fman\u0131n dili olmad\u0131\u011f\u0131n\u0131 anlatan Kaplan, &#8220;Bencil, narsist, azarlay\u0131c\u0131 uslup, toplumu yaral\u0131yor, terk edilmelidir. Faiz lobisinin, Gezi Park\u0131 eylemi ile ba\u011flant\u0131land\u0131r\u0131lmas\u0131 tabiri caizse kel alaka bir olayd\u0131r. H\u00fck\u00fcmetin, istikrars\u0131z ve devlet \u015fiddetinde s\u0131n\u0131r tan\u0131mayan tavr\u0131, s\u0131cak para ka\u00e7\u0131\u015f\u0131na yol a\u00e7m\u0131\u015ft\u0131r. Borsay\u0131 \u00e7akt\u0131ran da z\u0131platan da Ba\u015fbakan&#8217;d\u0131r, H\u00fck\u00fcmet&#8217;in y\u00f6netememe anlay\u0131\u015f\u0131d\u0131r. H\u00fck\u00fcmet, illegal twitter \u00f6rg\u00fct\u00fc arama al\u0131\u015fkanl\u0131\u011f\u0131ndan vazge\u00e7melidir. H\u00fck\u00fcmet, halk\u0131n sigortas\u0131n\u0131 att\u0131rd\u0131&#8221; g\u00f6r\u00fc\u015f\u00fcn\u00fc savundu.<\/p>\n<p>Kaplan, MHP&#8217;nin, eylemlerin i\u00e7inde PKK&#8217;l\u0131lar\u0131n da bulundu\u011funa y\u00f6nelik a\u00e7\u0131klamas\u0131n\u0131n an\u0131msat\u0131lmas\u0131na, &#8220;Gezi Park\u0131&#8217;nda so\u011fukkanl\u0131 hassasiyetimiz olmasayd\u0131, birileri &#8216;bunu PKK&#8217;l\u0131lar yapt\u0131&#8217; diyecekti. O meydanda pekala PKK&#8217;l\u0131 da olabilir, BDP&#8217;li, CHP&#8217;li, sosyalist partiler, sivil toplum, ayd\u0131nlar, halk da olabilir. Orada herkes vard\u0131r. Hi\u00e7birinin, halk\u0131n hakl\u0131 talebinin yan\u0131nda olmaktan ba\u015fka d\u00fc\u015f\u00fcncesi olmam\u0131\u015ft\u0131r. MHP,burada s\u0131n\u0131fta \u00e7akm\u0131\u015ft\u0131r. Neredesin karde\u015fim, Erdo\u011fan&#8217;\u0131n yan\u0131nda m\u0131s\u0131n, kar\u015f\u0131s\u0131nda m\u0131s\u0131n? B\u00f6yle muhalefet d\u00fcnyada g\u00f6r\u00fclmedi. &#8216;Benim milletvekiilim giderse ihra\u00e7 ederim&#8217; ne demek. Sendeki demokrasi anlay\u0131\u015f\u0131 bu. Muhalefetin d\u0131\u015f\u0131nda yer al\u0131p, iktidar\u0131n yan\u0131nda yer al\u0131rsan, bu muhalefete de ancak g\u00fclerler. Nesin o zaman, fikri, tavr\u0131 yok, gidene de yasak, ceza&#8221; kar\u015f\u0131l\u0131\u011f\u0131n\u0131 verdi.<\/p>\n<p>&#8220;PKK da bu i\u015fin i\u00e7inde mi?&#8221; sorusunu Kaplan, &#8220;PKK olarak bu i\u015fin i\u00e7inde bir tek ki\u015fi yoktur. Y\u00fczbinler i\u00e7inde herkes olmas\u0131 demek, ki\u015filerin, \u00f6rg\u00fct olarak kat\u0131ld\u0131\u011f\u0131 anlam\u0131na gelmiyor. BDP olarak yer ald\u0131k. Kim nas\u0131l anl\u0131yorsa, \u00f6yle anlas\u0131n, kimseye bu saatten sonra tarif verecek halimiz yok&#8221; diye yan\u0131tlad\u0131.<\/p>\n<!-- Error, Advert is not available at this time due to schedule\/geolocation restrictions! -->\n","protected":false},"excerpt":{"rendered":"<p>BDP \u015e\u0131rnak Milletvekili Hasip Kaplan, Taksim Gezi Park\u0131 olaylar\u0131nda MHP&#8217;yi ele\u015ftirerek, &#8216;MHP, burada s\u0131n\u0131fta \u00e7akm\u0131\u015ft\u0131r. Neredesin karde\u015fim, Erdo\u011fan&#8217;\u0131n yan\u0131nda m\u0131s\u0131n, kar\u015f\u0131s\u0131nda m\u0131s\u0131n? B\u00f6yle muhalefet d\u00fcnyada g\u00f6r\u00fclmedi&#8217; dedi.<\/p>\n","protected":false},"author":4,"featured_media":178862,"comment_status":"open","ping_status":"open","sticky":false,"template":"","format":"standard","meta":{"_acf_changed":false,"footnotes":""},"categories":[6155,6202,6805],"tags":[11498,92829,131226,9884],"class_list":["post-138180","post","type-post","status-publish","format-standard","has-post-thumbnail","hentry","category-gundem","category-politika","category-turkiye","tag-bdp","tag-gezi-parki","tag-gezi-parki-olaylari","tag-hasip-kaplan"],"acf":[],"_links":{"self":[{"href":"https:\/\/www.nationalturk.com\/tr\/wp-json\/wp\/v2\/posts\/138180","targetHints":{"allow":["GET"]}}],"collection":[{"href":"https:\/\/www.nationalturk.com\/tr\/wp-json\/wp\/v2\/posts"}],"about":[{"href":"https:\/\/www.nationalturk.com\/tr\/wp-json\/wp\/v2\/types\/post"}],"author":[{"embeddable":true,"href":"https:\/\/www.nationalturk.com\/tr\/wp-json\/wp\/v2\/users\/4"}],"replies":[{"embeddable":true,"href":"https:\/\/www.nationalturk.com\/tr\/wp-json\/wp\/v2\/comments?post=138180"}],"version-history":[{"count":0,"href":"https:\/\/www.nationalturk.com\/tr\/wp-json\/wp\/v2\/posts\/138180\/revisions"}],"wp:featuredmedia":[{"embeddable":true,"href":"https:\/\/www.nationalturk.com\/tr\/wp-json\/wp\/v2\/media\/178862"}],"wp:attachment":[{"href":"https:\/\/www.nationalturk.com\/tr\/wp-json\/wp\/v2\/media?parent=138180"}],"wp:term":[{"taxonomy":"category","embeddable":true,"href":"https:\/\/www.nationalturk.com\/tr\/wp-json\/wp\/v2\/categories?post=138180"},{"taxonomy":"post_tag","embeddable":true,"href":"https:\/\/www.nationalturk.com\/tr\/wp-json\/wp\/v2\/tags?post=138180"}],"curies":[{"name":"wp","href":"https:\/\/api.w.org\/{rel}","templated":true}]}}