{"id":138226,"date":"2013-06-08T12:02:05","date_gmt":"2013-06-08T09:02:05","guid":{"rendered":"http:\/\/www.nationalturk.com\/?p=138226"},"modified":"2013-06-08T12:02:05","modified_gmt":"2013-06-08T09:02:05","slug":"yunanistan-disisleri-bakan-yardimcisi-arap-bahari-138226","status":"publish","type":"post","link":"https:\/\/www.nationalturk.com\/tr\/yunanistan-disisleri-bakan-yardimcisi-arap-bahari-138226\/","title":{"rendered":"Yunanistan D\u0131\u015fi\u015fleri Bakan Yard\u0131mc\u0131s\u0131: Arap Bahar\u0131&#8217;yla mukayese edilemez"},"content":{"rendered":"<h1><a href=\"http:\/\/www.nationalturk.com\/tr\/wp-content\/uploads\/2013\/06\/yunanistan-taksim-olaylari.jpg\"><img loading=\"lazy\" decoding=\"async\" class=\"alignleft size-medium wp-image-138227\" alt=\"Yunanistan D\u0131\u015fi\u015fleri Bakan Yard\u0131mc\u0131s\u0131: Arap Bahar\u0131&#039;yla mukayese edilemez\" src=\"http:\/\/www.nationalturk.com\/tr\/wp-content\/uploads\/2013\/06\/yunanistan-taksim-olaylari-280x203.jpg\" width=\"280\" height=\"203\" title=\"\" srcset=\"https:\/\/www.nationalturk.com\/tr\/wp-content\/uploads\/2013\/06\/yunanistan-taksim-olaylari-280x203.jpg 280w, https:\/\/www.nationalturk.com\/tr\/wp-content\/uploads\/2013\/06\/yunanistan-taksim-olaylari-550x400.jpg 550w, https:\/\/www.nationalturk.com\/tr\/wp-content\/uploads\/2013\/06\/yunanistan-taksim-olaylari.jpg 660w\" sizes=\"auto, (max-width: 280px) 100vw, 280px\" \/><\/a>Yunanistan D\u0131\u015fi\u015fleri Bakan Yard\u0131mc\u0131s\u0131 Kostas Tsiaras, Taksim Gezi Park\u0131&#8217;ndaki olaylara ili\u015fkin a\u00e7\u0131klamalarda bulundu.<\/h1>\n<p>Tsiaras,&#8221;T\u00fcrkiye&#8217;deki durum Arap Bahar\u0131&#8217;yla mukayese edilemez&#8221; dedi.<\/p>\n<p>Yunan devlet televizyonu NET TV&#8217;de bir programa kat\u0131lan Tsiaras, Taksim Gezi Park\u0131&#8217;ndaki eylemlerin Arap Bahar\u0131 ile benzerlik g\u00f6stermedi\u011fini belirterek, T\u00fcrkiyede kalk\u0131nma h\u0131z\u0131n\u0131n b\u00fcy\u00fck oldu\u011funu, devlet yat\u0131r\u0131mlar\u0131n\u0131n yap\u0131ld\u0131\u011f\u0131n\u0131 ve i\u015fsizlik oran\u0131n\u0131n \u00e7ok d\u00fc\u015f\u00fck seviyelerde seyretti\u011fini belirtti.<\/p>\n<p>T\u00fcrkiye&#8217;de en yak\u0131n zamanda s\u00fckunet ve istikrar\u0131n geri gelmesi y\u00f6n\u00fcndeki umudunu dile getiren Tsiaras, bunun gerek kom\u015fu \u00fclkenin gerekse b\u00f6lgenin \u00e7\u0131kar\u0131na oldu\u011funu vurgulad\u0131.<\/p>\n<p>Tsiaras, T\u00fcrkiye&#8217;nin son y\u0131llarda demokrasi y\u00f6n\u00fcnde \u00e7aba sarf etti\u011fine dikkati \u00e7ekerek, bunun kolay bir s\u00fcre\u00e7 olmad\u0131\u011f\u0131n\u0131 aktard\u0131.<\/p>\n<h2>Avramopulos-Davuto\u011flu aras\u0131ndaki telefon g\u00f6r\u00fc\u015fmesi<\/h2>\n<p>\u0130stanbul&#8217;da g\u00f6zalt\u0131na al\u0131nan Yunan \u00f6\u011frenciye de de\u011finen Tsiaras, Yunanistan D\u0131\u015fi\u015fleri Bakan\u0131 Dimitri Avramopulos&#8217;un, bu konuda T\u00fcrk mevkida\u015f\u0131 Ahmet Davuto\u011flu ile telefonda g\u00f6r\u00fc\u015ft\u00fc\u011f\u00fcn\u00fc belirtti. Tsiaras, konunun olumlu bir \u015fekilde sonu\u00e7land\u0131\u011f\u0131n\u0131 kaydetti.<\/p>\n<p>\u00d6te yandan, Taksim Gezi Park\u0131&#8217;ndaki olaylar s\u0131ras\u0131nda g\u00f6zalt\u0131na al\u0131nan \u00f6\u011frenci Yorgo \u0130atridis, Yunan bas\u0131n\u0131na verdi\u011fi deme\u00e7te &#8220;Yanl\u0131\u015f zamanda yanl\u0131\u015f yerdeydim&#8221; dedi.<\/p>\n<p>G\u00f6zalt\u0131na al\u0131nmas\u0131n\u0131n Yunan olmas\u0131yla hi\u00e7bir alakas\u0131n\u0131n bulunmad\u0131\u011f\u0131n\u0131 vurgulayan \u0130atridis, polisten \u015fiddet g\u00f6rmedi\u011fini de belirtti.<\/p>\n<div class=\"a-single a-372\"><iframe style=\"width:610px; height:125px;\" name=\"610x90\" marginWidth=\"0\" frameSpacing=\"0\" marginHeight=\"0\" frameBorder=\"0\" scrolling=\"no\" target=\"_self\" src=\"http:\/\/www.ajansreklam.net\/reklam\/havana-1-mayis-610x90.php\"><\/iframe><\/div>\n","protected":false},"excerpt":{"rendered":"<p>Yunanistan D\u0131\u015fi\u015fleri Bakan Yard\u0131mc\u0131s\u0131 Kostas Tsiaras, Taksim Gezi Park\u0131&#8217;ndaki olaylara ili\u015fkin a\u00e7\u0131klamalarda bulundu.<\/p>\n","protected":false},"author":3,"featured_media":178853,"comment_status":"open","ping_status":"open","sticky":false,"template":"","format":"standard","meta":{"_acf_changed":false,"footnotes":""},"categories":[6155,5005,6805],"tags":[8773,77168,14663,1202],"class_list":["post-138226","post","type-post","status-publish","format-standard","has-post-thumbnail","hentry","category-gundem","category-manset","category-turkiye","tag-ahmet-davutoglu","tag-arap-bahari","tag-taksim-gezi-parki","tag-yunanistan"],"acf":[],"_links":{"self":[{"href":"https:\/\/www.nationalturk.com\/tr\/wp-json\/wp\/v2\/posts\/138226","targetHints":{"allow":["GET"]}}],"collection":[{"href":"https:\/\/www.nationalturk.com\/tr\/wp-json\/wp\/v2\/posts"}],"about":[{"href":"https:\/\/www.nationalturk.com\/tr\/wp-json\/wp\/v2\/types\/post"}],"author":[{"embeddable":true,"href":"https:\/\/www.nationalturk.com\/tr\/wp-json\/wp\/v2\/users\/3"}],"replies":[{"embeddable":true,"href":"https:\/\/www.nationalturk.com\/tr\/wp-json\/wp\/v2\/comments?post=138226"}],"version-history":[{"count":0,"href":"https:\/\/www.nationalturk.com\/tr\/wp-json\/wp\/v2\/posts\/138226\/revisions"}],"wp:featuredmedia":[{"embeddable":true,"href":"https:\/\/www.nationalturk.com\/tr\/wp-json\/wp\/v2\/media\/178853"}],"wp:attachment":[{"href":"https:\/\/www.nationalturk.com\/tr\/wp-json\/wp\/v2\/media?parent=138226"}],"wp:term":[{"taxonomy":"category","embeddable":true,"href":"https:\/\/www.nationalturk.com\/tr\/wp-json\/wp\/v2\/categories?post=138226"},{"taxonomy":"post_tag","embeddable":true,"href":"https:\/\/www.nationalturk.com\/tr\/wp-json\/wp\/v2\/tags?post=138226"}],"curies":[{"name":"wp","href":"https:\/\/api.w.org\/{rel}","templated":true}]}}