{"id":138362,"date":"2013-06-11T10:07:44","date_gmt":"2013-06-11T07:07:44","guid":{"rendered":"http:\/\/www.nationalturk.com\/?p=138362"},"modified":"2013-06-11T10:07:44","modified_gmt":"2013-06-11T07:07:44","slug":"carsi-gezi-parki-ndan-cekiliyor-mu-138362","status":"publish","type":"post","link":"https:\/\/www.nationalturk.com\/tr\/carsi-gezi-parki-ndan-cekiliyor-mu-138362\/","title":{"rendered":"\u00c7ar\u015f\u0131 Gezi Park\u0131&#8217; ndan \u00e7ekiliyor mu?"},"content":{"rendered":"<h1><img loading=\"lazy\" decoding=\"async\" class=\"size-full wp-image-138364 alignleft\" title=\"\u00c7ar\u015f\u0131 gezi park\u0131 a\u00e7\u0131klamas\u0131\" alt=\"\u00c7ar\u015f\u0131 gezi park\u0131 a\u00e7\u0131klamas\u0131\" src=\"http:\/\/www.nationalturk.com\/tr\/wp-content\/uploads\/2013\/06\/carsi-gezi-parki-aciklamasi.jpg\" width=\"268\" height=\"180\" \/>B\u00fclent Ar\u0131n\u00e7&#8217; \u0131n yapt\u0131\u011f\u0131\u00a0\u00c7ar\u015f\u0131 Grubu s\u00f6zc\u00fcs\u00fcyle g\u00f6r\u00fc\u015ft\u00fcm Gezi&#8217; den \u00e7ekiliyorlar demesi \u00fczerine ak\u0131llara gelen \u00c7ar\u015f\u0131 Gezi Park\u0131&#8217;ndan \u00e7ekiliyor mu sorusuna cevap \u00c7ar\u015f\u0131&#8217; dan geldi.<\/h1>\n<p>Be\u015fikta\u015f taraftar grubu \u00c7ar\u015f\u0131&#8217; n\u0131n Gezi Park\u0131 eylemlerinin ba\u015f\u0131ndan beri verdi\u011fi destek\u00a0B\u00fclent Ar\u0131n\u00e7&#8217; \u0131n yapt\u0131\u011f\u0131\u00a0\u00c7ar\u015f\u0131 Grubu s\u00f6zc\u00fcs\u00fcyle g\u00f6r\u00fc\u015ft\u00fcm Gezi&#8217; den \u00e7ekiliyorlar ak\u0131llarda soru i\u015fareti b\u0131rakt\u0131. \u00a0\u00c7ar\u015f\u0131 &#8216; dan Gezi Park\u0131 a\u00e7\u0131klamas\u0131 ise gecikmedi. \u00c7ar\u015f\u0131 Gezi Park\u0131&#8217; ndan \u00e7ekiliyor mu sorusuna\u00a0&#8220;Yok \u00f6yle bir\u015fey. Taksim Dayan\u0131\u015fmas\u0131 eylem bitti diyene kadar parktay\u0131z.&#8221; \u015feklinde yan\u0131t verdi.<\/p>\n<h2>\u00c7ar\u015f\u0131 Gezi Park\u0131 a\u00e7\u0131klamas\u0131<\/h2>\n<p>&#8220;Gezi Park\u0131 direni\u015finden geri \u00e7ekildi\u011fimiz y\u00f6n\u00fcndeki a\u00e7\u0131klamalar ger\u00e7e\u011fi yans\u0131tmamaktad\u0131r.<\/p>\n<p>Duru\u015fumuz her zaman a\u00e7\u0131k ve nettir. 1982&#8242; den beri haks\u0131zl\u0131k, adaletsizlik kar\u015f\u0131s\u0131nda insanl\u0131ktan yana taraftay\u0131z ve olmaya da devam edece\u011fiz.<\/p>\n<p>Devlet ve ilgili kurumlar\u0131n \u00e7\u00f6z\u00fcm i\u00e7in as\u0131l muhattab\u0131 Gezi Park\u0131 eylemcilerini en ba\u015f\u0131ndan itibaren s\u00fcrd\u00fcren ger\u00e7ek temcilciler, parkta \u00e7ad\u0131r kuran gen\u00e7ler ve her zaman destek\u00e7isi oldu\u011fumuz halkt\u0131r.<\/p>\n<p>Taraflar\u0131n kar\u015f\u0131l\u0131kl\u0131 empati, sa\u011fduyu ve diyalo\u011fa davet ediyor, bu kaosun kar\u015f\u0131l\u0131kl\u0131 ileti\u015fim ve anlay\u0131\u015fla \u00e7\u00f6z\u00fclmesinden taraf oldu\u011fumuzu, olaylar\u0131n halk\u0131m\u0131z a\u00e7\u0131s\u0131ndan en iyi \u015fekilde neticelenmesinde yana oldu\u011fumuzu bir kez daha beyan ederiz.<\/p>\n<p>Kamu oyuna sayg\u0131yla duyurulur.&#8221;<\/p>\n<p>&nbsp;<\/p>\n","protected":false},"excerpt":{"rendered":"<p>B\u00fclent Ar\u0131n\u00e7&#8217; \u0131n yapt\u0131\u011f\u0131 \u00c7ar\u015f\u0131 Grubu s\u00f6zc\u00fcs\u00fcyle g\u00f6r\u00fc\u015ft\u00fcm Gezi den \u00e7ekiliyorlar demesi \u00fczerine ak\u0131llara gelen \u00c7ar\u015f\u0131 Gezi Park\u0131ndan \u00e7ekiliyor mu sorusuna cevap \u00c7ar\u015f\u0131&#8217; dan geldi.<\/p>\n","protected":false},"author":651,"featured_media":138364,"comment_status":"open","ping_status":"open","sticky":false,"template":"","format":"standard","meta":{"_acf_changed":false,"footnotes":""},"categories":[6155,5005,1,6805],"tags":[131811,4208,5189,131808,131680,68807,92829],"class_list":["post-138362","post","type-post","status-publish","format-standard","has-post-thumbnail","hentry","category-gundem","category-manset","category-nationalturk","category-turkiye","tag-besiktas-taraftar-grubu-carsi","tag-bulent-arinc","tag-carsi","tag-carsi-gezi-parki","tag-carsi-gezi-yuruyusu","tag-carsi-grubu","tag-gezi-parki"],"acf":[],"_links":{"self":[{"href":"https:\/\/www.nationalturk.com\/tr\/wp-json\/wp\/v2\/posts\/138362","targetHints":{"allow":["GET"]}}],"collection":[{"href":"https:\/\/www.nationalturk.com\/tr\/wp-json\/wp\/v2\/posts"}],"about":[{"href":"https:\/\/www.nationalturk.com\/tr\/wp-json\/wp\/v2\/types\/post"}],"author":[{"embeddable":true,"href":"https:\/\/www.nationalturk.com\/tr\/wp-json\/wp\/v2\/users\/651"}],"replies":[{"embeddable":true,"href":"https:\/\/www.nationalturk.com\/tr\/wp-json\/wp\/v2\/comments?post=138362"}],"version-history":[{"count":0,"href":"https:\/\/www.nationalturk.com\/tr\/wp-json\/wp\/v2\/posts\/138362\/revisions"}],"wp:featuredmedia":[{"embeddable":true,"href":"https:\/\/www.nationalturk.com\/tr\/wp-json\/wp\/v2\/media\/138364"}],"wp:attachment":[{"href":"https:\/\/www.nationalturk.com\/tr\/wp-json\/wp\/v2\/media?parent=138362"}],"wp:term":[{"taxonomy":"category","embeddable":true,"href":"https:\/\/www.nationalturk.com\/tr\/wp-json\/wp\/v2\/categories?post=138362"},{"taxonomy":"post_tag","embeddable":true,"href":"https:\/\/www.nationalturk.com\/tr\/wp-json\/wp\/v2\/tags?post=138362"}],"curies":[{"name":"wp","href":"https:\/\/api.w.org\/{rel}","templated":true}]}}