{"id":138377,"date":"2013-06-11T12:01:05","date_gmt":"2013-06-11T09:01:05","guid":{"rendered":"http:\/\/www.nationalturk.com\/?p=138377"},"modified":"2026-02-15T13:31:53","modified_gmt":"2026-02-15T10:31:53","slug":"vali-mutlunun-dili-surctu-molotof-atanlarin-polisimizle-calistiklari-catistiklari-goruldu-138377","status":"publish","type":"post","link":"https:\/\/www.nationalturk.com\/tr\/vali-mutlunun-dili-surctu-molotof-atanlarin-polisimizle-calistiklari-catistiklari-goruldu-138377\/","title":{"rendered":"Vali Mutlu&#8217;nun dili s\u00fcr\u00e7t\u00fc: Molotof atanlar\u0131n polisimizle \u00e7al\u0131\u015ft\u0131klar\u0131-\u00e7at\u0131\u015ft\u0131klar\u0131 g\u00f6r\u00fcld\u00fc"},"content":{"rendered":"<h1><img loading=\"lazy\" decoding=\"async\" class=\"alignnone size-large wp-image-138378\" alt=\"H\u00fcseyin avni mutlu\" src=\"http:\/\/www.nationalturk.com\/tr\/wp-content\/uploads\/2013\/06\/huseyin_avni_mutlu_838922-600x400.jpg\" width=\"610\" height=\"370\" title=\"\"><\/h1>\n<h1>Sabah saatlerinde polisin Taksim Meydan\u0131&#8217;na m\u00fcdahalesi sonras\u0131 bas\u0131n\u0131n \u00f6n\u00fcne ge\u00e7en \u0130stanbul Valisi H\u00fcseyin Avni Mutlu&#8217;nun dili s\u00fcr\u00e7t\u00fc:\u00a0Baz\u0131 m\u00fcnferit gruplar\u0131n \u00e7at\u0131\u015fmaya girmek istedikleri ve bu \u00e7er\u00e7evede polisimizle yer yer \u00e7al\u0131\u015ft\u0131klar\u0131 &#8211; \u00e7at\u0131\u015ft\u0131klar\u0131 g\u00f6r\u00fcld\u00fc&#8230;<\/h1>\n<p>\u0130stanbul Valisi H\u00fcseyin Avni Mutlu bu sabah Taksim Meydan\u0131\u2019nda ger\u00e7ekle\u015ftirilen polis m\u00fcdahalesiyle ilgili a\u00e7\u0131klama yapt\u0131.<\/p>\n<p>M\u00fcdahalenin amac\u0131n\u0131n Taksim Meydan\u0131&#8217;n\u0131 \u00f6rg\u00fct pankartlar\u0131ndan temizlemek oldu\u011funu dile getiren Mutlu, &#8221;Atat\u00fcrk Heykeli, Atat\u00fcrk K\u00fclt\u00fcr Merkezi (AKM) \u00fczerinde as\u0131l\u0131 olan pankart, d\u00f6viz, resim ve bunun benzeri materyallerin kald\u0131r\u0131lmas\u0131na y\u00f6nelik ve sadece bu amaca matuf olmak \u00fczere emniyet birimleri taraf\u0131ndan bir \u00e7al\u0131\u015fma ger\u00e7ekle\u015ftirilmi\u015ftir.\u00a0\u00c7al\u0131\u015fman\u0131n hedefi, Taksim Meydan\u0131&#8217;na \u00e7\u0131k\u0131ld\u0131\u011f\u0131 andan itibaren kamuoyu ile net bir \u015fekilde payla\u015f\u0131lm\u0131\u015f, hedefleri, s\u0131n\u0131rlar\u0131 ve kapsam\u0131 do\u011frultusunda detayl\u0131 bilgi kamuoyuna detayl\u0131 bir \u015fekilde payla\u015f\u0131lm\u0131\u015ft\u0131r.\u00a0Bu payla\u015f\u0131mlarda ifade edildi\u011fi gibi kesinlikle Gezi Park\u0131 ile ilgili orada bulunan insanlara, gen\u00e7lere y\u00f6nelik herhangi bir m\u00fcdahalenin olmayaca\u011f\u0131, keza bu m\u00fcdahale kapsam\u0131nda, Taksim&#8217;e y\u00f6nelik de herhangi bir m\u00fcdahale yakla\u015f\u0131m\u0131 i\u00e7inde bulunmad\u0131\u011f\u0131m\u0131z\u0131 ifade ettik ve bu \u00e7er\u00e7evede \u015fu ana kadar gayretlerimizi yo\u011fun bir \u015fekilde s\u00fcrd\u00fcrd\u00fck ve gerek Atat\u00fcrk An\u0131t\u0131 gerekse AKM alan etraf\u0131nda bulunan \u00f6nemli miktardaki metaryaller toparland\u0131&#8221; diye konu\u015ftu.<\/p>\n<h2>Vali&#8217;nin dili s\u00fcr\u00e7t\u00fc<\/h2>\n<p>H\u00fcseyin Avni Mutlu baz\u0131 m\u00fcnferit gruplar\u0131n polisle \u00e7at\u0131\u015fmaya girdiklerini ifade ederken &#8220;\u00e7at\u0131\u015ft\u0131&#8221; yerine &#8220;\u00e7al\u0131\u015ft\u0131&#8221; dedi ancak hemen d\u00fczeltti. Mutlu \u015funlar\u0131 s\u00f6yledi:<\/p>\n<p>&#8220;Baz\u0131 m\u00fcnferit gruplar\u0131n \u00e7at\u0131\u015fmaya girmek istedikleri ve bu \u00e7er\u00e7evede polisimizle yer yer \u00e7al\u0131\u015ft\u0131klar\u0131 &#8211; \u00e7at\u0131\u015ft\u0131klar\u0131 g\u00f6r\u00fcld\u00fc, gerekli m\u00fcdahaleler yap\u0131ld\u0131. Taksim ve \u00e7evresinde kontroll\u00fc duru\u015fumuz s\u00fcr\u00fcyor. Bekleyi\u015fimizi s\u00fcrd\u00fcrmeye devam edece\u011fiz.<\/p>\n<p>Ger\u00e7ekten Gezi Park\u0131&#8217;nda \u00e7evreci bir yakla\u015f\u0131m i\u00e7erisinde ba\u015flatm\u0131\u015f olan bu giri\u015fimlerin neticesi itibariyle alan ve \u00f6zellikle Atat\u00fcrk heykelimiz ve Atat\u00fcrk K\u00fclt\u00fcr Merkezi, pek \u00e7ok legal veya illegal kurulu\u015fun adeta bir reklam panosu haline d\u00f6n\u00fc\u015ft\u00fcr\u00fclm\u00fc\u015ft\u00fcr.<\/p>\n<h3>Gezi Park\u0131&#8217;na m\u00fcdahale etmeyece\u011fiz<\/h3>\n<p>Bu tablo, milletimizin g\u00f6nl\u00fcnde fevkalade \u00fcz\u00fcnt\u00fcye sebebiyet vermekteydi ve d\u00fcnya kamuoyu efkar-\u0131 umumiyesi a\u00e7\u0131s\u0131ndan da bu g\u00f6r\u00fcnt\u00fcler \u00fclkemiz imaj\u0131na, \u0130stanbul&#8217;un imaj\u0131na da ciddi s\u0131k\u0131nt\u0131 yaratmaktayd\u0131. Bu gerek\u00e7elerle bunu toparlayabilmek ve Taksim Meydan\u0131&#8217;ndaki bu g\u00f6r\u00fcnt\u00fcy\u00fc normalle\u015ftirebilmek amac\u0131yla yapm\u0131\u015f oldu\u011fumuz \u00e7al\u0131\u015fma tamamlanm\u0131\u015ft\u0131r. Bu noktadan itibaren de Gezi Park\u0131&#8217;na y\u00f6nelik hi\u00e7bir m\u00fcdahalemizin s\u00f6z konusu olmayaca\u011f\u0131n\u0131 teyiden bir kez daha ifade etmek istiyorum.<\/p>\n<p>Gezi Park\u0131&#8217;na y\u00f6nelik bir m\u00fcdahale olmayacakt\u0131r. Bu \u00e7at\u0131\u015fma ortam\u0131na \u00e7ekilmek isteyen gen\u00e7lerin buna itibar etmemi\u015f olmalar\u0131n\u0131 anlaml\u0131 ve de\u011ferli g\u00f6r\u00fcyoruz. Bu duyarl\u0131l\u0131\u011f\u0131 gerek gen\u00e7lerimiz gerek duyarl\u0131 yurtta\u015flar\u0131m\u0131z a\u00e7\u0131s\u0131nda \u00f6zenle s\u00fcrd\u00fcr\u00fclmesi \u00f6nem arz etmektedir. S\u00fcre\u00e7 bu y\u00f6nde ilerletilebildi\u011fi taktirde bundan sonraki tablonun \u00fclkemiz a\u00e7\u0131s\u0131ndan rahatlat\u0131c\u0131 olaca\u011f\u0131n\u0131 g\u00f6rmek m\u00fcmk\u00fcnd\u00fcr. Bir tak\u0131m marjinal gruplar\u0131n kullanm\u0131\u015f olduklar\u0131 sis bombalar\u0131, molotoflar vas\u0131tas\u0131yla polisin gaz kulland\u0131\u011f\u0131 y\u00f6n\u00fcnde bir imaj yaratmak ama\u00e7l\u0131 oldu\u011funu biliyoruz.<\/p>\n<h4>Gezi Park\u0131&#8217;ndaki gen\u00e7lerin tavr\u0131n\u0131 anlaml\u0131 ve de\u011ferli buluyoruz<\/h4>\n<p>\u00d6zellikle Gezi Park\u0131&#8217;nda kalan gen\u00e7lerin bu \u00e7at\u0131\u015fma ortam\u0131na \u00e7ekilmek istenmesi y\u00f6n\u00fcndeki k\u0131\u015fk\u0131rt\u0131c\u0131 tahrik ve s\u00f6zlere gen\u00e7lerin itibar etmemi\u015f olmas\u0131, uyar\u0131lar\u0131m\u0131z do\u011frultusunda Gezi Park\u0131&#8217;n\u0131n d\u0131\u015f\u0131na \u00e7\u0131kmayarak orada beklemi\u015f olmalar\u0131 ve Taksim Meydan\u0131&#8217;ndan polisimizle g\u00fcvenlik g\u00fc\u00e7lerimizle \u00e7at\u0131\u015fmaya girmek isteyen gruplara bu manada prim vermemi\u015f olmalar\u0131n\u0131 fevkalade anlaml\u0131 ve de\u011ferli buluyoruz.<\/p>\n<p>\u015eu anda \u00e7at\u0131\u015fmalarda, ciddi, hastanelerde yaral\u0131 olarak tedaviyi gerektirecek herhangi s\u0131k\u0131nt\u0131 olmam\u0131\u015ft\u0131r. Ama tabiki \u00e7at\u0131\u015fmalar\u0131n getirmi\u015f oldu\u011fu ufak yaralanmalar berelenmeler s\u00f6z konusu. Polis arac\u0131m\u0131z\u0131n molotoflorla yak\u0131lmas\u0131na kadar alanda bizlere kar\u015f\u0131 s\u00fcrekli olarak eylem ger\u00e7ekle\u015ftirmeye \u00e7al\u0131\u015fan ki\u015filere kar\u015f\u0131 g\u00f6zalt\u0131 i\u015flemi yap\u0131lm\u0131\u015ft\u0131r.<\/p>\n<h5>Molotof atanlar\u0131n polis oldu\u011fu alg\u0131s\u0131 yarat\u0131lmaya \u00e7al\u0131\u015f\u0131l\u0131yor<\/h5>\n<p>Marjinal gruplar haberle\u015fmek i\u00e7in telsiz kullan\u0131yor. Kar\u015f\u0131m\u0131zda, &#8216;benim bir fikrim var, benim s\u00f6z\u00fcm var&#8217; diyenlerin \u00f6tesinde &#8216;benim telsizim var, molotofum var, havai fi\u015fe\u011fim var&#8217; diyenlere kar\u015f\u0131 m\u00fccadelemiz var. Telsiz donan\u0131mlar\u0131na kadar var olan bu gruplara kar\u015f\u0131 m\u00fccadelenin ne kadar hassas oldu\u011funu \u00f6zellikle belirtmek istiyorum.<\/p>\n<p>\u00c7ok g\u00fczel bir halk tabiri var: &#8216;Uydur uydur yaz.&#8217; Sosyal medyada provokatif emelleriyle k\u0131\u015fk\u0131rtan ve kullananlar var. Bunlara kar\u015f\u0131 duyarl\u0131 olmal\u0131y\u0131z. Zihinlerimizi bombard\u0131mana tabi tutarak, emniyet g\u00fc\u00e7lerimizi s\u0131k\u0131nt\u0131ya sokan ki\u015filere kar\u015f\u0131 hep birlikte hassas olaca\u011f\u0131z.<\/p>\n<p>Sosyal medya \u00fczerinden de dikkatli olmam\u0131z\u0131 \u00f6zellikle tavsiye ediyorum. Bunlar ajitasyondur. Polisimiz halk\u0131n\u0131n emrindedir. Emniyetimizin bu \u015fah\u0131slar\u0131 da belirleyerek gere\u011fini yapacakt\u0131r. Elinde telsiz, silah g\u00f6r\u00fcnt\u00fcs\u00fcyle polis oldu\u011fu alg\u0131s\u0131 yaratmaya \u00e7al\u0131\u015fanlar vard\u0131, onlarla ilgili g\u00f6r\u00fcnt\u00fcler izlenerek, gerekenler yap\u0131lacakt\u0131r.<\/p>\n<p>Gezi Park\u0131&#8217;na gidebiliriz. Oradaki gen\u00e7lerle farkl\u0131 kanallardan irtibat\u0131m\u0131z\u0131 s\u00fcrd\u00fcr\u00fcyoruz, hepiniz de takip ediyorsunuz. Kendilerini o gruplardan tamamen ay\u0131rm\u0131\u015flar ve polisimize yard\u0131mc\u0131 olmu\u015flard\u0131r. Benim tweet&#8217;te belirtti\u011fim gibi davranm\u0131\u015flard\u0131r. Onlar da beni ziyaret edebilirler. Yeni diyaloglara ihtiya\u00e7 var. Biz, insan\u0131m\u0131zla her ortamda g\u00f6r\u00fc\u015fmeye haz\u0131r\u0131z.&#8221;<\/p>\n<!-- Error, Advert is not available at this time due to schedule\/geolocation restrictions! -->\n","protected":false},"excerpt":{"rendered":"<p>Sabah saatlerinde polisin Taksim Meydan\u0131&#8217;na m\u00fcdahalesi sonras\u0131 bas\u0131n\u0131n \u00f6n\u00fcne ge\u00e7en \u0130stanbul Valisi H\u00fcseyin Avni Mutlu&#8217;nun dili s\u00fcr\u00e7t\u00fc: Baz\u0131 m\u00fcnferit gruplar\u0131n \u00e7at\u0131\u015fmaya girmek istedikleri ve bu \u00e7er\u00e7evede polisimizle yer yer \u00e7al\u0131\u015ft\u0131klar\u0131 &#8211; \u00e7at\u0131\u015ft\u0131klar\u0131 g\u00f6r\u00fcld\u00fc&#8230;<\/p>\n","protected":false},"author":4,"featured_media":178828,"comment_status":"open","ping_status":"open","sticky":false,"template":"","format":"standard","meta":{"_acf_changed":false,"footnotes":""},"categories":[6155,5005,6202,349,6805],"tags":[92829,131226,24758,1011,98898,7070,3805,14663,131823,131824,52192],"class_list":["post-138377","post","type-post","status-publish","format-standard","has-post-thumbnail","hentry","category-gundem","category-manset","category-politika","category-son-dakika","category-turkiye","tag-gezi-parki","tag-gezi-parki-olaylari","tag-huseyin-avni-mutlu","tag-istanbul","tag-istanbul-valisi","tag-polis","tag-taksim","tag-taksim-gezi-parki","tag-taksim-polis","tag-taksim-polis-mudahalesi","tag-vali"],"acf":[],"_links":{"self":[{"href":"https:\/\/www.nationalturk.com\/tr\/wp-json\/wp\/v2\/posts\/138377","targetHints":{"allow":["GET"]}}],"collection":[{"href":"https:\/\/www.nationalturk.com\/tr\/wp-json\/wp\/v2\/posts"}],"about":[{"href":"https:\/\/www.nationalturk.com\/tr\/wp-json\/wp\/v2\/types\/post"}],"author":[{"embeddable":true,"href":"https:\/\/www.nationalturk.com\/tr\/wp-json\/wp\/v2\/users\/4"}],"replies":[{"embeddable":true,"href":"https:\/\/www.nationalturk.com\/tr\/wp-json\/wp\/v2\/comments?post=138377"}],"version-history":[{"count":1,"href":"https:\/\/www.nationalturk.com\/tr\/wp-json\/wp\/v2\/posts\/138377\/revisions"}],"predecessor-version":[{"id":306892,"href":"https:\/\/www.nationalturk.com\/tr\/wp-json\/wp\/v2\/posts\/138377\/revisions\/306892"}],"wp:featuredmedia":[{"embeddable":true,"href":"https:\/\/www.nationalturk.com\/tr\/wp-json\/wp\/v2\/media\/178828"}],"wp:attachment":[{"href":"https:\/\/www.nationalturk.com\/tr\/wp-json\/wp\/v2\/media?parent=138377"}],"wp:term":[{"taxonomy":"category","embeddable":true,"href":"https:\/\/www.nationalturk.com\/tr\/wp-json\/wp\/v2\/categories?post=138377"},{"taxonomy":"post_tag","embeddable":true,"href":"https:\/\/www.nationalturk.com\/tr\/wp-json\/wp\/v2\/tags?post=138377"}],"curies":[{"name":"wp","href":"https:\/\/api.w.org\/{rel}","templated":true}]}}