{"id":138899,"date":"2013-06-17T13:16:04","date_gmt":"2013-06-17T10:16:04","guid":{"rendered":"http:\/\/www.nationalturk.com\/?p=138899"},"modified":"2013-06-17T13:16:04","modified_gmt":"2013-06-17T10:16:04","slug":"eylem-yapan-memur-sonucuna-katlanir-138899","status":"publish","type":"post","link":"https:\/\/www.nationalturk.com\/tr\/eylem-yapan-memur-sonucuna-katlanir-138899\/","title":{"rendered":"&#8220;Eylem yapan memur sonucuna katlan\u0131r&#8221;"},"content":{"rendered":"<h1><img loading=\"lazy\" decoding=\"async\" class=\"alignleft size-medium wp-image-138900\" alt=\"Muammer G\u00fcler\" src=\"http:\/\/www.nationalturk.com\/tr\/wp-content\/uploads\/2013\/06\/muammer_guler_83104711-280x207.jpg\" width=\"280\" height=\"207\" title=\"\" srcset=\"https:\/\/www.nationalturk.com\/tr\/wp-content\/uploads\/2013\/06\/muammer_guler_83104711-280x207.jpg 280w, https:\/\/www.nationalturk.com\/tr\/wp-content\/uploads\/2013\/06\/muammer_guler_83104711-538x400.jpg 538w, https:\/\/www.nationalturk.com\/tr\/wp-content\/uploads\/2013\/06\/muammer_guler_83104711.jpg 800w\" sizes=\"auto, (max-width: 280px) 100vw, 280px\" \/>\u0130\u00e7i\u015fleri Bakan\u0131 Muammer G\u00fcler, sendikalar\u0131n eylem karar\u0131yla ilgili olarak kamu \u00e7al\u0131\u015fanlar\u0131n\u0131n soka\u011fa \u00e7\u0131kmas\u0131 durumunda &#8216;sonucuna katlanaca\u011f\u0131n\u0131&#8217; s\u00f6yledi.<\/h1>\n<p>Gezi Park\u0131 olaylar\u0131 ile ilgili a\u00e7\u0131klamalarda bulunan Muammer G\u00fcler, &#8220;Bazen su s\u0131k\u0131l\u0131yor, bazen de gaz s\u0131k\u0131\u015ft\u0131r\u0131lm\u0131\u015f su s\u0131k\u0131l\u0131yor. G\u00f6zalt\u0131nda \u015fuanda 393 ki\u015fi var bunlar\u0131n sorgular\u0131 s\u00fcr\u00fcyor. \u00d6zellikle \u0130stanbul ve Adana&#8217;da var. Sorgular\u0131 s\u00fcr\u00fcyor.\u00a0Doktorlarla ilgili konuyu Sa\u011fl\u0131k Bakanl\u0131\u011f\u0131&#8217;m\u0131z a\u00e7\u0131klad\u0131. Onlar doktor de\u011fil. Muayene yapan doktor mutlaka bunu adli mercilere bildirmek durumunda ayr\u0131ca. Sa\u011fl\u0131k Bakanl\u0131\u011f\u0131 a\u00e7\u0131s\u0131ndan da g\u00f6rev ba\u015f\u0131nda olup olmad\u0131\u011f\u0131n\u0131 da Sa\u011fl\u0131k Bakanl\u0131\u011f\u0131m\u0131z a\u00e7\u0131klayacakt\u0131r&#8221; dedi.<\/p>\n<p>Muammer G\u00fcler 2&#8217;si \u0130zmir&#8217;de 1&#8217;i \u0130stanbul&#8217;da olmak \u00fczere 3 polis memurunun a\u00e7\u0131\u011fa al\u0131nd\u0131\u011f\u0131n\u0131 belirterek &#8220;\u0130\u00e7i\u015fleri Bakanl\u0131\u011f\u0131 emniyet ve g\u00fcvenlik g\u00fc\u00e7lerinden sorumlu bir bakanl\u0131kt\u0131r. Bu emniyet g\u00fc\u00e7lerinin g\u00f6rev alanlar\u0131 bellidir. \u0130\u00e7i\u015fleri Bakan\u0131 bu emniyet birimlerini nerede g\u00f6revlendirmek isterse ihtiya\u00e7 duydu\u011fu anda g\u00f6revlendirebilir. Yani k\u0131rsalda polis, \u015fehirde de jandarma g\u00f6revlendirilebilir. Jandarman\u0131n da toplumsal olaylara m\u00fcdahale yetkisi vard\u0131r. Bunlar\u0131n hepsi benim emrimdedir. Jandarma Genel Komutanl\u0131\u011f\u0131&#8217;na bu konuyla ilgili talepte bulunursam hemen yetkilendirilir. Bunu kar\u0131\u015ft\u0131rmas\u0131nlar. TSK&#8217;n\u0131n emrindeki askerin kullan\u0131lmas\u0131 ayr\u0131 bir\u015feydir. Biz Silahl\u0131 kuvvetlerden herhangi bir talepte bulunmad\u0131k.\u00a0Jandarma bir g\u00fcvenlik g\u00fcc\u00fcd\u00fcr. \u015eu anda baz\u0131 il\u00e7elerde \u0130stanbul&#8217;da jandarma polis gibi g\u00f6revini y\u00fcr\u00fctmektedir. T\u00fcrkiye \u0130\u00e7i\u015fleri Bakan\u0131 bu g\u00fcvenlik g\u00fc\u00e7lerini nerede kullanmak icap ediyorsa orada g\u00f6revlendirebilir. \u015eu anda \u00fclkenin y\u00fczde 93&#8217;\u00fcnde g\u00fcvenli\u011fi sa\u011flayan kurulu\u015flard\u0131r. Bu kurumlar \u0130\u00e7i\u015fleri Bakan\u0131 olarak benim emrim alt\u0131ndad\u0131r. E\u011fer emniyet g\u00fc\u00e7leri asayi\u015fi sa\u011flayam\u0131yorsa kanun gere\u011fi T\u00fcrk Silahl\u0131 Kuvvetleri&#8217;nden de g\u00fc\u00e7 takviyesi talep edilir, fakat \u015fu an i\u00e7in \u00f6yle bir talebimiz olmad\u0131&#8221; diye konu\u015ftu.<\/p>\n<h2>Memurlar sonucuna katlan\u0131r!<\/h2>\n<p>Muammer G\u00fcler sendikalar\u0131n grev karar\u0131yla ilgili olarak ise \u015funlar\u0131 s\u00f6yledi:<\/p>\n<p>&#8220;Bug\u00fcn i\u015f b\u0131rakma ve grev gibi kanunsuz eylemlerle insanlar\u0131 soka\u011fa d\u00f6kme \u00e7abalar\u0131 vard\u0131r. Bunlara da izin verilmeyece\u011fini, yasayla belirlenmemi\u015f alanlarda, genel yollarda, parklarda b\u00f6yle bir g\u00f6steri ve y\u00fcr\u00fcy\u00fc\u015f\u00fcn yap\u0131lmayaca\u011f\u0131n\u0131 ifade etmek isterim. Polisimiz g\u00f6revini yap\u0131yor. 5 sendikan\u0131n yasal bir eylemi yok ki, hangi yasal eylemine izin verece\u011fiz. Alanlar\u0131, genel yollar\u0131, kamu d\u00fczenini bozacak \u015fekilde, genel hayat\u0131 felce u\u011fratacak \u015fekilde her g\u00fcn toplant\u0131 ve g\u00f6steri y\u00fcr\u00fcy\u00fc\u015f\u00fc hakk\u0131 nerede g\u00f6r\u00fclm\u00fc\u015f? B\u00f6yle bir \u015fey olabilir mi? Ben her g\u00fcn gelece\u011fim sabahtan ak\u015fama kadar K\u0131z\u0131lay&#8217;\u0131n ortas\u0131nda eylem yapaca\u011f\u0131m. B\u00f6yle bir \u015fey olabilir mi? Bunu memurlardan ve i\u015f\u00e7ilerden \u00f6zellikle rica ediyorum: Kanunsuz eylemlere i\u015ftirak etmemelerini bekliyorum. Bunun kanuni sonu\u00e7lar\u0131na katlan\u0131rlar.&#8221;<\/p>\n<!-- Error, Advert is not available at this time due to schedule\/geolocation restrictions! -->\n","protected":false},"excerpt":{"rendered":"<p>\u0130\u00e7i\u015fleri Bakan\u0131 Muammer G\u00fcler, sendikalar\u0131n eylem karar\u0131yla ilgili olarak kamu \u00e7al\u0131\u015fanlar\u0131n\u0131n soka\u011fa \u00e7\u0131kmas\u0131 durumunda &#8216;sonucuna katlanaca\u011f\u0131n\u0131&#8217; s\u00f6yledi.<\/p>\n","protected":false},"author":4,"featured_media":178747,"comment_status":"open","ping_status":"open","sticky":false,"template":"","format":"standard","meta":{"_acf_changed":false,"footnotes":""},"categories":[6155,5005,6202,349,6805],"tags":[1891,131377,11634,96737,4350,125258],"class_list":["post-138899","post","type-post","status-publish","format-standard","has-post-thumbnail","hentry","category-gundem","category-manset","category-politika","category-son-dakika","category-turkiye","tag-disk","tag-gezi-parki-eylemleri","tag-kesk","tag-kesk-eylem","tag-muammer-guler","tag-muammer-guler-aciklama"],"acf":[],"_links":{"self":[{"href":"https:\/\/www.nationalturk.com\/tr\/wp-json\/wp\/v2\/posts\/138899","targetHints":{"allow":["GET"]}}],"collection":[{"href":"https:\/\/www.nationalturk.com\/tr\/wp-json\/wp\/v2\/posts"}],"about":[{"href":"https:\/\/www.nationalturk.com\/tr\/wp-json\/wp\/v2\/types\/post"}],"author":[{"embeddable":true,"href":"https:\/\/www.nationalturk.com\/tr\/wp-json\/wp\/v2\/users\/4"}],"replies":[{"embeddable":true,"href":"https:\/\/www.nationalturk.com\/tr\/wp-json\/wp\/v2\/comments?post=138899"}],"version-history":[{"count":0,"href":"https:\/\/www.nationalturk.com\/tr\/wp-json\/wp\/v2\/posts\/138899\/revisions"}],"wp:featuredmedia":[{"embeddable":true,"href":"https:\/\/www.nationalturk.com\/tr\/wp-json\/wp\/v2\/media\/178747"}],"wp:attachment":[{"href":"https:\/\/www.nationalturk.com\/tr\/wp-json\/wp\/v2\/media?parent=138899"}],"wp:term":[{"taxonomy":"category","embeddable":true,"href":"https:\/\/www.nationalturk.com\/tr\/wp-json\/wp\/v2\/categories?post=138899"},{"taxonomy":"post_tag","embeddable":true,"href":"https:\/\/www.nationalturk.com\/tr\/wp-json\/wp\/v2\/tags?post=138899"}],"curies":[{"name":"wp","href":"https:\/\/api.w.org\/{rel}","templated":true}]}}