{"id":138907,"date":"2013-06-17T13:57:24","date_gmt":"2013-06-17T10:57:24","guid":{"rendered":"http:\/\/www.nationalturk.com\/?p=138907"},"modified":"2013-06-17T13:57:24","modified_gmt":"2013-06-17T10:57:24","slug":"milastaki-aritma-tesisinde-facia-4-olu-138907","status":"publish","type":"post","link":"https:\/\/www.nationalturk.com\/tr\/milastaki-aritma-tesisinde-facia-4-olu-138907\/","title":{"rendered":"Milas&#8217;taki ar\u0131tma tesisinde facia: 4 \u00f6l\u00fc"},"content":{"rendered":"<h1><img loading=\"lazy\" decoding=\"async\" class=\"alignleft size-medium wp-image-138911\" alt=\"\" src=\"http:\/\/www.nationalturk.com\/tr\/wp-content\/uploads\/2013\/06\/son-dakika-dikey5-206x220.jpg\" width=\"206\" height=\"220\" title=\"\" srcset=\"https:\/\/www.nationalturk.com\/tr\/wp-content\/uploads\/2013\/06\/son-dakika-dikey5-206x220.jpg 206w, https:\/\/www.nationalturk.com\/tr\/wp-content\/uploads\/2013\/06\/son-dakika-dikey5.jpg 300w\" sizes=\"auto, (max-width: 206px) 100vw, 206px\" \/>Mu\u011fla&#8217;n\u0131n Milas il\u00e7esindeki at\u0131k su terfi istasyonunda 4 ki\u015fi elektrik ak\u0131m\u0131na kap\u0131larak ar\u0131tma havuzuna d\u00fc\u015ft\u00fc ve ya\u015fam\u0131n\u0131 yitirdi.<\/h1>\n<p>Al\u0131nan bilgilere g\u00f6re\u00a0Mu\u011fla Milas&#8217;ta at\u0131k su terfi istasyonunda bir g\u00f6revli y\u00fcksek gerilime kap\u0131ld\u0131. Ona yard\u0131m etmek isteyen 4 arkada\u015f\u0131 da elektrik ak\u0131m\u0131na kap\u0131larak ar\u0131tma havuzuna d\u00fc\u015ft\u00fc ve ya\u015fam\u0131n\u0131 yitirdi.<\/p>\n<p>Mu\u011fla&#8217;n\u0131n Milas \u0130l\u00e7esi G\u00fcll\u00fck Beldesi&#8217;nde \u00f6zel \u015firkete ait at\u0131k su terfi istasyonunda, bir g\u00f6revli y\u00fcksek gerilime kap\u0131l\u0131nca arkada\u015flar\u0131 yard\u0131m etmek istedi. Ancak 4 \u00e7al\u0131\u015fan elektrik ak\u0131m\u0131na kap\u0131larak ar\u0131tma havuzuna d\u00fc\u015ft\u00fc ve hayat\u0131n\u0131 kaybetti.<\/p>\n<div class=\"a-single a-377\"><iframe style=\"width:610px; height:125px;\" name=\"610x90\" marginWidth=\"0\" frameSpacing=\"0\" marginHeight=\"0\" frameBorder=\"0\" scrolling=\"no\" target=\"_self\" src=\"http:\/\/www.ajansreklam.net\/reklam\/brezilya-610x90.php\"><\/iframe><\/div>\n","protected":false},"excerpt":{"rendered":"<p>Mu\u011fla&#8217;n\u0131n Milas il\u00e7esindeki at\u0131k su terfi istasyonunda 4 ki\u015fi elektrik ak\u0131m\u0131na kap\u0131larak ar\u0131tma havuzuna d\u00fc\u015ft\u00fc ve ya\u015fam\u0131n\u0131 yitirdi.<\/p>\n","protected":false},"author":4,"featured_media":178745,"comment_status":"open","ping_status":"open","sticky":false,"template":"","format":"standard","meta":{"_acf_changed":false,"footnotes":""},"categories":[6155,349,6805],"tags":[132274,1618,702,32168],"class_list":["post-138907","post","type-post","status-publish","format-standard","has-post-thumbnail","hentry","category-gundem","category-son-dakika","category-turkiye","tag-aritma-tesisi","tag-milas","tag-mugla","tag-mugla-milas"],"acf":[],"_links":{"self":[{"href":"https:\/\/www.nationalturk.com\/tr\/wp-json\/wp\/v2\/posts\/138907","targetHints":{"allow":["GET"]}}],"collection":[{"href":"https:\/\/www.nationalturk.com\/tr\/wp-json\/wp\/v2\/posts"}],"about":[{"href":"https:\/\/www.nationalturk.com\/tr\/wp-json\/wp\/v2\/types\/post"}],"author":[{"embeddable":true,"href":"https:\/\/www.nationalturk.com\/tr\/wp-json\/wp\/v2\/users\/4"}],"replies":[{"embeddable":true,"href":"https:\/\/www.nationalturk.com\/tr\/wp-json\/wp\/v2\/comments?post=138907"}],"version-history":[{"count":0,"href":"https:\/\/www.nationalturk.com\/tr\/wp-json\/wp\/v2\/posts\/138907\/revisions"}],"wp:featuredmedia":[{"embeddable":true,"href":"https:\/\/www.nationalturk.com\/tr\/wp-json\/wp\/v2\/media\/178745"}],"wp:attachment":[{"href":"https:\/\/www.nationalturk.com\/tr\/wp-json\/wp\/v2\/media?parent=138907"}],"wp:term":[{"taxonomy":"category","embeddable":true,"href":"https:\/\/www.nationalturk.com\/tr\/wp-json\/wp\/v2\/categories?post=138907"},{"taxonomy":"post_tag","embeddable":true,"href":"https:\/\/www.nationalturk.com\/tr\/wp-json\/wp\/v2\/tags?post=138907"}],"curies":[{"name":"wp","href":"https:\/\/api.w.org\/{rel}","templated":true}]}}