{"id":138909,"date":"2013-06-17T14:00:35","date_gmt":"2013-06-17T11:00:35","guid":{"rendered":"http:\/\/www.nationalturk.com\/?p=138909"},"modified":"2013-06-18T18:31:13","modified_gmt":"2013-06-18T15:31:13","slug":"ahmedinejada-bir-sok-daha-138909","status":"publish","type":"post","link":"https:\/\/www.nationalturk.com\/tr\/ahmedinejada-bir-sok-daha-138909\/","title":{"rendered":"Ahmedinejad&#8217;a bir \u015fok daha!"},"content":{"rendered":"<h1><a href=\"http:\/\/www.nationalturk.com\/tr\/wp-content\/uploads\/2013\/06\/ahmedinejad-iran-secimler.jpg\"><img loading=\"lazy\" decoding=\"async\" class=\"aligncenter size-large wp-image-138913\" alt=\"Ahmedinejad&#039;a bir \u015fok daha!\" src=\"http:\/\/www.nationalturk.com\/tr\/wp-content\/uploads\/2013\/06\/ahmedinejad-iran-secimler-610x294.jpg\" width=\"610\" height=\"294\" title=\"\" srcset=\"https:\/\/www.nationalturk.com\/tr\/wp-content\/uploads\/2013\/06\/ahmedinejad-iran-secimler-610x294.jpg 610w, https:\/\/www.nationalturk.com\/tr\/wp-content\/uploads\/2013\/06\/ahmedinejad-iran-secimler-280x135.jpg 280w, https:\/\/www.nationalturk.com\/tr\/wp-content\/uploads\/2013\/06\/ahmedinejad-iran-secimler.jpg 615w\" sizes=\"auto, (max-width: 610px) 100vw, 610px\" \/><\/a>Cumhurba\u015fkanl\u0131\u011f\u0131 i\u00e7in aday\u0131 reddedilen Ahmedinejad bir \u015fok daha ya\u015fad\u0131.<\/h1>\n<p>Ahmedinejad&#8217;\u0131n destekledi\u011fi listeden yerel se\u00e7imde kazanan olmad\u0131.<\/p>\n<p>\u0130ran&#8217;da, cuma g\u00fcn\u00fc cumhurba\u015fkanl\u0131\u011f\u0131 ile e\u015f zamanl\u0131 yap\u0131lan yerel se\u00e7imlerde, mevcut cumhurba\u015fkan\u0131 Mahmud Ahmedinejad&#8217;\u0131n destekledi\u011fi &#8220;Ya\u015fas\u0131n Bahar&#8221; listesinden kazanan olmad\u0131.<\/p>\n<p>Reformcular\u0131n destekledi\u011fi \u0131l\u0131ml\u0131 dinadam\u0131 Hasan Ruhani\u2019nin a\u00e7\u0131k ara kazand\u0131\u011f\u0131 cumhurba\u015fkanl\u0131\u011f\u0131 se\u00e7imlerinde muhafazakar kanad\u0131n adaylar\u0131 bekledikleri oylar\u0131 alamazken, yerel se\u00e7imlerde de b\u00fcy\u00fck hayal k\u0131r\u0131kl\u0131\u011f\u0131 ya\u015fad\u0131.<\/p>\n<!-- Error, Advert is not available at this time due to schedule\/geolocation restrictions! -->\n<p>Cumhurba\u015fkanl\u0131\u011f\u0131 ile e\u015f zamanl\u0131 yap\u0131lan yerel se\u00e7imlerde de reformcular\u0131n listesi b\u00fcy\u00fck fark atarken, \u0131l\u0131ml\u0131 muhafazakarlar ikinci s\u0131rada yer ald\u0131.<\/p>\n<p>\u00dclke genelinde farkl\u0131 listelerle se\u00e7men kar\u015f\u0131s\u0131na \u00e7\u0131k\u0131lsa da ba\u015fkent Tahran\u2019da, Cumhurba\u015fkan\u0131 Ahmedinejad\u2019\u0131n eski bakanlar\u0131ndan Dr. Abdurr\u0131za \u015eeyh-ul islam, k\u0131z karde\u015fi Pervin Ahmedinejad gibi isimlerin yer ald\u0131\u011f\u0131 &#8220;Ya\u015fas\u0131n Bahar&#8221; listesinden kazanan olmad\u0131.<\/p>\n<p>31 \u00fcyeli Tahran \u015eehir konseyinde bu d\u00f6nem, eski cumhurba\u015fkan\u0131 Muhammed Hatemi d\u00f6neminin K\u00fclt\u00fcr ve \u0130r\u015fad Bakan\u0131 Ahmed Mescid-i Cami ba\u015fkanl\u0131\u011f\u0131ndaki reformcu kanat ile \u0131l\u0131ml\u0131 muhafazakar kanad\u0131n temsilcisi Mehdi \u00c7amran\u2019\u0131n ba\u015fkanl\u0131\u011f\u0131ndaki listeler \u00e7o\u011funlu\u011fu olu\u015fturdu.<\/p>\n<p>Reformcu kanat, &#8220;bizim belediye ba\u015fkan\u0131m\u0131z, adayl\u0131\u011f\u0131 veto edilen Muhsin Ha\u015fimi&#8221; diyerek, yerel se\u00e7imlerde adayl\u0131\u011f\u0131 engellenen eski cumhurba\u015fkanlar\u0131ndan Ha\u015fimi Refsencani&#8217;nin o\u011flunu Tahran Belediye Ba\u015fkan\u0131 olarak d\u00fc\u015f\u00fcnd\u00fcklerini a\u00e7\u0131klam\u0131\u015f oldu.<\/p>\n<p>Ahmedinejad h\u00fck\u00fcmetinde Ula\u015ft\u0131rma, \u015eehircilik ve Mesken Bakan\u0131 olan Ali Nikzad\u2019\u0131n belideye ba\u015fkanl\u0131\u011f\u0131na destek veren &#8220;Ya\u015fas\u0131n Bahar&#8221; listesinden ise hi\u00e7 bir aday bekledi\u011fi sonucu alamad\u0131.<\/p>\n<p>\u0130ran&#8217;da cuma g\u00fcn\u00fc cumhurba\u015fkanl\u0131\u011f\u0131 ve yerel se\u00e7imler birlikte yap\u0131lm\u0131\u015ft\u0131. Cumhurba\u015fkanl\u0131\u011f\u0131 se\u00e7imini reformcu kesimin destekledi\u011fi Hasan Ruhani b\u00fcy\u00fck farkla ilk turda kazanm\u0131\u015ft\u0131.<\/p>\n<p>&nbsp;<\/p>\n","protected":false},"excerpt":{"rendered":"<p>Cumhurba\u015fkanl\u0131\u011f\u0131 i\u00e7in aday\u0131 reddedilen Ahmedinejad bir \u015fok daha ya\u015fad\u0131.<\/p>\n","protected":false},"author":3,"featured_media":178743,"comment_status":"open","ping_status":"open","sticky":false,"template":"","format":"standard","meta":{"_acf_changed":false,"footnotes":""},"categories":[6665,6155,5005,6772,6202],"tags":[10012,10015,132282,1981,132284,8260],"class_list":["post-138909","post","type-post","status-publish","format-standard","has-post-thumbnail","hentry","category-dunya","category-gundem","category-manset","category-ortadogu","category-politika","tag-ahmedinejad","tag-ahmedinejad-iran","tag-hasan-ruhani","tag-iran","tag-iran-cumhurbaskani-hasan-ruhani","tag-mahmud-ahmedinejad"],"acf":[],"_links":{"self":[{"href":"https:\/\/www.nationalturk.com\/tr\/wp-json\/wp\/v2\/posts\/138909","targetHints":{"allow":["GET"]}}],"collection":[{"href":"https:\/\/www.nationalturk.com\/tr\/wp-json\/wp\/v2\/posts"}],"about":[{"href":"https:\/\/www.nationalturk.com\/tr\/wp-json\/wp\/v2\/types\/post"}],"author":[{"embeddable":true,"href":"https:\/\/www.nationalturk.com\/tr\/wp-json\/wp\/v2\/users\/3"}],"replies":[{"embeddable":true,"href":"https:\/\/www.nationalturk.com\/tr\/wp-json\/wp\/v2\/comments?post=138909"}],"version-history":[{"count":0,"href":"https:\/\/www.nationalturk.com\/tr\/wp-json\/wp\/v2\/posts\/138909\/revisions"}],"wp:featuredmedia":[{"embeddable":true,"href":"https:\/\/www.nationalturk.com\/tr\/wp-json\/wp\/v2\/media\/178743"}],"wp:attachment":[{"href":"https:\/\/www.nationalturk.com\/tr\/wp-json\/wp\/v2\/media?parent=138909"}],"wp:term":[{"taxonomy":"category","embeddable":true,"href":"https:\/\/www.nationalturk.com\/tr\/wp-json\/wp\/v2\/categories?post=138909"},{"taxonomy":"post_tag","embeddable":true,"href":"https:\/\/www.nationalturk.com\/tr\/wp-json\/wp\/v2\/tags?post=138909"}],"curies":[{"name":"wp","href":"https:\/\/api.w.org\/{rel}","templated":true}]}}