{"id":138910,"date":"2013-06-17T13:59:59","date_gmt":"2013-06-17T10:59:59","guid":{"rendered":"http:\/\/www.nationalturk.com\/?p=138910"},"modified":"2026-02-15T13:31:36","modified_gmt":"2026-02-15T10:31:36","slug":"validen-sendikalara-uyari-taksimde-toplanmalara-izin-vermeyecegiz-138910","status":"publish","type":"post","link":"https:\/\/www.nationalturk.com\/tr\/validen-sendikalara-uyari-taksimde-toplanmalara-izin-vermeyecegiz-138910\/","title":{"rendered":"Vali&#8217;den sendikalara uyar\u0131: Taksim&#8217;de toplanmalara izin vermeyece\u011fiz"},"content":{"rendered":"<h1><img loading=\"lazy\" decoding=\"async\" class=\"alignleft size-medium wp-image-138915\" alt=\"H\u00fcseyin avni Mutlu\" src=\"http:\/\/www.nationalturk.com\/tr\/wp-content\/uploads\/2013\/06\/huseyin_avni-280x209.jpg\" width=\"280\" height=\"209\" title=\"\" srcset=\"https:\/\/www.nationalturk.com\/tr\/wp-content\/uploads\/2013\/06\/huseyin_avni-280x209.jpg 280w, https:\/\/www.nationalturk.com\/tr\/wp-content\/uploads\/2013\/06\/huseyin_avni.jpg 387w\" sizes=\"auto, (max-width: 280px) 100vw, 280px\" \/>\u0130stanbul Valili\u011fi, bug\u00fcn saat 16.00&#8217;da toplan\u0131lmas\u0131 y\u00f6n\u00fcndeki \u00e7a\u011fr\u0131da bulunan illegeal olu\u015fumlara izin verilmeyece\u011fini a\u00e7\u0131klad\u0131.<\/h1>\n<p>Valilikten yap\u0131lan a\u00e7\u0131klamada, &#8220;Legal ve illegal baz\u0131 olu\u015fumlar\u0131n bug\u00fcn saat 16:00&#8217;da Taksim Meydan\u0131&#8217;nda toplan\u0131lmas\u0131 y\u00f6n\u00fcnde \u00e7a\u011fr\u0131larda bulunduklar\u0131 g\u00f6r\u00fclmektedir. Taksim Meydan\u0131 ve \u00e7evresinde sa\u011flanm\u0131\u015f olan huzurlu ortam\u0131n s\u00fcrd\u00fcr\u00fclmesini engellemeye matuf bu t\u00fcr \u00e7a\u011fr\u0131lar yasal de\u011fildir. Taksim Meydan\u0131&#8217;nda yasal olmayan toplanmalara bundan sonra da m\u00fcsaade edilmeyecektir&#8221; denildi.<\/p>\n<!-- Error, Advert is not available at this time due to schedule\/geolocation restrictions! -->\n","protected":false},"excerpt":{"rendered":"<p>\u0130stanbul Valili\u011fi, bug\u00fcn saat 16.00&#8217;da toplan\u0131lmas\u0131 y\u00f6n\u00fcndeki \u00e7a\u011fr\u0131da bulunan illegeal olu\u015fumlara izin verilmeyece\u011fini a\u00e7\u0131klad\u0131.<\/p>\n","protected":false},"author":4,"featured_media":178744,"comment_status":"open","ping_status":"open","sticky":false,"template":"","format":"standard","meta":{"_acf_changed":false,"footnotes":""},"categories":[6155,5005,6202,349,6805,6662],"tags":[92829,24758,1011,7877,98898,3805,63997,6622,131894,52192],"class_list":["post-138910","post","type-post","status-publish","format-standard","has-post-thumbnail","hentry","category-gundem","category-manset","category-politika","category-son-dakika","category-turkiye","category-yasam","tag-gezi-parki","tag-huseyin-avni-mutlu","tag-istanbul","tag-istanbul-valiligi","tag-istanbul-valisi","tag-taksim","tag-taksim-eylem","tag-taksim-meydani","tag-taksim-meydani-olaylar","tag-vali"],"acf":[],"_links":{"self":[{"href":"https:\/\/www.nationalturk.com\/tr\/wp-json\/wp\/v2\/posts\/138910","targetHints":{"allow":["GET"]}}],"collection":[{"href":"https:\/\/www.nationalturk.com\/tr\/wp-json\/wp\/v2\/posts"}],"about":[{"href":"https:\/\/www.nationalturk.com\/tr\/wp-json\/wp\/v2\/types\/post"}],"author":[{"embeddable":true,"href":"https:\/\/www.nationalturk.com\/tr\/wp-json\/wp\/v2\/users\/4"}],"replies":[{"embeddable":true,"href":"https:\/\/www.nationalturk.com\/tr\/wp-json\/wp\/v2\/comments?post=138910"}],"version-history":[{"count":1,"href":"https:\/\/www.nationalturk.com\/tr\/wp-json\/wp\/v2\/posts\/138910\/revisions"}],"predecessor-version":[{"id":306875,"href":"https:\/\/www.nationalturk.com\/tr\/wp-json\/wp\/v2\/posts\/138910\/revisions\/306875"}],"wp:featuredmedia":[{"embeddable":true,"href":"https:\/\/www.nationalturk.com\/tr\/wp-json\/wp\/v2\/media\/178744"}],"wp:attachment":[{"href":"https:\/\/www.nationalturk.com\/tr\/wp-json\/wp\/v2\/media?parent=138910"}],"wp:term":[{"taxonomy":"category","embeddable":true,"href":"https:\/\/www.nationalturk.com\/tr\/wp-json\/wp\/v2\/categories?post=138910"},{"taxonomy":"post_tag","embeddable":true,"href":"https:\/\/www.nationalturk.com\/tr\/wp-json\/wp\/v2\/tags?post=138910"}],"curies":[{"name":"wp","href":"https:\/\/api.w.org\/{rel}","templated":true}]}}