{"id":138997,"date":"2013-06-18T09:58:38","date_gmt":"2013-06-18T06:58:38","guid":{"rendered":"http:\/\/www.nationalturk.com\/?p=138997"},"modified":"2022-09-18T12:13:33","modified_gmt":"2022-09-18T09:13:33","slug":"taksim-meydaninda-duran-adamlara-gozalti-138997","status":"publish","type":"post","link":"https:\/\/www.nationalturk.com\/tr\/taksim-meydaninda-duran-adamlara-gozalti-138997\/","title":{"rendered":"Taksim Meydan\u0131&#8217;nda &#8220;Duran Adam&#8221;lara g\u00f6zalt\u0131!"},"content":{"rendered":"<h1><img loading=\"lazy\" decoding=\"async\" class=\"alignleft size-medium wp-image-139002\" alt=\"Duran Adam g\u00f6zalt\u0131\" src=\"http:\/\/www.nationalturk.com\/tr\/wp-content\/uploads\/2013\/06\/duran_adam_gozalti-e1371538616574-280x188.jpeg\" width=\"280\" height=\"188\" title=\"\" srcset=\"https:\/\/www.nationalturk.com\/tr\/wp-content\/uploads\/2013\/06\/duran_adam_gozalti-e1371538616574-280x188.jpeg 280w, https:\/\/www.nationalturk.com\/tr\/wp-content\/uploads\/2013\/06\/duran_adam_gozalti-e1371538616574.jpeg 320w\" sizes=\"auto, (max-width: 280px) 100vw, 280px\" \/>Taksim meydan\u0131nda AKM&#8217;ye do\u011fru sabit durarak saatlerce bekleyen performans sanat\u00e7\u0131s\u0131 Erdem G\u00fcnd\u00fcz&#8217;\u00fcn etraf\u0131nda onun gibi bekleyenler d\u00fcn ak\u015fam g\u00f6zalt\u0131na al\u0131nd\u0131. \/ Duran Adam &#8216;lara g\u00f6zalt\u0131&#8230;<\/h1>\n<p>Ge\u00e7ti\u011fimiz Cumartesi g\u00fcn\u00fc polisin Taksim Meydan\u0131 ve Gezi Park\u0131&#8217;na m\u00fcdahalesinin ard\u0131ndan Erdem G\u00fcnd\u00fcz isimli bir ki\u015fi ak\u015fam saatlerinden itibaren Taksim Metro \u00e7\u0131k\u0131\u015f\u0131nda hareket etmeden ve konu\u015fmadan bekleyerek ilgin\u00e7 bir protesto eylemi ger\u00e7ekle\u015ftirdi.<\/p>\n<p>Polisler ise &#8220;Duran Adam&#8221;\u0131n etraf\u0131nda kalabal\u0131k olu\u015fmas\u0131n\u0131n ard\u0131ndan harekete ge\u00e7ti. Polis amirinin eylemcilere do\u011fru ilerlerken, &#8220;Sabit duranlar\u0131 al\u0131n&#8221; diye emir verdi\u011fi duyuldu. Bunun \u00fczerine sabit duran ki\u015filer g\u00f6zalt\u0131na al\u0131nd\u0131.<\/p>\n<p>Erdem G\u00fcnd\u00fcz, d\u00fcn ak\u015fam saat 18.00&#8217;da Taksim Metro \u00e7\u0131k\u0131\u015f\u0131nda hareket etmeden ve konu\u015fmadan beklemeye ba\u015flad\u0131. G\u00fcnd\u00fcz, ak\u015fam saat 20.00 s\u0131ralar\u0131nda protestosu ile ilgili olarak, &#8220;Her \u015fey ortada. \u0130nsanlar\u0131 Taksim&#8217;e sokmuyorlar&#8221; \u015feklinde a\u00e7\u0131klama yapt\u0131. Protestoyu sosyal payla\u015f\u0131m sitelerinden g\u00f6ren vatanda\u015flar da gece destek i\u00e7in G\u00fcnd\u00fcz&#8217;\u00fcn yan\u0131na gelerek hareketsizce durmaya ba\u015flad\u0131.<\/p>\n<p>Duran Adam&#8217;\u0131n etraf\u0131ndaki kalabal\u0131\u011f\u0131n artmas\u0131n\u0131 \u00fczerine saat 01.50&#8217;de polis ekipleri eylemcileri da\u011f\u0131tmak i\u00e7in harekete ge\u00e7ti. Polisin g\u00fc\u00e7 kullanmadan yapt\u0131\u011f\u0131 m\u00fcdahaleden dakikalar \u00f6nce Erdem G\u00fcnd\u00fcz&#8217;\u00fcn alandan kendili\u011finden ayr\u0131ld\u0131\u011f\u0131 \u00f6\u011frenildi. Taksim Metro \u00e7\u0131k\u0131\u015f\u0131nda beklemekte \u0131srar eden 10 ki\u015fi ise polis ekipleri taraf\u0131ndan g\u00f6zalt\u0131na al\u0131nd\u0131. Polis amirinin eylemcilere do\u011fru ilerlerken, &#8220;Sabit duranlar\u0131 al\u0131n&#8221; diye emir verdi\u011fi duyuldu.<\/p>\n<p>Erdem G\u00fcnd\u00fcz&#8217;\u00fcn yan\u0131nda duranlar\u0131n g\u00f6zalt\u0131na al\u0131nmas\u0131 nedeniyle eylemi sona erdirdi\u011fi \u00f6\u011frenildi.<\/p>\n<!-- Error, Advert is not available at this time due to schedule\/geolocation restrictions! -->\n","protected":false},"excerpt":{"rendered":"<p>Taksim meydan\u0131nda AKM&#8217;ye do\u011fru sabit durarak saatlerce bekleyen performans sanat\u00e7\u0131s\u0131 Erdem G\u00fcnd\u00fcz&#8217;\u00fcn etraf\u0131nda onun gibi bekleyenler d\u00fcn ak\u015fam g\u00f6zalt\u0131na al\u0131nd\u0131. \/ Duran Adam &#8216;lara g\u00f6zalt\u0131&#8230;<\/p>\n","protected":false},"author":4,"featured_media":178729,"comment_status":"open","ping_status":"open","sticky":false,"template":"","format":"standard","meta":{"_acf_changed":false,"footnotes":""},"categories":[6155,5005,6202,349,6805,6662],"tags":[132341,132342,132343,132346,92829,131452,131377,3805,132339,63997,132344],"class_list":["post-138997","post","type-post","status-publish","format-standard","has-post-thumbnail","hentry","category-gundem","category-manset","category-politika","category-son-dakika","category-turkiye","category-yasam","tag-duran-adam","tag-duran-adam-gozalti","tag-duran-adamlar-gozalti","tag-erdem-gunduz","tag-gezi-parki","tag-gezi-parki-direnisi","tag-gezi-parki-eylemleri","tag-taksim","tag-taksim-duran-adam","tag-taksim-eylem","tag-taksimde-duran-adam"],"acf":[],"_links":{"self":[{"href":"https:\/\/www.nationalturk.com\/tr\/wp-json\/wp\/v2\/posts\/138997","targetHints":{"allow":["GET"]}}],"collection":[{"href":"https:\/\/www.nationalturk.com\/tr\/wp-json\/wp\/v2\/posts"}],"about":[{"href":"https:\/\/www.nationalturk.com\/tr\/wp-json\/wp\/v2\/types\/post"}],"author":[{"embeddable":true,"href":"https:\/\/www.nationalturk.com\/tr\/wp-json\/wp\/v2\/users\/4"}],"replies":[{"embeddable":true,"href":"https:\/\/www.nationalturk.com\/tr\/wp-json\/wp\/v2\/comments?post=138997"}],"version-history":[{"count":0,"href":"https:\/\/www.nationalturk.com\/tr\/wp-json\/wp\/v2\/posts\/138997\/revisions"}],"wp:featuredmedia":[{"embeddable":true,"href":"https:\/\/www.nationalturk.com\/tr\/wp-json\/wp\/v2\/media\/178729"}],"wp:attachment":[{"href":"https:\/\/www.nationalturk.com\/tr\/wp-json\/wp\/v2\/media?parent=138997"}],"wp:term":[{"taxonomy":"category","embeddable":true,"href":"https:\/\/www.nationalturk.com\/tr\/wp-json\/wp\/v2\/categories?post=138997"},{"taxonomy":"post_tag","embeddable":true,"href":"https:\/\/www.nationalturk.com\/tr\/wp-json\/wp\/v2\/tags?post=138997"}],"curies":[{"name":"wp","href":"https:\/\/api.w.org\/{rel}","templated":true}]}}