{"id":139560,"date":"2013-06-23T11:46:00","date_gmt":"2013-06-23T08:46:00","guid":{"rendered":"http:\/\/www.nationalturk.com\/?p=139560"},"modified":"2013-06-23T11:46:00","modified_gmt":"2013-06-23T08:46:00","slug":"abd-edward-snowdenin-iadesini-istedi","status":"publish","type":"post","link":"https:\/\/www.nationalturk.com\/tr\/abd-edward-snowdenin-iadesini-istedi\/","title":{"rendered":"ABD Edward Snowden&#8217;\u0131n iadesini istedi!"},"content":{"rendered":"<h1><img loading=\"lazy\" decoding=\"async\" class=\"alignleft size-medium wp-image-139561\" alt=\"edward-snowden\" src=\"http:\/\/www.nationalturk.com\/tr\/wp-content\/uploads\/2013\/06\/edward-snowden-182x220.jpg\" width=\"182\" height=\"220\" title=\"\" srcset=\"https:\/\/www.nationalturk.com\/tr\/wp-content\/uploads\/2013\/06\/edward-snowden-182x220.jpg 182w, https:\/\/www.nationalturk.com\/tr\/wp-content\/uploads\/2013\/06\/edward-snowden-332x400.jpg 332w, https:\/\/www.nationalturk.com\/tr\/wp-content\/uploads\/2013\/06\/edward-snowden.jpg 360w\" sizes=\"auto, (max-width: 182px) 100vw, 182px\" \/>ABD y\u00f6netimi, Hong Kong&#8217;dan Amerika Birle\u015fik Devletleri Ulusal G\u00fcvenlik Kurumu&#8217;nun (NSA) d\u00fcnya da milyonlarca ki\u015finin telefon ve internet kay\u0131tlar\u0131n\u0131 izledi\u011fi bilgisini bas\u0131na s\u0131zd\u0131ran Edward Snowden&#8217;\u0131n iadesini istedi.<\/h1>\n<p>Ul<span style=\"font-size: 13px;\">usal G\u00fcvenlik Konseyi&#8217;nden yap\u0131lan a\u00e7\u0131klamada, ABD&#8217;nin, Snowden&#8217;\u0131n iadesi i\u00e7in Hong Kong&#8217;daki yetkililerle temasa ge\u00e7ti\u011fi belirtti.<\/span><\/p>\n<p>Beyaz Saray Ulusal G\u00fcvenlik Dan\u0131\u015fman\u0131 Tom Donilon, Amerikan da bir TV kanal\u0131na verdi\u011fi deme\u00e7te, ABD&#8217;nin, Edward Snowden&#8217;\u0131n mahkeme \u00f6n\u00fcne \u00e7\u0131kar\u0131lmak \u00fczere Amerika&#8217;ya geri getirilmesi i\u00e7in &#8220;iyi bir gerek\u00e7esinin&#8221; oldu\u011funu ve Hong Kong&#8217;dan zanl\u0131lar\u0131n kar\u015f\u0131l\u0131kl\u0131 iadesi anla\u015fmas\u0131n\u0131 yerine getirmesini beklediklerini a\u00e7\u0131klad\u0131.<\/p>\n<p>Donilon ayr\u0131ca &#8220;Snowden&#8217;\u0131n ABD&#8217;ye iadesi i\u00e7in Hong Kong yetkilileriyle temasa ge\u00e7tik&#8221; \u00a0diye belirtti.<\/p>\n<p>Amerikan bas\u0131n\u0131nda ki haberlere g\u00f6re, Amerika Birle\u015fik Devletleri y\u00f6netimi, Hong Kong&#8217;dan bu konuda h\u0131zl\u0131 hareket etmesini de talep ederken, \u00fcst d\u00fczey bir yetkili, Hong Kong&#8217;un k\u0131sa s\u00fcre i\u00e7inde ad\u0131m atmamas\u0131 halinde, bu durumun &#8220;ikili ili\u015fkileri karma\u015f\u0131kla\u015ft\u0131raca\u011f\u0131 ve Hong Kong&#8217;un hukukun \u00fcst\u00fcnl\u00fc\u011f\u00fcne olan ba\u011fl\u0131l\u0131\u011f\u0131na dair soru i\u015faretleri uyand\u0131raca\u011f\u0131&#8221; mesaj\u0131nda bulundu.<\/p>\n<div class=\"a-single a-377\"><iframe style=\"width:610px; height:125px;\" name=\"610x90\" marginWidth=\"0\" frameSpacing=\"0\" marginHeight=\"0\" frameBorder=\"0\" scrolling=\"no\" target=\"_self\" src=\"http:\/\/www.ajansreklam.net\/reklam\/brezilya-610x90.php\"><\/iframe><\/div>\n","protected":false},"excerpt":{"rendered":"<p>ABD y\u00f6netimi, Hong Kong&#8217;dan Amerika Birle\u015fik Devletleri Ulusal G\u00fcvenlik Kurumu&#8217;nun (NSA) d\u00fcnya da milyonlarca ki\u015finin telefon ve internet kay\u0131tlar\u0131n\u0131 izledi\u011fi bilgisini bas\u0131na s\u0131zd\u0131ran Edward Snowden&#8217;\u0131n iadesini istedi.<\/p>\n","protected":false},"author":9192221,"featured_media":178649,"comment_status":"open","ping_status":"open","sticky":false,"template":"","format":"standard","meta":{"_acf_changed":false,"footnotes":""},"categories":[6768,5005,6202],"tags":[132315,132317,773,132316,132912,132916],"class_list":["post-139560","post","type-post","status-publish","format-standard","has-post-thumbnail","hentry","category-amerika","category-manset","category-politika","tag-abd-ulusal-guvenlik-kurumu","tag-edward-snowden","tag-hong-kong","tag-nsa","tag-ulusal-guvenlik-konseyi","tag-ulusal-guvenlik-kurumu"],"acf":[],"_links":{"self":[{"href":"https:\/\/www.nationalturk.com\/tr\/wp-json\/wp\/v2\/posts\/139560","targetHints":{"allow":["GET"]}}],"collection":[{"href":"https:\/\/www.nationalturk.com\/tr\/wp-json\/wp\/v2\/posts"}],"about":[{"href":"https:\/\/www.nationalturk.com\/tr\/wp-json\/wp\/v2\/types\/post"}],"author":[{"embeddable":true,"href":"https:\/\/www.nationalturk.com\/tr\/wp-json\/wp\/v2\/users\/9192221"}],"replies":[{"embeddable":true,"href":"https:\/\/www.nationalturk.com\/tr\/wp-json\/wp\/v2\/comments?post=139560"}],"version-history":[{"count":0,"href":"https:\/\/www.nationalturk.com\/tr\/wp-json\/wp\/v2\/posts\/139560\/revisions"}],"wp:featuredmedia":[{"embeddable":true,"href":"https:\/\/www.nationalturk.com\/tr\/wp-json\/wp\/v2\/media\/178649"}],"wp:attachment":[{"href":"https:\/\/www.nationalturk.com\/tr\/wp-json\/wp\/v2\/media?parent=139560"}],"wp:term":[{"taxonomy":"category","embeddable":true,"href":"https:\/\/www.nationalturk.com\/tr\/wp-json\/wp\/v2\/categories?post=139560"},{"taxonomy":"post_tag","embeddable":true,"href":"https:\/\/www.nationalturk.com\/tr\/wp-json\/wp\/v2\/tags?post=139560"}],"curies":[{"name":"wp","href":"https:\/\/api.w.org\/{rel}","templated":true}]}}