{"id":139971,"date":"2013-06-26T22:38:24","date_gmt":"2013-06-26T19:38:24","guid":{"rendered":"http:\/\/www.nationalturk.com\/?p=139971"},"modified":"2013-06-26T22:38:24","modified_gmt":"2013-06-26T19:38:24","slug":"twitter-ceosu-costolo-gezi-parki-olaylarina-degindi-139971","status":"publish","type":"post","link":"https:\/\/www.nationalturk.com\/tr\/twitter-ceosu-costolo-gezi-parki-olaylarina-degindi-139971\/","title":{"rendered":"Twitter Ceo&#8217;su Costolo &#8221;Gezi Park\u0131 olaylar\u0131na&#8221; de\u011findi"},"content":{"rendered":"<h1><a href=\"http:\/\/www.nationalturk.com\/tr\/wp-content\/uploads\/2013\/06\/dick-costolo.jpg\"><img loading=\"lazy\" decoding=\"async\" class=\"size-large wp-image-139972 alignleft\" alt=\"dick-costolo\" src=\"http:\/\/www.nationalturk.com\/tr\/wp-content\/uploads\/2013\/06\/dick-costolo-533x400.jpg\" width=\"280\" height=\"140\" title=\"\"><\/a>Twitter&#8217;\u0131n \u00dcst Y\u00f6neticisi Dick Costolo, Gezi Park\u0131 oolaylar\u0131 ile alakal\u0131 olarak , Twitter&#8217;\u0131n &#8220;kamusal bir \u015fehir meydan\u0131&#8221; oldu\u011funu s\u00f6yledi.<\/h1>\n<p>Costolo, Twitter&#8217;\u0131n ya\u015fanan Gezi Park\u0131 olaylarlar\u0131 i\u00e7in &#8221;platformun bu t\u00fcr konulara y\u00f6nelik bir bak\u0131\u015f a\u00e7\u0131s\u0131n\u0131n bulunmad\u0131\u011f\u0131n\u0131, olaylara yorum eklemediklerini&#8221; belirtti.<\/p>\n<p>Dick Costolo, ABD&#8217;nin ba\u015fkenti Washington&#8217;daki d\u00fc\u015f\u00fcnce kurulu\u015flar\u0131ndan Brookings Enstit\u00fcs\u00fc&#8217;nde &#8220;Sosyal Medya D\u00f6neminde \u015eehir Meydan\u0131&#8221; ba\u015fl\u0131kl\u0131 konferans da konu\u015furken, \u00a0Ba\u015fbakan Recep Tayyip Erdo\u011fan&#8217;\u0131n &#8220;Twitter denilen bir bela var&#8221; s\u00f6zlerinin sorulamas\u0131 \u00fczerine, Erdo\u011fan&#8217;\u0131n yorumlar\u0131ndan haberdar oldu\u011funu s\u00f6ylerken \u00a0T\u00fcrkiye&#8217;deki olaylar\u0131 g\u00f6zlemlediklerini belirterek, \u015f\u00f6yle konu\u015ftu: \u00a0&#8220;A\u00e7\u0131k kamusal bir platformun bulunmas\u0131n\u0131n g\u00fczelli\u011fi, etraf\u0131n\u0131zdaki herkesin ne d\u00fc\u015f\u00fcnd\u00fc\u011f\u00fcn\u00fcz\u00fc g\u00f6rmesi ve duymas\u0131n\u0131 sa\u011flamas\u0131. Bu bir kamusal \u015fehir meydan\u0131d\u0131r. Biz, olaylara yorum eklemiyoruz, &#8216;\u015funa inan\u0131yorsan\u0131z bizim platformumuzu kullanamazs\u0131n\u0131z&#8217; demiyoruz. Siz bu platformu neye inand\u0131\u011f\u0131n\u0131z\u0131 s\u00f6ylemek i\u00e7in kullanabilirsiniz. T\u00fcrkiye&#8217;deki halk\u0131n yapt\u0131\u011f\u0131 ve T\u00fcrkiye&#8217;deki olaylar konusunda di\u011fer yerlerdeki insanlar\u0131n yapt\u0131\u011f\u0131 da bu. Platformu bunun i\u00e7in (ifade i\u00e7in) kullan\u0131yorlar. Platformun kendisinin bu t\u00fcr konulara y\u00f6nelik bir bak\u0131\u015f a\u00e7\u0131s\u0131 yoktur, insanlar\u0131n kendi bak\u0131\u015f a\u00e7\u0131lar\u0131n\u0131 belirtmek i\u00e7in kulland\u0131\u011f\u0131 bir ara\u00e7t\u0131r&#8221; diyerek s\u00f6zlerini tamamlad\u0131.<\/p>\n<div class=\"a-single a-377\"><iframe style=\"width:610px; height:125px;\" name=\"610x90\" marginWidth=\"0\" frameSpacing=\"0\" marginHeight=\"0\" frameBorder=\"0\" scrolling=\"no\" target=\"_self\" src=\"http:\/\/www.ajansreklam.net\/reklam\/brezilya-610x90.php\"><\/iframe><\/div>\n","protected":false},"excerpt":{"rendered":"<p>Twitter&#8217;\u0131n \u00dcst Y\u00f6neticisi Dick Costolo, Gezi Park\u0131 oolaylar\u0131 ile alakal\u0131 olarak , Twitter&#8217;\u0131n &#8220;kamusal bir \u015fehir meydan\u0131&#8221; oldu\u011funu s\u00f6yledi.<\/p>\n","protected":false},"author":9192221,"featured_media":178584,"comment_status":"open","ping_status":"open","sticky":false,"template":"","format":"standard","meta":{"_acf_changed":false,"footnotes":""},"categories":[6768,6770,6155,5005,6202,349],"tags":[4763,3888,12515,133334,787,14663,48055],"class_list":["post-139971","post","type-post","status-publish","format-standard","has-post-thumbnail","hentry","category-amerika","category-avrupa","category-gundem","category-manset","category-politika","category-son-dakika","tag-amerika","tag-basbakan-erdogan","tag-ceo","tag-dick-costolo","tag-recep-tayyip-erdogan","tag-taksim-gezi-parki","tag-twitter"],"acf":[],"_links":{"self":[{"href":"https:\/\/www.nationalturk.com\/tr\/wp-json\/wp\/v2\/posts\/139971","targetHints":{"allow":["GET"]}}],"collection":[{"href":"https:\/\/www.nationalturk.com\/tr\/wp-json\/wp\/v2\/posts"}],"about":[{"href":"https:\/\/www.nationalturk.com\/tr\/wp-json\/wp\/v2\/types\/post"}],"author":[{"embeddable":true,"href":"https:\/\/www.nationalturk.com\/tr\/wp-json\/wp\/v2\/users\/9192221"}],"replies":[{"embeddable":true,"href":"https:\/\/www.nationalturk.com\/tr\/wp-json\/wp\/v2\/comments?post=139971"}],"version-history":[{"count":0,"href":"https:\/\/www.nationalturk.com\/tr\/wp-json\/wp\/v2\/posts\/139971\/revisions"}],"wp:featuredmedia":[{"embeddable":true,"href":"https:\/\/www.nationalturk.com\/tr\/wp-json\/wp\/v2\/media\/178584"}],"wp:attachment":[{"href":"https:\/\/www.nationalturk.com\/tr\/wp-json\/wp\/v2\/media?parent=139971"}],"wp:term":[{"taxonomy":"category","embeddable":true,"href":"https:\/\/www.nationalturk.com\/tr\/wp-json\/wp\/v2\/categories?post=139971"},{"taxonomy":"post_tag","embeddable":true,"href":"https:\/\/www.nationalturk.com\/tr\/wp-json\/wp\/v2\/tags?post=139971"}],"curies":[{"name":"wp","href":"https:\/\/api.w.org\/{rel}","templated":true}]}}