{"id":139991,"date":"2013-06-26T23:38:02","date_gmt":"2013-06-26T20:38:02","guid":{"rendered":"http:\/\/www.nationalturk.com\/?p=139991"},"modified":"2013-06-26T23:38:02","modified_gmt":"2013-06-26T20:38:02","slug":"beren-saat-ilk-tweeti-gezi-parki-icin-139991","status":"publish","type":"post","link":"https:\/\/www.nationalturk.com\/tr\/beren-saat-ilk-tweeti-gezi-parki-icin-139991\/","title":{"rendered":"Beren Saat&#8217;in ilk tweeti &#8221;Gezi Park\u0131&#8221; i\u00e7in!"},"content":{"rendered":"<h1><a href=\"http:\/\/www.nationalturk.com\/tr\/wp-content\/uploads\/2013\/06\/beren-saat-basin.jpg\"><img loading=\"lazy\" decoding=\"async\" class=\"size-large wp-image-139992 alignleft\" alt=\"beren-saat-basin\" src=\"http:\/\/www.nationalturk.com\/tr\/wp-content\/uploads\/2013\/06\/beren-saat-basin-266x400.jpg\" width=\"266\" height=\"400\" title=\"\" srcset=\"https:\/\/www.nationalturk.com\/tr\/wp-content\/uploads\/2013\/06\/beren-saat-basin-266x400.jpg 266w, https:\/\/www.nationalturk.com\/tr\/wp-content\/uploads\/2013\/06\/beren-saat-basin-146x220.jpg 146w, https:\/\/www.nationalturk.com\/tr\/wp-content\/uploads\/2013\/06\/beren-saat-basin.jpg 313w\" sizes=\"auto, (max-width: 266px) 100vw, 266px\" \/><\/a>Gezi Park\u0131 eylemleri s\u00fcresince sessiz kald\u0131\u011f\u0131 i\u00e7in ele\u015ftirilerin hedefi olan Oyuncu Beren Saat ,konuyla ilgili ilk kez a\u00e7\u0131klama yapt\u0131.<\/h1>\n<p>CumCuma&#8217;n\u0131n haberine g\u00f6re \u00d6zel bir markan\u0131n bas\u0131n toplant\u0131s\u0131nda konu\u015fan Beren Saat, Gezi Park\u0131 eylemlerini hakl\u0131 buldu\u011funu s\u00f6ylerken, &#8216;Halk karar alma s\u00fcrecine dahil olmak istiyor&#8217; diye konu\u015ftu. Ya\u015fanan olaylar kar\u015f\u0131s\u0131nda g\u00f6sterilen tepkinin kendisini mutlu etti\u011fini de s\u00f6yleyen g\u00fczel oyuncu, bir \u00e7ok \u00fcnl\u00fcn\u00fcn de kulland\u0131\u011f\u0131 twitter da ilk tweet\u2019i Gezi Park\u0131 eylemleri i\u00e7in att\u0131\u011f\u0131n\u0131 belirtti.<\/p>\n<p>Beren saat eylemleri destekledi\u011fini ayr\u0131ca, insanlar\u0131n art\u0131k bir \u015feyler s\u00f6ylemesi gerekti\u011fine inand\u0131\u011f\u0131n\u0131 belirtti. Memet Ali Alabora\u2019n\u0131n fi\u015flenmesi konusuna da de\u011finen Saat, t\u00fcm bu ya\u015fananlar\u0131 k\u0131nad\u0131\u011f\u0131n\u0131 s\u00f6yleyerek Alabora&#8217;y\u0131, oyuncular\u0131n hakk\u0131n\u0131 arayan ve ayd\u0131n bir ki\u015fi olarak tan\u0131mlad\u0131.<\/p>\n<p>Kaynak : CumCuma<\/p>\n<div class=\"a-single a-377\"><iframe style=\"width:610px; height:125px;\" name=\"610x90\" marginWidth=\"0\" frameSpacing=\"0\" marginHeight=\"0\" frameBorder=\"0\" scrolling=\"no\" target=\"_self\" src=\"http:\/\/www.ajansreklam.net\/reklam\/brezilya-610x90.php\"><\/iframe><\/div>\n","protected":false},"excerpt":{"rendered":"<p>Gezi Park\u0131 eylemleri s\u00fcresince sessiz kald\u0131\u011f\u0131 i\u00e7in ele\u015ftirilerin hedefi olan Oyuncu Beren Saat ,konuyla ilgili ilk kez a\u00e7\u0131klama yapt\u0131.<\/p>\n","protected":false},"author":9192221,"featured_media":178579,"comment_status":"open","ping_status":"open","sticky":false,"template":"","format":"standard","meta":{"_acf_changed":false,"footnotes":""},"categories":[6155,6232,5005,6805],"tags":[15624,92829,131226,98684,48055],"class_list":["post-139991","post","type-post","status-publish","format-standard","has-post-thumbnail","hentry","category-gundem","category-magazin","category-manset","category-turkiye","tag-beren-saat","tag-gezi-parki","tag-gezi-parki-olaylari","tag-memet-ali-alabora","tag-twitter"],"acf":[],"_links":{"self":[{"href":"https:\/\/www.nationalturk.com\/tr\/wp-json\/wp\/v2\/posts\/139991","targetHints":{"allow":["GET"]}}],"collection":[{"href":"https:\/\/www.nationalturk.com\/tr\/wp-json\/wp\/v2\/posts"}],"about":[{"href":"https:\/\/www.nationalturk.com\/tr\/wp-json\/wp\/v2\/types\/post"}],"author":[{"embeddable":true,"href":"https:\/\/www.nationalturk.com\/tr\/wp-json\/wp\/v2\/users\/9192221"}],"replies":[{"embeddable":true,"href":"https:\/\/www.nationalturk.com\/tr\/wp-json\/wp\/v2\/comments?post=139991"}],"version-history":[{"count":0,"href":"https:\/\/www.nationalturk.com\/tr\/wp-json\/wp\/v2\/posts\/139991\/revisions"}],"wp:featuredmedia":[{"embeddable":true,"href":"https:\/\/www.nationalturk.com\/tr\/wp-json\/wp\/v2\/media\/178579"}],"wp:attachment":[{"href":"https:\/\/www.nationalturk.com\/tr\/wp-json\/wp\/v2\/media?parent=139991"}],"wp:term":[{"taxonomy":"category","embeddable":true,"href":"https:\/\/www.nationalturk.com\/tr\/wp-json\/wp\/v2\/categories?post=139991"},{"taxonomy":"post_tag","embeddable":true,"href":"https:\/\/www.nationalturk.com\/tr\/wp-json\/wp\/v2\/tags?post=139991"}],"curies":[{"name":"wp","href":"https:\/\/api.w.org\/{rel}","templated":true}]}}