{"id":140260,"date":"2013-06-29T11:10:40","date_gmt":"2013-06-29T08:10:40","guid":{"rendered":"http:\/\/www.nationalturk.com\/?p=140260"},"modified":"2013-06-29T11:11:46","modified_gmt":"2013-06-29T08:11:46","slug":"mandelanin-ailesi-mezar-mahkeme-140260","status":"publish","type":"post","link":"https:\/\/www.nationalturk.com\/tr\/mandelanin-ailesi-mezar-mahkeme-140260\/","title":{"rendered":"Mandela&#8217;n\u0131n ailesi, mezar y\u00fcz\u00fcnden mahkemelik oldu"},"content":{"rendered":"<h1><a href=\"http:\/\/www.nationalturk.com\/tr\/wp-content\/uploads\/2013\/06\/mandela-ailesi-mezar.jpg\"><img loading=\"lazy\" decoding=\"async\" class=\"alignleft size-medium wp-image-140261\" alt=\"Mandela&#039;n\u0131n ailesi, mezar y\u00fcz\u00fcnden mahkemelik oldu\" src=\"http:\/\/www.nationalturk.com\/tr\/wp-content\/uploads\/2013\/06\/mandela-ailesi-mezar-280x158.jpg\" width=\"280\" height=\"158\" title=\"\" srcset=\"https:\/\/www.nationalturk.com\/tr\/wp-content\/uploads\/2013\/06\/mandela-ailesi-mezar-280x158.jpg 280w, https:\/\/www.nationalturk.com\/tr\/wp-content\/uploads\/2013\/06\/mandela-ailesi-mezar-610x344.jpg 610w, https:\/\/www.nationalturk.com\/tr\/wp-content\/uploads\/2013\/06\/mandela-ailesi-mezar.jpg 620w\" sizes=\"auto, (max-width: 280px) 100vw, 280px\" \/><\/a>G\u00fcney Afrika&#8217;n\u0131n Nobel \u00f6d\u00fcll\u00fc eski Devlet Ba\u015fkan\u0131 Nelson Mandela hastanede ya\u015fam sava\u015f\u0131 vermeye devam ediyor.<\/h1>\n<p>Ailesi,\u00f6mr\u00fcn\u00fc halk\u0131n \u00f6zg\u00fcrl\u00fc\u011f\u00fcne adayan Mandela&#8217;n\u0131n \u00f6l\u00fcnce nereye g\u00f6m\u00fclece\u011fi konusunda mahkemelik oldu.<\/p>\n<p>Ulusal yay\u0131n organ\u0131 SABC, Mandela&#8217;n\u0131n b\u00fcy\u00fck k\u0131z\u0131 Makaziwe ile ailenin di\u011fer 15 \u00fcyesinin, ye\u011fenleri Mandla Mandela&#8217;ya kar\u015f\u0131 \u015fikayet ba\u015fvurusunda bulundu\u011funu bildirdi.<\/p>\n<p>Makaziwe, 2011 y\u0131l\u0131nda 3 karde\u015finin cenazesini Qunu k\u00f6y\u00fcndeki mezarlar\u0131ndan \u00e7\u0131kar\u0131p 20 kilometre uzakl\u0131ktaki Mvezo k\u00f6y\u00fcnde ba\u015fka bir mezarl\u0131\u011fa defneden Mandla&#8217;n\u0131n cenazeleri eski yerlerine g\u00f6ndermesini istiyor.<\/p>\n<p>G\u00fcney Afrika Bas\u0131n Birli\u011fi&#8217;ne g\u00f6re, Mandla Mandela, dedesinin do\u011fum yeri olan Mvezo k\u00f6y\u00fcnde Mandela ailesine ait bir kabristan\u0131n yan\u0131 s\u0131ra bir otel ve futbol stadyumu in\u015fa etmek istiyor.<\/p>\n<p>Tekrarlayan akci\u011fer enfeksiyonu nedeniyle 8 Haziran&#8217;dan bu yana hastanede tedavi g\u00f6ren ve hafta ba\u015f\u0131nda durumu a\u011f\u0131rla\u015fan Nelson Mandela, emeklilik g\u00fcnlerini ge\u00e7irmek i\u00e7in Qunu k\u00f6y\u00fcnde kendisine bir ev yapt\u0131rm\u0131\u015ft\u0131. Kaybetti\u011fi 3 \u00e7ocu\u011funu Qunu&#8217;daki aile mezarl\u0131\u011f\u0131na defneden Mandela&#8217;n\u0131n \u00f6l\u00fcm\u00fcn\u00fcn ard\u0131ndan buraya g\u00f6m\u00fclmek istedi\u011fi san\u0131l\u0131yor.<\/p>\n<p>Mandla ise dedesinin do\u011fum yeri olan Mvezo&#8217;da g\u00f6m\u00fclmesinin daha do\u011fru olaca\u011f\u0131n\u0131 ileri s\u00fcr\u00fcyor.<\/p>\n<p>\u0130lk e\u015fi Evelyn Mase ve ikinci e\u015fi Winnie Madikizela&#8217;dan 6 \u00e7ocu\u011fu olan Mandela&#8217;n\u0131n 17 torunu var. 1947&#8217;de do\u011fan ilk \u00e7ocu\u011fu Maki&#8217;yi hen\u00fcz 9 ayl\u0131kken kaybeden Mandela&#8217;n\u0131n o\u011fullar\u0131ndan Madiba &#8220;Thembi&#8221; Thembekile 1969&#8217;da, Makgatho Mandela ise 2005&#8217;te ya\u015fam\u0131n\u0131 yitirmi\u015fti.<\/p>\n<!-- Error, Advert is not available at this time due to schedule\/geolocation restrictions! -->\n","protected":false},"excerpt":{"rendered":"<p>G\u00fcney Afrika&#8217;n\u0131n Nobel \u00f6d\u00fcll\u00fc eski Devlet Ba\u015fkan\u0131 Nelson Mandela hastanede ya\u015fam sava\u015f\u0131 vermeye devam ediyor.<\/p>\n","protected":false},"author":3,"featured_media":178525,"comment_status":"open","ping_status":"open","sticky":false,"template":"","format":"standard","meta":{"_acf_changed":false,"footnotes":""},"categories":[6767,6665,6155,5005],"tags":[601,30261,94016,27327,5604],"class_list":["post-140260","post","type-post","status-publish","format-standard","has-post-thumbnail","hentry","category-afrika","category-dunya","category-gundem","category-manset","tag-guney-afrika","tag-mandela","tag-mandela-saglik-durumu","tag-nelson-mandela","tag-nobel"],"acf":[],"_links":{"self":[{"href":"https:\/\/www.nationalturk.com\/tr\/wp-json\/wp\/v2\/posts\/140260","targetHints":{"allow":["GET"]}}],"collection":[{"href":"https:\/\/www.nationalturk.com\/tr\/wp-json\/wp\/v2\/posts"}],"about":[{"href":"https:\/\/www.nationalturk.com\/tr\/wp-json\/wp\/v2\/types\/post"}],"author":[{"embeddable":true,"href":"https:\/\/www.nationalturk.com\/tr\/wp-json\/wp\/v2\/users\/3"}],"replies":[{"embeddable":true,"href":"https:\/\/www.nationalturk.com\/tr\/wp-json\/wp\/v2\/comments?post=140260"}],"version-history":[{"count":0,"href":"https:\/\/www.nationalturk.com\/tr\/wp-json\/wp\/v2\/posts\/140260\/revisions"}],"wp:featuredmedia":[{"embeddable":true,"href":"https:\/\/www.nationalturk.com\/tr\/wp-json\/wp\/v2\/media\/178525"}],"wp:attachment":[{"href":"https:\/\/www.nationalturk.com\/tr\/wp-json\/wp\/v2\/media?parent=140260"}],"wp:term":[{"taxonomy":"category","embeddable":true,"href":"https:\/\/www.nationalturk.com\/tr\/wp-json\/wp\/v2\/categories?post=140260"},{"taxonomy":"post_tag","embeddable":true,"href":"https:\/\/www.nationalturk.com\/tr\/wp-json\/wp\/v2\/tags?post=140260"}],"curies":[{"name":"wp","href":"https:\/\/api.w.org\/{rel}","templated":true}]}}