{"id":140284,"date":"2013-06-29T14:55:10","date_gmt":"2013-06-29T11:55:10","guid":{"rendered":"http:\/\/www.nationalturk.com\/?p=140284"},"modified":"2013-06-29T14:55:10","modified_gmt":"2013-06-29T11:55:10","slug":"arjantinli-oscar-scarione-kasimpasada-transfer-haberleri-140284","status":"publish","type":"post","link":"https:\/\/www.nationalturk.com\/tr\/arjantinli-oscar-scarione-kasimpasada-transfer-haberleri-140284\/","title":{"rendered":"Arjantinli Oscar Scarione Kas\u0131mpa\u015fa&#8217;da \/ Transfer Haberleri"},"content":{"rendered":"<h1><img loading=\"lazy\" decoding=\"async\" class=\"alignnone size-large wp-image-140285\" alt=\"Oscar Scarione Kas\u0131mpa\u015fa\" src=\"http:\/\/www.nationalturk.com\/tr\/wp-content\/uploads\/2013\/06\/oscar_scarione_kasimpasa-610x339.jpg\" width=\"610\" height=\"339\" title=\"\" srcset=\"https:\/\/www.nationalturk.com\/tr\/wp-content\/uploads\/2013\/06\/oscar_scarione_kasimpasa-610x339.jpg 610w, https:\/\/www.nationalturk.com\/tr\/wp-content\/uploads\/2013\/06\/oscar_scarione_kasimpasa-280x155.jpg 280w, https:\/\/www.nationalturk.com\/tr\/wp-content\/uploads\/2013\/06\/oscar_scarione_kasimpasa.jpg 680w\" sizes=\"auto, (max-width: 610px) 100vw, 610px\" \/><\/h1>\n<h1>Fenerbah\u00e7e ve Be\u015fikta\u015f&#8217;\u0131n ceza almas\u0131ndan sonra UEFA Avrupa Ligi kap\u0131s\u0131 a\u00e7\u0131lan Kas\u0131mpa\u015fa fla\u015f transferlerine devam ediyor. \u0130svi\u00e7re Ligi&#8217;nin gol kral\u0131 Arjantinli Oscar Scarione Kas\u0131mpa\u015fa&#8217;da \/ Transfer Haberleri&#8230;<\/h1>\n<p>Kas\u0131mpa\u015fa, Ryan Babel, Ryan Donk, Sanharib Malki&#8217;den sonra \u0130svi\u00e7re&#8217;nin St. Gallen tak\u0131m\u0131nda ge\u00e7en sezon 21 gol atan 28 ya\u015f\u0131ndaki Oscar Scarione ile 3 y\u0131ll\u0131k anla\u015fmaya vard\u0131.\u00a0Arjantinli oyuncu yar\u0131n \u0130stanbul&#8217;a gelecek ve kendisini Kas\u0131mpa\u015fa&#8217;ya ba\u011flayan resmi s\u00f6zle\u015fmeye imza atacak. Oscar, tak\u0131m\u0131yla ilk idman\u0131na ise 1 Temmuz Pazartesi g\u00fcn\u00fc \u00e7\u0131kacak.<\/p>\n<p>Kariyerine \u00fclkesinin Boca Juniors tak\u0131m\u0131n\u0131n altyap\u0131s\u0131nda ba\u015flayan daha sonra Ekvator&#8217;un Deportivo Cuenca ekibine transfer olan Oscar, 2006 y\u0131l\u0131ndan beri \u0130svi\u00e7re Ligi&#8217;nde forma giyiyordu.<\/p>\n<div class=\"a-single a-377\"><iframe style=\"width:610px; height:125px;\" name=\"610x90\" marginWidth=\"0\" frameSpacing=\"0\" marginHeight=\"0\" frameBorder=\"0\" scrolling=\"no\" target=\"_self\" src=\"http:\/\/www.ajansreklam.net\/reklam\/brezilya-610x90.php\"><\/iframe><\/div>\n","protected":false},"excerpt":{"rendered":"<p>Fenerbah\u00e7e ve Be\u015fikta\u015f&#8217;\u0131n ceza almas\u0131ndan sonra UEFA Avrupa Ligi kap\u0131s\u0131 a\u00e7\u0131lan Kas\u0131mpa\u015fa fla\u015f transferlerine devam ediyor. \u0130svi\u00e7re Ligi&#8217;nin gol kral\u0131 Arjantinli Oscar Scarione Kas\u0131mpa\u015fa&#8217;da \/ Transfer Haberleri&#8230;<\/p>\n","protected":false},"author":4,"featured_media":178523,"comment_status":"open","ping_status":"open","sticky":false,"template":"","format":"standard","meta":{"_acf_changed":false,"footnotes":""},"categories":[6774,6194],"tags":[106563,30867,20245],"class_list":["post-140284","post","type-post","status-publish","format-standard","has-post-thumbnail","hentry","category-futbol","category-spor","tag-kasimpasa-transfer","tag-ryan-babel","tag-transfer"],"acf":[],"_links":{"self":[{"href":"https:\/\/www.nationalturk.com\/tr\/wp-json\/wp\/v2\/posts\/140284","targetHints":{"allow":["GET"]}}],"collection":[{"href":"https:\/\/www.nationalturk.com\/tr\/wp-json\/wp\/v2\/posts"}],"about":[{"href":"https:\/\/www.nationalturk.com\/tr\/wp-json\/wp\/v2\/types\/post"}],"author":[{"embeddable":true,"href":"https:\/\/www.nationalturk.com\/tr\/wp-json\/wp\/v2\/users\/4"}],"replies":[{"embeddable":true,"href":"https:\/\/www.nationalturk.com\/tr\/wp-json\/wp\/v2\/comments?post=140284"}],"version-history":[{"count":0,"href":"https:\/\/www.nationalturk.com\/tr\/wp-json\/wp\/v2\/posts\/140284\/revisions"}],"wp:featuredmedia":[{"embeddable":true,"href":"https:\/\/www.nationalturk.com\/tr\/wp-json\/wp\/v2\/media\/178523"}],"wp:attachment":[{"href":"https:\/\/www.nationalturk.com\/tr\/wp-json\/wp\/v2\/media?parent=140284"}],"wp:term":[{"taxonomy":"category","embeddable":true,"href":"https:\/\/www.nationalturk.com\/tr\/wp-json\/wp\/v2\/categories?post=140284"},{"taxonomy":"post_tag","embeddable":true,"href":"https:\/\/www.nationalturk.com\/tr\/wp-json\/wp\/v2\/tags?post=140284"}],"curies":[{"name":"wp","href":"https:\/\/api.w.org\/{rel}","templated":true}]}}