{"id":140323,"date":"2013-06-29T22:38:21","date_gmt":"2013-06-29T19:38:21","guid":{"rendered":"http:\/\/www.nationalturk.com\/?p=140323"},"modified":"2013-06-29T22:38:22","modified_gmt":"2013-06-29T19:38:22","slug":"ruhaniden-basbakan-erdogana-tesekkur-mesaji-140323","status":"publish","type":"post","link":"https:\/\/www.nationalturk.com\/tr\/ruhaniden-basbakan-erdogana-tesekkur-mesaji-140323\/","title":{"rendered":"Ruhani&#8217;den Ba\u015fbakan Erdo\u011fan&#8217;a te\u015fekk\u00fcr mesaj\u0131!"},"content":{"rendered":"<h1><img loading=\"lazy\" decoding=\"async\" class=\"aligncenter size-full wp-image-140324\" alt=\"hasan-ruhani\" src=\"http:\/\/www.nationalturk.com\/tr\/wp-content\/uploads\/2013\/06\/hasan-ruhani.jpg\" width=\"400\" height=\"267\" title=\"\" srcset=\"https:\/\/www.nationalturk.com\/tr\/wp-content\/uploads\/2013\/06\/hasan-ruhani.jpg 400w, https:\/\/www.nationalturk.com\/tr\/wp-content\/uploads\/2013\/06\/hasan-ruhani-280x186.jpg 280w\" sizes=\"auto, (max-width: 400px) 100vw, 400px\" \/>\u0130ran&#8217;\u0131n yeni Cumhurba\u015fkan\u0131 Dr. Hasan Ruhani, T\u00fcrkiye Ba\u015fbakan\u0131 Recep Tayyip Erdo\u011fan&#8217;a te\u015fekk\u00fcr mesaj\u0131 g\u00f6nderdi.<\/h1>\n<p>\u0130ran&#8217;\u0131n yeni Cumhurba\u015fkan\u0131 Dr. Hasan Ruhani, T\u00fcrkiye Ba\u015fbakan\u0131 Recep Tayyip Erdo\u011fan&#8217;a te\u015fekk\u00fcr mesaj\u0131 g\u00f6nderdi.\u00a0Dr. Hasan Ruhani kendisini kutlayan Ba\u015fbakan Erdo\u011fan&#8217;a bir te\u015fekk\u00fcr mesaj\u0131 g\u00f6ndererek, kom\u015fularla \u00e7ok y\u00f6nl\u00fc ili\u015fkilerin geli\u015ftirilmesinin yeni y\u00f6netimin d\u0131\u015f politika \u00f6nceli\u011finin olaca\u011f\u0131n\u0131 belirtti.<\/p>\n<p>\u0130ran ve T\u00fcrkiye milletlerinin e\u015fsiz k\u00fclt\u00fcrel ve tarihi ortakl\u0131klar\u0131 payla\u015ft\u0131klar\u0131n\u0131 belirten Hasan Ruhani, bu ortakl\u0131klar\u0131n d\u00fcnyan\u0131n hassas b\u00f6lgesinde ve \u015fimdiki \u015fartlarda g\u00fcvenlik ve istikrara vesile olmas\u0131n\u0131 diledi.<\/p>\n<div class=\"a-single a-377\"><iframe style=\"width:610px; height:125px;\" name=\"610x90\" marginWidth=\"0\" frameSpacing=\"0\" marginHeight=\"0\" frameBorder=\"0\" scrolling=\"no\" target=\"_self\" src=\"http:\/\/www.ajansreklam.net\/reklam\/brezilya-610x90.php\"><\/iframe><\/div>\n<p>&nbsp;<\/p>\n","protected":false},"excerpt":{"rendered":"<p>\u0130ran&#8217;\u0131n yeni Cumhurba\u015fkan\u0131 Dr. Hasan Ruhani, T\u00fcrkiye Ba\u015fbakan\u0131 Recep Tayyip Erdo\u011fan&#8217;a te\u015fekk\u00fcr mesaj\u0131 g\u00f6nderdi.<\/p>\n","protected":false},"author":9192221,"featured_media":140324,"comment_status":"open","ping_status":"open","sticky":false,"template":"","format":"standard","meta":{"_acf_changed":false,"footnotes":""},"categories":[6770,6155,5005,6772,6202,349,6805],"tags":[133024,132282,10055],"class_list":["post-140323","post","type-post","status-publish","format-standard","has-post-thumbnail","hentry","category-avrupa","category-gundem","category-manset","category-ortadogu","category-politika","category-son-dakika","category-turkiye","tag-basbakan-erdogam","tag-hasan-ruhani","tag-iran-cumhurbaskani"],"acf":[],"_links":{"self":[{"href":"https:\/\/www.nationalturk.com\/tr\/wp-json\/wp\/v2\/posts\/140323","targetHints":{"allow":["GET"]}}],"collection":[{"href":"https:\/\/www.nationalturk.com\/tr\/wp-json\/wp\/v2\/posts"}],"about":[{"href":"https:\/\/www.nationalturk.com\/tr\/wp-json\/wp\/v2\/types\/post"}],"author":[{"embeddable":true,"href":"https:\/\/www.nationalturk.com\/tr\/wp-json\/wp\/v2\/users\/9192221"}],"replies":[{"embeddable":true,"href":"https:\/\/www.nationalturk.com\/tr\/wp-json\/wp\/v2\/comments?post=140323"}],"version-history":[{"count":0,"href":"https:\/\/www.nationalturk.com\/tr\/wp-json\/wp\/v2\/posts\/140323\/revisions"}],"wp:featuredmedia":[{"embeddable":true,"href":"https:\/\/www.nationalturk.com\/tr\/wp-json\/wp\/v2\/media\/140324"}],"wp:attachment":[{"href":"https:\/\/www.nationalturk.com\/tr\/wp-json\/wp\/v2\/media?parent=140323"}],"wp:term":[{"taxonomy":"category","embeddable":true,"href":"https:\/\/www.nationalturk.com\/tr\/wp-json\/wp\/v2\/categories?post=140323"},{"taxonomy":"post_tag","embeddable":true,"href":"https:\/\/www.nationalturk.com\/tr\/wp-json\/wp\/v2\/tags?post=140323"}],"curies":[{"name":"wp","href":"https:\/\/api.w.org\/{rel}","templated":true}]}}