{"id":140571,"date":"2013-07-02T16:35:35","date_gmt":"2013-07-02T13:35:35","guid":{"rendered":"http:\/\/www.nationalturk.com\/?p=140571"},"modified":"2013-07-02T16:38:55","modified_gmt":"2013-07-02T13:38:55","slug":"lavrov-kerry-gorusmesi-sona-erdi-rus-bakan-gazeteciyi-tersledi-140571","status":"publish","type":"post","link":"https:\/\/www.nationalturk.com\/tr\/lavrov-kerry-gorusmesi-sona-erdi-rus-bakan-gazeteciyi-tersledi-140571\/","title":{"rendered":"Lavrov &#8211; Kerry g\u00f6r\u00fc\u015fmesi sona erdi! Rus bakan gazeteciyi tersledi"},"content":{"rendered":"<h1><img loading=\"lazy\" decoding=\"async\" class=\"alignleft size-medium wp-image-140572\" alt=\"Sergey Lavrov, Kerry\" src=\"http:\/\/www.nationalturk.com\/tr\/wp-content\/uploads\/2013\/07\/lavrov_kerry-280x189.jpg\" width=\"280\" height=\"189\" title=\"\" srcset=\"https:\/\/www.nationalturk.com\/tr\/wp-content\/uploads\/2013\/07\/lavrov_kerry-280x189.jpg 280w, https:\/\/www.nationalturk.com\/tr\/wp-content\/uploads\/2013\/07\/lavrov_kerry.jpg 512w\" sizes=\"auto, (max-width: 280px) 100vw, 280px\" \/>ABD D\u0131\u015fi\u015fleri Bakan\u0131 John Kerry ile Rusya D\u0131\u015fi\u015fleri Bakan\u0131 Sergey Lavrov&#8217;un Brunei&#8217;deki bir bu\u00e7uk saatlik g\u00f6r\u00fc\u015fmesinin ard\u0131ndan Kerry a\u00e7\u0131klamalarda bulundu.<\/h1>\n<p>G\u00fcneydo\u011fu Asya Uluslar Toplulu\u011fu (ASEAN) toplant\u0131lar\u0131na kat\u0131lmak \u00fczere Brunei&#8217;de bulunan Kerry, Rusya D\u0131\u015fi\u015fleri Bakan\u0131 Sergey Lavrov ile 90 dakikay\u0131 a\u015fan g\u00f6r\u00fc\u015fmesinin ard\u0131ndan, ABD&#8217;nin Brunei B\u00fcy\u00fckel\u00e7ili\u011fi \u00f6n\u00fcnde bas\u0131na a\u00e7\u0131klamada bulundu.\u00a0\u0130ki \u00fclkenin de Suriye toplant\u0131s\u0131n\u0131n en k\u0131sa zamanda yap\u0131lmas\u0131n\u0131 istedi\u011fini vurgulayan Kerry, \u00f6te yandan bunun a\u011fustosa kadar m\u00fcmk\u00fcn olamayabilece\u011fini de kabul ettiklerini belirtti.\u00a0Rusya ve ABD&#8217;nin birlikte \u00e7al\u0131\u015fmas\u0131 durumunda fark yaratabilecekleri konusunda hemfikir olduklar\u0131n\u0131 s\u00f6yleyen Kerry, Suriye devletini kurtaracak ve zarar\u0131 en aza indirecek bar\u0131\u015f\u00e7\u0131 bir \u00e7\u00f6z\u00fcm\u00fcn en iyi yol oldu\u011funu ve bunu sa\u011flamaya gayret etmek gibi bir y\u00fck\u00fcml\u00fcl\u00fcklerinin bulundu\u011funu vurgulad\u0131.\u00a0John Kerry, Suriye konusundaki ilk uluslararas\u0131 konferansta Suriye i\u00e7in bir ge\u00e7i\u015f h\u00fck\u00fcmeti kurulmas\u0131 \u00e7a\u011fr\u0131s\u0131nda bulunuldu\u011funu da hat\u0131rlatt\u0131.<\/p>\n<p>G\u00f6r\u00fc\u015fmede, ABD Ulusal G\u00fcvenlik Ajans\u0131&#8217;n\u0131n (NSA) d\u00fcnyada milyonlarca ki\u015finin telefon ve internet kay\u0131tlar\u0131n\u0131 izledi\u011fi bilgisini bas\u0131na s\u0131zd\u0131ran Edward Snowden ile ilgili konulara da k\u0131saca de\u011findiklerini kaydeden Kerry, Rus mevkida\u015f\u0131na ABD&#8217;nin bu konudaki endi\u015felerini aktard\u0131\u011f\u0131n\u0131 s\u00f6yledi.<\/p>\n<h2>Lavrov gazeteciyi tersledi<\/h2>\n<p>G\u00f6r\u00fc\u015fmeden \u00f6nce bir gazetecinin Snowden&#8217;a s\u0131\u011f\u0131nma hakk\u0131 verilmesini g\u00f6r\u00fc\u015f\u00fcp g\u00f6r\u00fc\u015fmeyeceklerini sormas\u0131 \u00fczerine Lavrov, onu tersleyerek, &#8220;Bana ba\u011f\u0131rma, l\u00fctfen&#8221; dedi. Olay\u0131n \u00fczerine Kerry, Lavrov&#8217;a yol g\u00f6stererek e\u015flik etti, gazetecilere de birka\u00e7 konu \u00fczerinde konu\u015facaklar\u0131n\u0131 s\u00f6yledi.<\/p>\n<p>Yakla\u015f\u0131k 90 dakika s\u00fcren toplant\u0131n\u0131n ard\u0131ndan Lavrov, &#8220;G\u00f6r\u00fc\u015fme \u00e7ok iyi ge\u00e7ti&#8221; demekle yetindi.<\/p>\n<p>\u0130sminin gizli kalmas\u0131n\u0131 isteyen Amerikal\u0131 \u00fc\u00e7 yetkili, Washington&#8217;\u0131n Rusya&#8217;y\u0131, Snowden&#8217;\u0131 s\u0131n\u0131r d\u0131\u015f\u0131 etmesi i\u00e7in ikna etmeye \u00e7al\u0131\u015ft\u0131\u011f\u0131n\u0131 s\u00f6yledi. ABD&#8217;nin, Snowden&#8217;\u0131n do\u011frudan iade edilmesini ya da onu ABD&#8217;ye teslim edecek \u00fc\u00e7\u00fcnc\u00fc bir \u00fclkeye, b\u00fcy\u00fck olas\u0131l\u0131kla bir Do\u011fu Avrupa \u00fclkesine g\u00f6nderilmesini istedi\u011fi ifade ediliyor .<\/p>\n<p>Toplant\u0131n\u0131n ard\u0131ndan kendisini izleyen gazetecilerden rahats\u0131z olan Lavrov&#8217;un, &#8220;Yolday\u0131m \u00e7\u00fcnk\u00fc \u00f6\u011fle yeme\u011fini ka\u00e7\u0131rd\u0131m. Siz kesinlikle \u00e7\u0131lg\u0131ns\u0131n\u0131z. Nas\u0131l b\u00f6yle \u00e7al\u0131\u015fabildi\u011finizi bilmiyorum&#8221; s\u00f6zleri dikkati \u00e7ekti.<\/p>\n<!-- Error, Advert is not available at this time due to schedule\/geolocation restrictions! -->\n","protected":false},"excerpt":{"rendered":"<p>ABD D\u0131\u015fi\u015fleri Bakan\u0131 John Kerry ile Rusya D\u0131\u015fi\u015fleri Bakan\u0131 Sergey Lavrov&#8217;un Brunei&#8217;deki bir bu\u00e7uk saatlik g\u00f6r\u00fc\u015fmesinin ard\u0131ndan Kerry a\u00e7\u0131klamalarda bulundu.<\/p>\n","protected":false},"author":4,"featured_media":178481,"comment_status":"open","ping_status":"open","sticky":false,"template":"","format":"standard","meta":{"_acf_changed":false,"footnotes":""},"categories":[6768,6770,6665,6155,6202],"tags":[1887,51749,133960,132317,77541,132316,721,27534,133864],"class_list":["post-140571","post","type-post","status-publish","format-standard","has-post-thumbnail","hentry","category-amerika","category-avrupa","category-dunya","category-gundem","category-politika","tag-abd","tag-abd-rusya","tag-brunei","tag-edward-snowden","tag-john-kerry","tag-nsa","tag-rusya","tag-sergey-lavrov","tag-snowden-rusya"],"acf":[],"_links":{"self":[{"href":"https:\/\/www.nationalturk.com\/tr\/wp-json\/wp\/v2\/posts\/140571","targetHints":{"allow":["GET"]}}],"collection":[{"href":"https:\/\/www.nationalturk.com\/tr\/wp-json\/wp\/v2\/posts"}],"about":[{"href":"https:\/\/www.nationalturk.com\/tr\/wp-json\/wp\/v2\/types\/post"}],"author":[{"embeddable":true,"href":"https:\/\/www.nationalturk.com\/tr\/wp-json\/wp\/v2\/users\/4"}],"replies":[{"embeddable":true,"href":"https:\/\/www.nationalturk.com\/tr\/wp-json\/wp\/v2\/comments?post=140571"}],"version-history":[{"count":0,"href":"https:\/\/www.nationalturk.com\/tr\/wp-json\/wp\/v2\/posts\/140571\/revisions"}],"wp:featuredmedia":[{"embeddable":true,"href":"https:\/\/www.nationalturk.com\/tr\/wp-json\/wp\/v2\/media\/178481"}],"wp:attachment":[{"href":"https:\/\/www.nationalturk.com\/tr\/wp-json\/wp\/v2\/media?parent=140571"}],"wp:term":[{"taxonomy":"category","embeddable":true,"href":"https:\/\/www.nationalturk.com\/tr\/wp-json\/wp\/v2\/categories?post=140571"},{"taxonomy":"post_tag","embeddable":true,"href":"https:\/\/www.nationalturk.com\/tr\/wp-json\/wp\/v2\/tags?post=140571"}],"curies":[{"name":"wp","href":"https:\/\/api.w.org\/{rel}","templated":true}]}}